{"id":50718,"date":"2023-11-20T21:37:36","date_gmt":"2023-11-21T03:37:36","guid":{"rendered":"https:\/\/informativoelvalledeaguascalientes.online\/?p=50718"},"modified":"2023-11-20T21:39:48","modified_gmt":"2023-11-21T03:39:48","slug":"entrega-tere-jimenez-el-premio-estatal-del-deporte-2023-a-los-mejores-atletas-y-entrenadores-del-ano","status":"publish","type":"post","link":"https:\/\/informativoelvalledeaguascalientes.online\/?p=50718","title":{"rendered":"ENTREGA TERE JIM\u00c9NEZ EL PREMIO ESTATAL DEL DEPORTE 2023 A LOS MEJORES ATLETAS Y ENTRENADORES DEL A\u00d1O"},"content":{"rendered":"<p>#novaradioaguascalientes<\/p>\n<p>#informativoelvalledeaguascalientes<\/p>\n<p>#informativoelvalledeaguascalientesll<\/p>\n<p>#ElGigantedeMexico<\/p>\n<p>&nbsp;<\/p>\n<div id=\"bgLayers_comp-l7sh9ubr2\" class=\"MW5IWV\" data-hook=\"bgLayers\"><\/div>\n<div class=\"\" data-mesh-id=\"comp-l7sh9ubr2inlineContent\" data-testid=\"inline-content\">\n<div data-mesh-id=\"comp-l7sh9ubr2inlineContent-gridContainer\" data-testid=\"mesh-container-content\">\n<div id=\"comp-l7yvxqo2\" class=\"MazNVa comp-l7yvxqo2 wixui-image\">\n<div class=\"j7pOnl\" data-testid=\"linkElement\"><\/div>\n<\/div>\n<div id=\"comp-l7sh9ubx\" class=\"TWFxr5 \">\n<div class=\"comp-l7sh9ubx\">\n<div class=\"siSdJK4 comp-l7sh9ubx\" data-hook=\"ricosviewer-wrapper\">\n<div class=\"U4I07\" dir=\"ltr\" data-id=\"content-viewer\">\n<div class=\"hl-xW\">\n<div>\n<p id=\"viewer-foo\" class=\"-Zro6 -ZADH vVfzz AnCKd _57WYp\"><span class=\"d0767 vVfzz\">La gobernadora de Aguascalientes, Tere Jim\u00e9nez, entreg\u00f3 el Premio Estatal del Deporte 2023 a atletas y entrenadores que se distinguieron durante el presente a\u00f1o por su desempe\u00f1o, disciplina y constancia.<\/span><\/p>\n<div id=\"viewer-2euk7150\" class=\"-Zro6 -ZADH vVfzz _57WYp\"><span class=\"d0767 vVfzz\">\u00a0<\/span><\/div>\n<p id=\"viewer-7mnn1151\" class=\"-Zro6 -ZADH vVfzz AnCKd _57WYp\"><span class=\"d0767 vVfzz\">\u201cFelicitamos a estos j\u00f3venes y maestros que nos demuestran todos los d\u00edas que tenemos que seguir luchando y que las metas se consiguen con esfuerzo, dedicaci\u00f3n, disciplina y responsabilidad. Gracias por poner en alto el nombre de Aguascalientes y por ser los mejores no solo del pa\u00eds, sino del mundo\u201d, les dijo la gobernadora a los galardonados.<\/span><\/p>\n<div id=\"viewer-wd6js153\" class=\"-Zro6 -ZADH vVfzz _57WYp\"><span class=\"d0767 vVfzz\">\u00a0<\/span><\/div>\n<p id=\"viewer-9bj0j154\" class=\"-Zro6 -ZADH vVfzz AnCKd _57WYp\"><span class=\"d0767 vVfzz\">Asimismo, reiter\u00f3 su apoyo al deporte y asegur\u00f3 que se continuar\u00e1 haciendo los esfuerzos que sean necesarios para impulsar a los talentos deportivos del estado.<\/span><\/p>\n<p id=\"viewer-tjbmd156\" class=\"-Zro6 -ZADH vVfzz _57WYp\"><span class=\"d0767 vVfzz\">\u00a0<\/span><\/p>\n<p id=\"viewer-k0mqw158\" class=\"-Zro6 -ZADH vVfzz AnCKd _57WYp\"><span class=\"d0767 vVfzz\">Los deportistas que recibieron de manos de la gobernadora la m\u00e1xima presea que se otorga en el \u00e1mbito deportivo, fueron Carlos Alberto Monsiv\u00e1is Villalobos y Jos\u00e9 Juan Prieto de Luna, como Mejores Atletas Convencionales en las disciplinas de patinaje sobre ruedas y ciclismo, respectivamente; as\u00ed como Kenia Yessenia Villalobos Vargas, como Mejor Atleta Adaptado en paratriatl\u00f3n.<\/span><\/p>\n<div id=\"viewer-xaif0160\" class=\"-Zro6 -ZADH vVfzz _57WYp\"><span class=\"d0767 vVfzz\">\u00a0<\/span><\/div>\n<p id=\"viewer-4drkf161\" class=\"-Zro6 -ZADH vVfzz AnCKd _57WYp\"><span class=\"d0767 vVfzz\">Asimismo, se otorg\u00f3 el Premio Estatal del Deporte a Paulina Ubalda Mart\u00ednez P\u00e9rez, como Mejor Entrenador Convencional en patinaje sobre ruedas, y a Heriberto Olivares Villalobos, como Mejor Entrenador Adaptado en paratriatl\u00f3n; en tanto que Tanya Yarely Guzm\u00e1n Robles recibi\u00f3 una Menci\u00f3n Honor\u00edfica como Atleta Convencional en la disciplina de futbol americano.<\/span><\/p>\n<div id=\"viewer-fnzj8163\" class=\"-Zro6 -ZADH vVfzz _57WYp\"><span class=\"d0767 vVfzz\">\u00a0<\/span><\/div>\n<p id=\"viewer-p7bp3164\" class=\"-Zro6 -ZADH vVfzz AnCKd _57WYp\"><span class=\"d0767 vVfzz\">En el evento acompa\u00f1aron a la gobernadora el presidente municipal de Aguascalientes, Leo Monta\u00f1ez; el diputado Jaime Gonz\u00e1lez de Le\u00f3n, presidente de la Mesa Directiva del H. Congreso del Estado; el diputado Arturo Pi\u00f1a Alvarado; Arturo Fern\u00e1ndez Estrada, director general del Instituto del Deporte del Estado de Aguascalientes; Leonel Alcaraz Alarc\u00f3n, coordinador de la Guardia Nacional en Aguascalientes; Yv\u00e1n Romero, c\u00f3nsul honorario de M\u00e9xico en Barcelonnette, Francia; Isaac Aaron Jes\u00fas Garc\u00eda, jefe de Estado Mayor de la 14\/a. Zona Militar; Jean Pierre Demenois, entrenador y ciclista profesional.<\/span><\/p>\n<\/div>\n<\/div>\n<\/div>\n<\/div>\n<\/div>\n<\/div>\n<\/div>\n<\/div>\n","protected":false},"excerpt":{"rendered":"<p>#novaradioaguascalientes #informativoelvalledeaguascalientes #informativoelvalledeaguascalientesll #ElGigantedeMexico &nbsp; La gobernadora de Aguascalientes, Tere Jim\u00e9nez, entreg\u00f3 el Premio Estatal del Deporte 2023 a atletas y entrenadores que se distinguieron durante el presente a\u00f1o por su desempe\u00f1o, disciplina y constancia. \u00a0 \u201cFelicitamos a estos j\u00f3venes y maestros que nos demuestran todos los d\u00edas que tenemos que seguir luchando y que [&hellip;]<\/p>\n","protected":false},"author":1,"featured_media":50721,"comment_status":"closed","ping_status":"open","sticky":false,"template":"","format":"standard","meta":{"advanced_seo_description":"","jetpack_seo_html_title":"","jetpack_seo_noindex":false,"_jetpack_memberships_contains_paid_content":false,"footnotes":"","jetpack_publicize_message":"","jetpack_publicize_feature_enabled":true,"jetpack_social_post_already_shared":true,"jetpack_social_options":{"image_generator_settings":{"template":"highway","default_image_id":0,"font":"","enabled":false},"version":2}},"categories":[21,4],"tags":[22,615,113,320],"class_list":["post-50718","post","type-post","status-publish","format-standard","has-post-thumbnail","hentry","category-aguascalientes","category-gobierno-del-estado-aguascalientes","tag-aguascalientes","tag-gobierno-del-estado-de-aguascalientes","tag-idea","tag-tere-jimenez"],"jetpack_publicize_connections":[],"jetpack_featured_media_url":"https:\/\/i0.wp.com\/informativoelvalledeaguascalientes.online\/wp-content\/uploads\/2023\/11\/ResizerImage822X548.jpg?fit=822%2C548&ssl=1","jetpack-related-posts":[],"jetpack_sharing_enabled":true,"jetpack_likes_enabled":true,"_links":{"self":[{"href":"https:\/\/informativoelvalledeaguascalientes.online\/index.php?rest_route=\/wp\/v2\/posts\/50718","targetHints":{"allow":["GET"]}}],"collection":[{"href":"https:\/\/informativoelvalledeaguascalientes.online\/index.php?rest_route=\/wp\/v2\/posts"}],"about":[{"href":"https:\/\/informativoelvalledeaguascalientes.online\/index.php?rest_route=\/wp\/v2\/types\/post"}],"author":[{"embeddable":true,"href":"https:\/\/informativoelvalledeaguascalientes.online\/index.php?rest_route=\/wp\/v2\/users\/1"}],"replies":[{"embeddable":true,"href":"https:\/\/informativoelvalledeaguascalientes.online\/index.php?rest_route=%2Fwp%2Fv2%2Fcomments&post=50718"}],"version-history":[{"count":1,"href":"https:\/\/informativoelvalledeaguascalientes.online\/index.php?rest_route=\/wp\/v2\/posts\/50718\/revisions"}],"predecessor-version":[{"id":50720,"href":"https:\/\/informativoelvalledeaguascalientes.online\/index.php?rest_route=\/wp\/v2\/posts\/50718\/revisions\/50720"}],"wp:featuredmedia":[{"embeddable":true,"href":"https:\/\/informativoelvalledeaguascalientes.online\/index.php?rest_route=\/wp\/v2\/media\/50721"}],"wp:attachment":[{"href":"https:\/\/informativoelvalledeaguascalientes.online\/index.php?rest_route=%2Fwp%2Fv2%2Fmedia&parent=50718"}],"wp:term":[{"taxonomy":"category","embeddable":true,"href":"https:\/\/informativoelvalledeaguascalientes.online\/index.php?rest_route=%2Fwp%2Fv2%2Fcategories&post=50718"},{"taxonomy":"post_tag","embeddable":true,"href":"https:\/\/informativoelvalledeaguascalientes.online\/index.php?rest_route=%2Fwp%2Fv2%2Ftags&post=50718"}],"curies":[{"name":"wp","href":"https:\/\/api.w.org\/{rel}","templated":true}]}}