{"id":50650,"date":"2023-11-19T22:42:23","date_gmt":"2023-11-20T04:42:23","guid":{"rendered":"https:\/\/informativoelvalledeaguascalientes.online\/?p=50650"},"modified":"2023-11-19T22:42:23","modified_gmt":"2023-11-20T04:42:23","slug":"aguascalientes-sera-productor-mundial-de-la-transmision-cvt-xs-con-nueva-tecnologia","status":"publish","type":"post","link":"https:\/\/informativoelvalledeaguascalientes.online\/?p=50650","title":{"rendered":"AGUASCALIENTES SER\u00c1 PRODUCTOR MUNDIAL DE LA TRANSMISI\u00d3N CVT-XS CON NUEVA TECNOLOG\u00cdA"},"content":{"rendered":"<p>#novaradioaguascalientes<\/p>\n<p>#informativoelvalledeaguascalientes<\/p>\n<p>#informativoelvalledeaguascalientesll<\/p>\n<p>#ElGigantedeMexico<\/p>\n<p>&nbsp;<\/p>\n<div id=\"bgLayers_comp-l7sh9ubr2\" class=\"MW5IWV\" data-hook=\"bgLayers\"><\/div>\n<div class=\"\" data-mesh-id=\"comp-l7sh9ubr2inlineContent\" data-testid=\"inline-content\">\n<div data-mesh-id=\"comp-l7sh9ubr2inlineContent-gridContainer\" data-testid=\"mesh-container-content\">\n<div id=\"comp-l7yvxqo2\" class=\"MazNVa comp-l7yvxqo2 wixui-image\">\n<div class=\"j7pOnl\" data-testid=\"linkElement\"><\/div>\n<\/div>\n<div id=\"comp-l7sh9ubx\" class=\"TWFxr5 \">\n<div class=\"comp-l7sh9ubx\">\n<div class=\"siSdJK4 comp-l7sh9ubx\" data-hook=\"ricosviewer-wrapper\">\n<div class=\"U4I07\" dir=\"ltr\" data-id=\"content-viewer\">\n<div class=\"hl-xW\">\n<div>\n<p id=\"viewer-ekcjw307\" class=\"-Zro6 -ZADH IjV6v AnCKd _57WYp\"><span class=\"d0767\">La gobernadora de Aguascalientes, Tere Jim\u00e9nez, particip\u00f3 en la presentaci\u00f3n de la transmisi\u00f3n CVT-XS, que ser\u00e1 producida en el estado y exportada a otras partes del mundo.<\/span><\/p>\n<p id=\"viewer-vgh6l317\" class=\"-Zro6 -ZADH IjV6v AnCKd _57WYp\"><span class=\"d0767\">Tere Jim\u00e9nez expres\u00f3 su reconocimiento a la empresa japonesa por su contribuci\u00f3n al desarrollo econ\u00f3mico de la entidad; durante su discurso destac\u00f3 la importancia de la compa\u00f1\u00eda en la generaci\u00f3n de empleo y la promoci\u00f3n de inversi\u00f3n en el estado.<\/span><\/p>\n<p id=\"viewer-0omoj319\" class=\"-Zro6 -ZADH IjV6v AnCKd _57WYp\"><span class=\"d0767\">\u201cJATCO ha sido un miembro muy importante de las familias en Aguascalientes; su compa\u00f1\u00eda y el estado comparten la visi\u00f3n de hacer de la excelencia, la innovaci\u00f3n y la calidad los distintivos de todo lo que hacemos\u201d, mencion\u00f3 la gobernadora. <\/span><\/p>\n<p id=\"viewer-8ufpb321\" class=\"-Zro6 -ZADH IjV6v AnCKd _57WYp\"><span class=\"d0767\">En su momento, Tomoaki Inoue, presidente de JATCO M\u00e9xico, reconoci\u00f3 el apoyo de la gobernadora para que la empresa siga creciendo y destac\u00f3 que la CVT-XS ser\u00e1 producida solamente en Aguascalientes para distribuirse en los mercados globales, lo que habla de la confianza que JATCO tiene en el estado.<\/span><\/p>\n<p id=\"viewer-p4vjg323\" class=\"-Zro6 -ZADH IjV6v AnCKd _57WYp\"><span class=\"d0767\">Jos\u00e9 Juan Grac\u00eda, director de NISSAN Mexicana, destac\u00f3 la relaci\u00f3n que tienen ambas empresas, lo que las ha llevado a consolidarse como las mejores en el \u00e1mbito automotriz.<\/span><\/p>\n<p id=\"viewer-qqd9t325\" class=\"-Zro6 -ZADH IjV6v AnCKd _57WYp\"><span class=\"d0767\">Al hacer uso de la voz, Tomoyoshi Sato, CEO de JATCO, record\u00f3 cuando la empresa se instal\u00f3 en M\u00e9xico, espec\u00edficamente en Aguascalientes: \u201cUstedes han sabido esperar en las dificultades, por ello ser\u00e1n part\u00edcipes de nuestra siguiente etapa; sigamos construyendo el futuro en esta gran compa\u00f1\u00eda\u201d, subray\u00f3 el CEO.<\/span><\/p>\n<p id=\"viewer-ys6c6327\" class=\"-Zro6 -ZADH IjV6v AnCKd _57WYp\"><span class=\"d0767\">Por su parte, Seiji Honda, chairman de JATCO, agradeci\u00f3 la presencia de la gobernadora y detall\u00f3 que desde el 2005 hasta el 2023 la producci\u00f3n masiva de JATCO ha sido constante y a\u00f1adi\u00f3 que la empresa seguir\u00e1 creciendo para mejorar.<\/span><\/p>\n<p id=\"viewer-q3ij7329\" class=\"-Zro6 -ZADH IjV6v AnCKd _57WYp\"><span class=\"d0767\">En el evento tambi\u00e9n estuvieron presentes Tomoaki Yoshino, SVP de JATCO; y Manuel Alejandro Gonz\u00e1lez Mart\u00ednez, secretario de Desarrollo Econ\u00f3mico, Ciencia y Tecnolog\u00eda del Estado.<\/span><\/p>\n<\/div>\n<\/div>\n<\/div>\n<\/div>\n<\/div>\n<\/div>\n<\/div>\n<\/div>\n","protected":false},"excerpt":{"rendered":"<p>#novaradioaguascalientes #informativoelvalledeaguascalientes #informativoelvalledeaguascalientesll #ElGigantedeMexico &nbsp; La gobernadora de Aguascalientes, Tere Jim\u00e9nez, particip\u00f3 en la presentaci\u00f3n de la transmisi\u00f3n CVT-XS, que ser\u00e1 producida en el estado y exportada a otras partes del mundo. Tere Jim\u00e9nez expres\u00f3 su reconocimiento a la empresa japonesa por su contribuci\u00f3n al desarrollo econ\u00f3mico de la entidad; durante su discurso destac\u00f3 la [&hellip;]<\/p>\n","protected":false},"author":1,"featured_media":50651,"comment_status":"closed","ping_status":"open","sticky":false,"template":"","format":"standard","meta":{"advanced_seo_description":"","jetpack_seo_html_title":"","jetpack_seo_noindex":false,"_jetpack_memberships_contains_paid_content":false,"footnotes":"","jetpack_publicize_message":"","jetpack_publicize_feature_enabled":true,"jetpack_social_post_already_shared":true,"jetpack_social_options":{"image_generator_settings":{"template":"highway","default_image_id":0,"font":"","enabled":false},"version":2}},"categories":[21,4],"tags":[22,161,320],"class_list":["post-50650","post","type-post","status-publish","format-standard","has-post-thumbnail","hentry","category-aguascalientes","category-gobierno-del-estado-aguascalientes","tag-aguascalientes","tag-gobierno-del-estado-aguascalientes","tag-tere-jimenez"],"jetpack_publicize_connections":[],"jetpack_featured_media_url":"https:\/\/i0.wp.com\/informativoelvalledeaguascalientes.online\/wp-content\/uploads\/2023\/11\/tj-jatco.jpeg?fit=1280%2C854&ssl=1","jetpack-related-posts":[],"jetpack_sharing_enabled":true,"jetpack_likes_enabled":true,"_links":{"self":[{"href":"https:\/\/informativoelvalledeaguascalientes.online\/index.php?rest_route=\/wp\/v2\/posts\/50650","targetHints":{"allow":["GET"]}}],"collection":[{"href":"https:\/\/informativoelvalledeaguascalientes.online\/index.php?rest_route=\/wp\/v2\/posts"}],"about":[{"href":"https:\/\/informativoelvalledeaguascalientes.online\/index.php?rest_route=\/wp\/v2\/types\/post"}],"author":[{"embeddable":true,"href":"https:\/\/informativoelvalledeaguascalientes.online\/index.php?rest_route=\/wp\/v2\/users\/1"}],"replies":[{"embeddable":true,"href":"https:\/\/informativoelvalledeaguascalientes.online\/index.php?rest_route=%2Fwp%2Fv2%2Fcomments&post=50650"}],"version-history":[{"count":1,"href":"https:\/\/informativoelvalledeaguascalientes.online\/index.php?rest_route=\/wp\/v2\/posts\/50650\/revisions"}],"predecessor-version":[{"id":50652,"href":"https:\/\/informativoelvalledeaguascalientes.online\/index.php?rest_route=\/wp\/v2\/posts\/50650\/revisions\/50652"}],"wp:featuredmedia":[{"embeddable":true,"href":"https:\/\/informativoelvalledeaguascalientes.online\/index.php?rest_route=\/wp\/v2\/media\/50651"}],"wp:attachment":[{"href":"https:\/\/informativoelvalledeaguascalientes.online\/index.php?rest_route=%2Fwp%2Fv2%2Fmedia&parent=50650"}],"wp:term":[{"taxonomy":"category","embeddable":true,"href":"https:\/\/informativoelvalledeaguascalientes.online\/index.php?rest_route=%2Fwp%2Fv2%2Fcategories&post=50650"},{"taxonomy":"post_tag","embeddable":true,"href":"https:\/\/informativoelvalledeaguascalientes.online\/index.php?rest_route=%2Fwp%2Fv2%2Ftags&post=50650"}],"curies":[{"name":"wp","href":"https:\/\/api.w.org\/{rel}","templated":true}]}}