{"id":50608,"date":"2023-11-13T00:47:02","date_gmt":"2023-11-13T06:47:02","guid":{"rendered":"https:\/\/informativoelvalledeaguascalientes.online\/?p=50608"},"modified":"2023-11-18T01:00:58","modified_gmt":"2023-11-18T07:00:58","slug":"dia-internacional-de-la-eliminacion-de-la-violencia-contra-la-mujer-en-calvillo","status":"publish","type":"post","link":"https:\/\/informativoelvalledeaguascalientes.online\/?p=50608","title":{"rendered":"D\u00eda Internacional de la Eliminaci\u00f3n de la Violencia contra la Mujer en Calvillo"},"content":{"rendered":"<p><strong><a href=\"https:\/\/www.facebook.com\/hashtag\/informativoelvalledeaguascalientes\">#informativoelvalledeaguascalientes<\/a><\/strong><\/p>\n<p><strong><a href=\"https:\/\/www.facebook.com\/hashtag\/novaradioaguascalientes\">#novaradioaguascalientes<\/a><\/strong><\/p>\n<p>\ud83d\ude4b\ud83c\udffb\u200d\u2642\ufe0f\ud83c\udf21\ufe0f\ud83d\ude4b\ud83c\udffb En el marco del D\u00eda Internacional de la Eliminaci\u00f3n de la Violencia contra la Mujer, el Gobierno de Calvillo en coordinaci\u00f3n con la Casa Rosa Estatal, Sede Calvillo, realiz\u00f3 una pega de calcas sobre el #Violent\u00f3metro en las unidades de transporte p\u00fablico del municipio.<\/p>\n<p>Gracias al trabajo coordinado con la Asociaci\u00f3n de Transporte Colectivo de Calvillo, se realiz\u00f3 esta acci\u00f3n con el prop\u00f3sito de visibilizar y crear conciencia sobre las diferentes manifestaciones de violencia que existen hacia la mujer.<\/p>\n<p>Regidoras, transportistas y colaboradores de la Casa Rosa Calvillo, se unieron a esta labor de pega de calcas para dar a conocer el violent\u00f3metro.<\/p>\n<p>El Violent\u00f3metro es una herramienta gr\u00e1fica que permite a las mujeres conocer y detectar cualquier manifestaci\u00f3n de violencia con su pareja, familia, trabajo o en \u00e1mbitos sociales.<\/p>\n<p>#TierraQueTrasciende<\/p>\n","protected":false},"excerpt":{"rendered":"<p>#informativoelvalledeaguascalientes #novaradioaguascalientes \ud83d\ude4b\ud83c\udffb\u200d\u2642\ufe0f\ud83c\udf21\ufe0f\ud83d\ude4b\ud83c\udffb En el marco del D\u00eda Internacional de la Eliminaci\u00f3n de la Violencia contra la Mujer, el Gobierno de Calvillo en coordinaci\u00f3n con la Casa Rosa Estatal, Sede Calvillo, realiz\u00f3 una pega de calcas sobre el #Violent\u00f3metro en las unidades de transporte p\u00fablico del municipio. Gracias al trabajo coordinado con la Asociaci\u00f3n de [&hellip;]<\/p>\n","protected":false},"author":1,"featured_media":50609,"comment_status":"closed","ping_status":"open","sticky":false,"template":"","format":"standard","meta":{"advanced_seo_description":"","jetpack_seo_html_title":"","jetpack_seo_noindex":false,"_jetpack_memberships_contains_paid_content":false,"footnotes":"","jetpack_publicize_message":"","jetpack_publicize_feature_enabled":true,"jetpack_social_post_already_shared":true,"jetpack_social_options":{"image_generator_settings":{"template":"highway","default_image_id":0,"font":"","enabled":false},"version":2}},"categories":[13,4],"tags":[22,88,29],"class_list":["post-50608","post","type-post","status-publish","format-standard","has-post-thumbnail","hentry","category-calvillo-aguascalientes","category-gobierno-del-estado-aguascalientes","tag-aguascalientes","tag-calvillo","tag-calvillo-aguascalientes"],"jetpack_publicize_connections":[],"jetpack_featured_media_url":"https:\/\/i0.wp.com\/informativoelvalledeaguascalientes.online\/wp-content\/uploads\/2023\/11\/354311cc-4dc4-48c0-bc4d-60a9ec757ec4.jpeg?fit=1600%2C1066&ssl=1","jetpack-related-posts":[],"jetpack_sharing_enabled":true,"jetpack_likes_enabled":true,"_links":{"self":[{"href":"https:\/\/informativoelvalledeaguascalientes.online\/index.php?rest_route=\/wp\/v2\/posts\/50608","targetHints":{"allow":["GET"]}}],"collection":[{"href":"https:\/\/informativoelvalledeaguascalientes.online\/index.php?rest_route=\/wp\/v2\/posts"}],"about":[{"href":"https:\/\/informativoelvalledeaguascalientes.online\/index.php?rest_route=\/wp\/v2\/types\/post"}],"author":[{"embeddable":true,"href":"https:\/\/informativoelvalledeaguascalientes.online\/index.php?rest_route=\/wp\/v2\/users\/1"}],"replies":[{"embeddable":true,"href":"https:\/\/informativoelvalledeaguascalientes.online\/index.php?rest_route=%2Fwp%2Fv2%2Fcomments&post=50608"}],"version-history":[{"count":1,"href":"https:\/\/informativoelvalledeaguascalientes.online\/index.php?rest_route=\/wp\/v2\/posts\/50608\/revisions"}],"predecessor-version":[{"id":50610,"href":"https:\/\/informativoelvalledeaguascalientes.online\/index.php?rest_route=\/wp\/v2\/posts\/50608\/revisions\/50610"}],"wp:featuredmedia":[{"embeddable":true,"href":"https:\/\/informativoelvalledeaguascalientes.online\/index.php?rest_route=\/wp\/v2\/media\/50609"}],"wp:attachment":[{"href":"https:\/\/informativoelvalledeaguascalientes.online\/index.php?rest_route=%2Fwp%2Fv2%2Fmedia&parent=50608"}],"wp:term":[{"taxonomy":"category","embeddable":true,"href":"https:\/\/informativoelvalledeaguascalientes.online\/index.php?rest_route=%2Fwp%2Fv2%2Fcategories&post=50608"},{"taxonomy":"post_tag","embeddable":true,"href":"https:\/\/informativoelvalledeaguascalientes.online\/index.php?rest_route=%2Fwp%2Fv2%2Ftags&post=50608"}],"curies":[{"name":"wp","href":"https:\/\/api.w.org\/{rel}","templated":true}]}}