{"id":50592,"date":"2023-11-16T00:23:12","date_gmt":"2023-11-16T06:23:12","guid":{"rendered":"https:\/\/informativoelvalledeaguascalientes.online\/?p=50592"},"modified":"2023-11-18T00:25:42","modified_gmt":"2023-11-18T06:25:42","slug":"habra-cierre-temporal-de-la-circulacion-vehicular-en-av-alameda-por-obras-de-rehabilitacion-del-colector-pluvial","status":"publish","type":"post","link":"https:\/\/informativoelvalledeaguascalientes.online\/?p=50592","title":{"rendered":"HABR\u00c1 CIERRE TEMPORAL DE LA CIRCULACI\u00d3N VEHICULAR EN AV. ALAMEDA POR OBRAS DE REHABILITACI\u00d3N DEL COLECTOR PLUVIAL"},"content":{"rendered":"<p>&nbsp;<\/p>\n<p><strong><a href=\"https:\/\/www.facebook.com\/hashtag\/informativoelvalledeaguascalientes\">#informativoelvalledeaguascalientes<\/a><\/strong><\/p>\n<p><strong><a href=\"https:\/\/www.facebook.com\/hashtag\/novaradioaguascalientes\">#novaradioaguascalientes<\/a><\/strong><\/p>\n<p><strong><a href=\"https:\/\/www.facebook.com\/GobiernodeAguascalientes\">#ElGiganteDeMexico<\/a><\/strong><\/p>\n<ul class=\"xErDo AnCKd\">\n<li class=\"_04hd2 vVfzz\" dir=\"auto\">\n<div>\n<p id=\"viewer-foo\" class=\"-Zro6 -ZADH vVfzz AnCKd _57WYp\"><span class=\"d0767 vVfzz\"><strong><em>Los trabajos se realizar\u00e1n del 18 de noviembre al 28 de diciembre en el tramo que va de los Ba\u00f1os Termales de Ojocaliente a la calle 20 de Noviembre<\/em><\/strong><\/span><\/p>\n<\/div>\n<\/li>\n<li class=\"_04hd2 vVfzz\" dir=\"auto\">\n<div>\n<p id=\"viewer-riplr142\" class=\"-Zro6 -ZADH vVfzz AnCKd _57WYp\"><span class=\"d0767 vVfzz\"><strong><em>El Instituto del Agua del Estado agradece la comprensi\u00f3n de la poblaci\u00f3n y sugiere tomar rutas alternas<\/em><\/strong><\/span><\/p>\n<\/div>\n<\/li>\n<\/ul>\n<div id=\"viewer-3th7f144\" class=\"-Zro6 -ZADH vVfzz _57WYp\"><span class=\"d0767 vVfzz\">\u00a0<\/span><\/div>\n<p id=\"viewer-s0cle145\" class=\"-Zro6 -ZADH vVfzz AnCKd _57WYp\"><span class=\"d0767 vVfzz\">El Instituto del Agua del Estado (Inagua) informa que debido a los trabajos de rehabilitaci\u00f3n que se realizar\u00e1n en el colector pluvial de la Av. Alameda, del 18 de noviembre al 28 de diciembre se cerrar\u00e1 la circulaci\u00f3n vehicular en el tramo que comprende de los Ba\u00f1os Termales de Ojocaliente a la calle 20 de Noviembre, con el fin de garantizar la seguridad y el bienestar de la ciudadan\u00eda.<\/span><\/p>\n<div id=\"viewer-cbbzq147\" class=\"-Zro6 -ZADH vVfzz _57WYp\"><span class=\"d0767 vVfzz\">\u00a0<\/span><\/div>\n<p id=\"viewer-p3u9d148\" class=\"-Zro6 -ZADH vVfzz AnCKd _57WYp\"><span class=\"d0767 vVfzz\">Durante este periodo, se sugiere a los conductores considerar algunas rutas alternas para evitar inconvenientes, ya que se cerrar\u00e1n los carriles de ambos sentidos. A quienes circulen por Av. Alameda hacia Segundo Anillo, se les recomienda tomar la Av. Tecnol\u00f3gico, luego la calle Balnearios, seguida de la calle 20 de Noviembre, para finalmente reincorporarse a la Av. Alameda.<\/span><\/p>\n<div id=\"viewer-1ij98150\" class=\"-Zro6 -ZADH vVfzz _57WYp\"><span class=\"d0767 vVfzz\">\u00a0<\/span><\/div>\n<p id=\"viewer-8jv2u151\" class=\"-Zro6 -ZADH vVfzz AnCKd _57WYp\"><span class=\"d0767 vVfzz\">Mientras que para aquellos que transiten en direcci\u00f3n de Segundo Anillo hacia el centro de la ciudad, se habilitar\u00e1 un carril de circulaci\u00f3n lenta y con precauci\u00f3n.<\/span><\/p>\n<div id=\"viewer-up68i153\" class=\"-Zro6 -ZADH vVfzz _57WYp\"><span class=\"d0767 vVfzz\">\u00a0<\/span><\/div>\n<p id=\"viewer-jih8j154\" class=\"-Zro6 -ZADH vVfzz AnCKd _57WYp\"><span class=\"d0767 vVfzz\">Cabe destacar que estos trabajos representan una inversi\u00f3n determinante para mejorar el sistema de drenaje pluvial en la zona oriente de la ciudad, por lo que se agradece la comprensi\u00f3n y colaboraci\u00f3n de todos los ciudadanos durante el desarrollo de las obras.<\/span><\/p>\n<div id=\"viewer-wedi9156\" class=\"-Zro6 -ZADH vVfzz _57WYp\"><span class=\"d0767 vVfzz\">\u00a0<\/span><\/div>\n<p id=\"viewer-f6kal157\" class=\"-Zro6 -ZADH vVfzz AnCKd _57WYp\"><span class=\"d0767 vVfzz\">Para obtener informaci\u00f3n adicional sobre rutas alternativas y desv\u00edos sugeridos, se pide a la ciudadan\u00eda consultar los canales oficiales de comunicaci\u00f3n y tr\u00e1nsito del municipio de la capital.<\/span><\/p>\n","protected":false},"excerpt":{"rendered":"<p>&nbsp; #informativoelvalledeaguascalientes #novaradioaguascalientes #ElGiganteDeMexico Los trabajos se realizar\u00e1n del 18 de noviembre al 28 de diciembre en el tramo que va de los Ba\u00f1os Termales de Ojocaliente a la calle 20 de Noviembre El Instituto del Agua del Estado agradece la comprensi\u00f3n de la poblaci\u00f3n y sugiere tomar rutas alternas \u00a0 El Instituto del Agua [&hellip;]<\/p>\n","protected":false},"author":1,"featured_media":50593,"comment_status":"closed","ping_status":"open","sticky":false,"template":"","format":"standard","meta":{"advanced_seo_description":"","jetpack_seo_html_title":"","jetpack_seo_noindex":false,"_jetpack_memberships_contains_paid_content":false,"footnotes":"","jetpack_publicize_message":"","jetpack_publicize_feature_enabled":true,"jetpack_social_post_already_shared":true,"jetpack_social_options":{"image_generator_settings":{"template":"highway","default_image_id":0,"font":"","enabled":false},"version":2}},"categories":[21,4],"tags":[22,615,184],"class_list":["post-50592","post","type-post","status-publish","format-standard","has-post-thumbnail","hentry","category-aguascalientes","category-gobierno-del-estado-aguascalientes","tag-aguascalientes","tag-gobierno-del-estado-de-aguascalientes","tag-inagua"],"jetpack_publicize_connections":[],"jetpack_featured_media_url":"https:\/\/i0.wp.com\/informativoelvalledeaguascalientes.online\/wp-content\/uploads\/2023\/11\/WhatsApp-Image-2023-11-16-at-11.32.00-AM.jpeg?fit=1600%2C1597&ssl=1","jetpack-related-posts":[],"jetpack_sharing_enabled":true,"jetpack_likes_enabled":true,"_links":{"self":[{"href":"https:\/\/informativoelvalledeaguascalientes.online\/index.php?rest_route=\/wp\/v2\/posts\/50592","targetHints":{"allow":["GET"]}}],"collection":[{"href":"https:\/\/informativoelvalledeaguascalientes.online\/index.php?rest_route=\/wp\/v2\/posts"}],"about":[{"href":"https:\/\/informativoelvalledeaguascalientes.online\/index.php?rest_route=\/wp\/v2\/types\/post"}],"author":[{"embeddable":true,"href":"https:\/\/informativoelvalledeaguascalientes.online\/index.php?rest_route=\/wp\/v2\/users\/1"}],"replies":[{"embeddable":true,"href":"https:\/\/informativoelvalledeaguascalientes.online\/index.php?rest_route=%2Fwp%2Fv2%2Fcomments&post=50592"}],"version-history":[{"count":1,"href":"https:\/\/informativoelvalledeaguascalientes.online\/index.php?rest_route=\/wp\/v2\/posts\/50592\/revisions"}],"predecessor-version":[{"id":50594,"href":"https:\/\/informativoelvalledeaguascalientes.online\/index.php?rest_route=\/wp\/v2\/posts\/50592\/revisions\/50594"}],"wp:featuredmedia":[{"embeddable":true,"href":"https:\/\/informativoelvalledeaguascalientes.online\/index.php?rest_route=\/wp\/v2\/media\/50593"}],"wp:attachment":[{"href":"https:\/\/informativoelvalledeaguascalientes.online\/index.php?rest_route=%2Fwp%2Fv2%2Fmedia&parent=50592"}],"wp:term":[{"taxonomy":"category","embeddable":true,"href":"https:\/\/informativoelvalledeaguascalientes.online\/index.php?rest_route=%2Fwp%2Fv2%2Fcategories&post=50592"},{"taxonomy":"post_tag","embeddable":true,"href":"https:\/\/informativoelvalledeaguascalientes.online\/index.php?rest_route=%2Fwp%2Fv2%2Ftags&post=50592"}],"curies":[{"name":"wp","href":"https:\/\/api.w.org\/{rel}","templated":true}]}}