{"id":50586,"date":"2023-11-15T00:13:50","date_gmt":"2023-11-15T06:13:50","guid":{"rendered":"https:\/\/informativoelvalledeaguascalientes.online\/?p=50586"},"modified":"2023-11-18T00:17:33","modified_gmt":"2023-11-18T06:17:33","slug":"con-un-gobierno-de-puertas-abiertas-y-que-apuesta-al-dialogo-respalda-tere-jimenez-al-magisterio-de-aguascalientes","status":"publish","type":"post","link":"https:\/\/informativoelvalledeaguascalientes.online\/?p=50586","title":{"rendered":"CON UN GOBIERNO DE PUERTAS ABIERTAS Y QUE APUESTA AL DI\u00c1LOGO, RESPALDA TERE JIM\u00c9NEZ AL MAGISTERIO DE AGUASCALIENTES"},"content":{"rendered":"<p>&nbsp;<\/p>\n<p><strong><a href=\"https:\/\/www.facebook.com\/hashtag\/informativoelvalledeaguascalientes\">#informativoelvalledeaguascalientes<\/a><\/strong><\/p>\n<p><strong><a href=\"https:\/\/www.facebook.com\/hashtag\/novaradioaguascalientes\">#novaradioaguascalientes<\/a><\/strong><\/p>\n<p><strong><a href=\"https:\/\/www.facebook.com\/GobiernodeAguascalientes\">#ElGiganteDeMexico<\/a><\/strong><\/p>\n<p id=\"viewer-foo\" class=\"-Zro6 -ZADH vVfzz AnCKd _57WYp\"><span class=\"d0767 vVfzz\">En una muestra de que el suyo es un gobierno de puertas abiertas, que le apuesta al di\u00e1logo y al consenso, la gobernadora de Aguascalientes, Tere Jim\u00e9nez, recibi\u00f3 en Palacio de Gobierno a los maestros y maestras que se unieron hoy al paro nacional del magisterio, a quienes expres\u00f3 su apoyo y su compromiso para hacer las gestiones pertinentes ante la Federaci\u00f3n para dar cumplimiento a sus demandas.<\/span><\/p>\n<div id=\"viewer-3swwv125\" class=\"-Zro6 -ZADH vVfzz _57WYp\"><span class=\"d0767 vVfzz\">\u00a0<\/span><\/div>\n<p id=\"viewer-eu6id126\" class=\"-Zro6 -ZADH vVfzz AnCKd _57WYp\"><span class=\"d0767 vVfzz\">Con ese prop\u00f3sito, Tere Jim\u00e9nez acord\u00f3 con los docentes ah\u00ed reunidos, establecer una mesa de di\u00e1logo a nivel local para analizar su pliego petitorio y, posteriormente, acudir ante las autoridades de la Secretar\u00eda de Educaci\u00f3n P\u00fablica a solicitar su intervenci\u00f3n para dar una soluci\u00f3n pronta y efectiva a los requerimientos de las maestras y maestros de Aguascalientes.<\/span><\/p>\n<div id=\"viewer-q5eji128\" class=\"-Zro6 -ZADH vVfzz _57WYp\"><span class=\"d0767 vVfzz\">\u00a0<\/span><\/div>\n<p id=\"viewer-fhlio129\" class=\"-Zro6 -ZADH vVfzz AnCKd _57WYp\"><span class=\"d0767 vVfzz\">\u201cHoy damos la cara y les digo que los vamos a acompa\u00f1ar; sabemos que es un tema federal, pero en lo que corresponda, los vamos a ayudar con mucho gusto. Saben de mi compromiso con la educaci\u00f3n y no los vamos a dejar solos, porque la educaci\u00f3n es la base fundamental del desarrollo y del conocimiento\u201d, destac\u00f3.<\/span><\/p>\n<div id=\"viewer-xl8js131\" class=\"-Zro6 -ZADH vVfzz _57WYp\"><span class=\"d0767 vVfzz\">\u00a0<\/span><\/div>\n<p id=\"viewer-0l0ge132\" class=\"-Zro6 -ZADH vVfzz AnCKd _57WYp\"><span class=\"d0767 vVfzz\">Acompa\u00f1ada de los diputados federales Roberto Valenzuela Corral y Adela Ramos Ju\u00e1rez, la gobernadora escuch\u00f3 de viva voz las peticiones de los docentes ah\u00ed reunidos.<\/span><\/p>\n<div id=\"viewer-7940r134\" class=\"-Zro6 -ZADH vVfzz _57WYp\"><span class=\"d0767 vVfzz\">\u00a0<\/span><\/div>\n<p id=\"viewer-5x794135\" class=\"-Zro6 -ZADH vVfzz AnCKd _57WYp\"><span class=\"d0767 vVfzz\">A nombre del magisterio local, el maestro Emilio Sandoval agradeci\u00f3 la apertura y disposici\u00f3n de la gobernadora Tere Jim\u00e9nez para escucharlos y brindarles acompa\u00f1amiento para expresar sus peticiones ante el Gobierno Federal.<\/span><\/p>\n<div id=\"viewer-b3oid137\" class=\"-Zro6 -ZADH vVfzz _57WYp\"><span class=\"d0767 vVfzz\">\u00a0<\/span><\/div>\n<p id=\"viewer-owicw138\" class=\"-Zro6 -ZADH vVfzz AnCKd _57WYp\"><span class=\"d0767 vVfzz\">\u201cLe agradecemos que el Palacio de Gobierno est\u00e9 abierto y usted est\u00e9 aqu\u00ed para escucharnos; estamos convencidos de que la educaci\u00f3n es el \u00fanico medio por el cual M\u00e9xico y nuestro estado saldr\u00e1n adelante, sabemos de su compromiso con la educaci\u00f3n y con los maestros de Aguascalientes\u201d, destac\u00f3.<\/span><\/p>\n<div id=\"viewer-rywzs140\" class=\"-Zro6 -ZADH vVfzz _57WYp\"><span class=\"d0767 vVfzz\">\u00a0<\/span><\/div>\n<p id=\"viewer-pxpgz141\" class=\"-Zro6 -ZADH vVfzz AnCKd _57WYp\"><span class=\"d0767 vVfzz\">Por su parte, la diputada federal Adela Ramos Ju\u00e1rez, secretaria de la Comisi\u00f3n de Educaci\u00f3n en el Congreso de la Uni\u00f3n, expres\u00f3 su respaldo al magisterio de todo el pa\u00eds y se comprometi\u00f3 a seguir luchando en la C\u00e1mara de Diputados para dignificar la labor de las maestras y maestros de M\u00e9xico; asimismo, reconoci\u00f3 la sensibilidad de la gobernadora Tere Jim\u00e9nez por sumarse a las causas de los docentes de Aguascalientes.<\/span><\/p>\n","protected":false},"excerpt":{"rendered":"<p>&nbsp; #informativoelvalledeaguascalientes #novaradioaguascalientes #ElGiganteDeMexico En una muestra de que el suyo es un gobierno de puertas abiertas, que le apuesta al di\u00e1logo y al consenso, la gobernadora de Aguascalientes, Tere Jim\u00e9nez, recibi\u00f3 en Palacio de Gobierno a los maestros y maestras que se unieron hoy al paro nacional del magisterio, a quienes expres\u00f3 su apoyo [&hellip;]<\/p>\n","protected":false},"author":1,"featured_media":50587,"comment_status":"closed","ping_status":"open","sticky":false,"template":"","format":"standard","meta":{"advanced_seo_description":"","jetpack_seo_html_title":"","jetpack_seo_noindex":false,"_jetpack_memberships_contains_paid_content":false,"footnotes":"","jetpack_publicize_message":"","jetpack_publicize_feature_enabled":true,"jetpack_social_post_already_shared":true,"jetpack_social_options":{"image_generator_settings":{"template":"highway","default_image_id":0,"font":"","enabled":false},"version":2}},"categories":[21,4],"tags":[22,615,320],"class_list":["post-50586","post","type-post","status-publish","format-standard","has-post-thumbnail","hentry","category-aguascalientes","category-gobierno-del-estado-aguascalientes","tag-aguascalientes","tag-gobierno-del-estado-de-aguascalientes","tag-tere-jimenez"],"jetpack_publicize_connections":[],"jetpack_featured_media_url":"https:\/\/i0.wp.com\/informativoelvalledeaguascalientes.online\/wp-content\/uploads\/2023\/11\/5DM48735.JPG.jpg?fit=1173%2C793&ssl=1","jetpack-related-posts":[],"jetpack_sharing_enabled":true,"jetpack_likes_enabled":true,"_links":{"self":[{"href":"https:\/\/informativoelvalledeaguascalientes.online\/index.php?rest_route=\/wp\/v2\/posts\/50586","targetHints":{"allow":["GET"]}}],"collection":[{"href":"https:\/\/informativoelvalledeaguascalientes.online\/index.php?rest_route=\/wp\/v2\/posts"}],"about":[{"href":"https:\/\/informativoelvalledeaguascalientes.online\/index.php?rest_route=\/wp\/v2\/types\/post"}],"author":[{"embeddable":true,"href":"https:\/\/informativoelvalledeaguascalientes.online\/index.php?rest_route=\/wp\/v2\/users\/1"}],"replies":[{"embeddable":true,"href":"https:\/\/informativoelvalledeaguascalientes.online\/index.php?rest_route=%2Fwp%2Fv2%2Fcomments&post=50586"}],"version-history":[{"count":1,"href":"https:\/\/informativoelvalledeaguascalientes.online\/index.php?rest_route=\/wp\/v2\/posts\/50586\/revisions"}],"predecessor-version":[{"id":50588,"href":"https:\/\/informativoelvalledeaguascalientes.online\/index.php?rest_route=\/wp\/v2\/posts\/50586\/revisions\/50588"}],"wp:featuredmedia":[{"embeddable":true,"href":"https:\/\/informativoelvalledeaguascalientes.online\/index.php?rest_route=\/wp\/v2\/media\/50587"}],"wp:attachment":[{"href":"https:\/\/informativoelvalledeaguascalientes.online\/index.php?rest_route=%2Fwp%2Fv2%2Fmedia&parent=50586"}],"wp:term":[{"taxonomy":"category","embeddable":true,"href":"https:\/\/informativoelvalledeaguascalientes.online\/index.php?rest_route=%2Fwp%2Fv2%2Fcategories&post=50586"},{"taxonomy":"post_tag","embeddable":true,"href":"https:\/\/informativoelvalledeaguascalientes.online\/index.php?rest_route=%2Fwp%2Fv2%2Ftags&post=50586"}],"curies":[{"name":"wp","href":"https:\/\/api.w.org\/{rel}","templated":true}]}}