{"id":5056,"date":"2020-04-06T20:22:24","date_gmt":"2020-04-07T02:22:24","guid":{"rendered":"https:\/\/informativoelvalledeaguascalientes.online\/?p=5056"},"modified":"2020-04-06T20:22:24","modified_gmt":"2020-04-07T02:22:24","slug":"no-hay-una-propuesta-seria-de-amlo-que-atienda-puntualmente-la-crisis-de-salud-economica-y-social-causada-por-la-pandemia-del-coronavirus","status":"publish","type":"post","link":"https:\/\/informativoelvalledeaguascalientes.online\/?p=5056","title":{"rendered":"NO HAY UNA PROPUESTA SERIA DE AMLO QUE ATIENDA PUNTUALMENTE LA CRISIS DE SALUD, ECON\u00d3MICA Y SOCIAL CAUSADA POR LA PANDEMIA DEL CORONAVIRUS."},"content":{"rendered":"<p>\uf0b7 Demagogia y frustraci\u00f3n la propuesta del gobierno para enfrentar crisis causada por el Covid-19<\/p>\n<p>&nbsp;<\/p>\n<p>\uf0b7 Se perdi\u00f3 una valiosa oportunidad para decirle a las y los mexicanos, como superar esta contingencia<\/p>\n<p>&nbsp;<\/p>\n<p>\uf0b7 El desempleo y la crisis econ\u00f3mica causadas por la pandemia, no se resuelven con buenos deseos, se requiere de una pol\u00edtica que respalde a la micro y peque\u00f1a empresa<\/p>\n<p>&nbsp;<\/p>\n<p>Norma Guel Sald\u00edvar como parte del Grupo Parlamentario del PRI en la C\u00e1mara de Diputados Federal, se\u00f1al\u00f3 que los mexicanos esper\u00e1bamos por parte del Presidente de la Rep\u00fablica, una propuesta seria, que atendiera puntualmente la crisis de salud, econ\u00f3mica y social causada por la pandemia del coronavirus.<\/p>\n<p>&nbsp;<\/p>\n<p>En su llamado \u201cInforme\u201d, el Jefe del Ejecutivo no contempla un plan que responda a las necesidades de las y los mexicanos; quienes esperaban soluciones para atender la contingencia en materia de salud y para detonar la reactivaci\u00f3n de la econom\u00eda.<\/p>\n<p>&nbsp;<\/p>\n<p>La salud debe ser una prioridad, y por ello, es necesario que el gobierno asegure la capacidad para atender todos los casos de Covid-19 y los requerimientos de infraestructura, equipamiento, medicamentos y recursos materiales.<\/p>\n<p>&nbsp;<\/p>\n<p>Tampoco se anunci\u00f3 ninguna medida relevante para millones de mexicanos que han perdido o est\u00e1n a punto de perder su empleo a causa de la emergencia sanitaria y la crisis econ\u00f3mica que ya se vive en nuestro pa\u00eds. Otros pa\u00edses en circunstancias semejantes, destinan importantes ayudas econ\u00f3micas para apoyar a trabajadores y a las empresas; sean estas peque\u00f1as o medianas.<\/p>\n<p>&nbsp;<\/p>\n<p>El gobierno no puede ignorar que se requieren acciones adicionales que beneficien a las familias y a las peque\u00f1as y medianas empresas mexicanas, y as\u00ed, garantizar los empleos y la distribuci\u00f3n de alimentos y productos b\u00e1sicos en nuestro pa\u00eds.<\/p>\n<p>&nbsp;<\/p>\n<p>Hubo ausencia total de empat\u00eda con el pueblo de M\u00e9xico. Demandamos sensatez del gobierno. Lo importante en este momento, es cuidar la salud del pueblo de M\u00e9xico y la planta productiva para alentar el crecimiento y el desarrollo; olvidar por un momento las ideolog\u00edas y pensar en la recuperaci\u00f3n del pa\u00eds.<\/p>\n<p>&nbsp;<\/p>\n<p>Son pocos los recursos y se debe priorizar su aplicaci\u00f3n. Reducir las percepciones de las y los servidores p\u00fablicos, quienes diariamente ponen su mejor esfuerzo para que el gobierno funcione, representar\u00eda, una vez m\u00e1s, afectar su calidad de vida y lastimar a sus familias. Deben posponerse, o incluso, cancelarse, las obras fara\u00f3nicas que consumen cuantiosos recursos y destinarse a donde m\u00e1s se necesita.<\/p>\n<p>&nbsp;<\/p>\n<p>Los priistas en la C\u00e1mara de Diputados no le hemos regateado nada al gobierno cuando se trata de aquello que le sirve a las y los mexicanos. En esta crisis no ha sido la excepci\u00f3n. M\u00e9xico requiere liderazgo, unidad y acciones responsables para enfrentarla; ah\u00ed tambi\u00e9n estaremos.<\/p>\n<p>&nbsp;<\/p>\n<p>Una vez m\u00e1s se perdi\u00f3 la oportunidad de escuchar y considerar otras voces, de tomar en cuenta muchas propuestas de los generadores de empleo y desarrollo, de los gobiernos estatales y municipales, de instituciones educativas, de la comunidad cient\u00edfica, de grupos parlamentarios y de partidos pol\u00edticos y de la sociedad civil<\/p>\n<p>&nbsp;<\/p>\n<p>La pandemia exige actuar con sensibilidad e inclusi\u00f3n; este es un esfuerzo colectivo; nos afecta a todos. Con altura de miras, y m\u00e1s all\u00e1 de intereses pol\u00edticos o de grupo, debe prevalecer el inter\u00e9s superior de la Naci\u00f3n. Las y los mexicanos lo esperan de nosotros, lo exige del gobierno y de quien lo encabeza. Estamos a tiempo de corregir el rumbo.<\/p>\n","protected":false},"excerpt":{"rendered":"<p>\uf0b7 Demagogia y frustraci\u00f3n la propuesta del gobierno para enfrentar crisis causada por el Covid-19 &nbsp; \uf0b7 Se perdi\u00f3 una valiosa oportunidad para decirle a las y los mexicanos, como superar esta contingencia &nbsp; \uf0b7 El desempleo y la crisis econ\u00f3mica causadas por la pandemia, no se resuelven con buenos deseos, se requiere de una [&hellip;]<\/p>\n","protected":false},"author":1,"featured_media":5057,"comment_status":"closed","ping_status":"open","sticky":false,"template":"","format":"standard","meta":{"advanced_seo_description":"","jetpack_seo_html_title":"","jetpack_seo_noindex":false,"_jetpack_memberships_contains_paid_content":false,"footnotes":"","jetpack_publicize_message":"","jetpack_publicize_feature_enabled":true,"jetpack_social_post_already_shared":true,"jetpack_social_options":{"image_generator_settings":{"template":"highway","default_image_id":0,"font":"","enabled":false},"version":2}},"categories":[21,19,6,9],"tags":[22,91],"class_list":["post-5056","post","type-post","status-publish","format-standard","has-post-thumbnail","hentry","category-aguascalientes","category-informacion-general","category-partidos-politicos","category-pri-aguascalientes","tag-aguascalientes","tag-pri-aguascalientes"],"jetpack_publicize_connections":[],"jetpack_featured_media_url":"https:\/\/i0.wp.com\/informativoelvalledeaguascalientes.online\/wp-content\/uploads\/2020\/04\/pri_ags_06042020.jpg?fit=631%2C631&ssl=1","jetpack-related-posts":[],"jetpack_sharing_enabled":true,"jetpack_likes_enabled":true,"_links":{"self":[{"href":"https:\/\/informativoelvalledeaguascalientes.online\/index.php?rest_route=\/wp\/v2\/posts\/5056","targetHints":{"allow":["GET"]}}],"collection":[{"href":"https:\/\/informativoelvalledeaguascalientes.online\/index.php?rest_route=\/wp\/v2\/posts"}],"about":[{"href":"https:\/\/informativoelvalledeaguascalientes.online\/index.php?rest_route=\/wp\/v2\/types\/post"}],"author":[{"embeddable":true,"href":"https:\/\/informativoelvalledeaguascalientes.online\/index.php?rest_route=\/wp\/v2\/users\/1"}],"replies":[{"embeddable":true,"href":"https:\/\/informativoelvalledeaguascalientes.online\/index.php?rest_route=%2Fwp%2Fv2%2Fcomments&post=5056"}],"version-history":[{"count":1,"href":"https:\/\/informativoelvalledeaguascalientes.online\/index.php?rest_route=\/wp\/v2\/posts\/5056\/revisions"}],"predecessor-version":[{"id":5058,"href":"https:\/\/informativoelvalledeaguascalientes.online\/index.php?rest_route=\/wp\/v2\/posts\/5056\/revisions\/5058"}],"wp:featuredmedia":[{"embeddable":true,"href":"https:\/\/informativoelvalledeaguascalientes.online\/index.php?rest_route=\/wp\/v2\/media\/5057"}],"wp:attachment":[{"href":"https:\/\/informativoelvalledeaguascalientes.online\/index.php?rest_route=%2Fwp%2Fv2%2Fmedia&parent=5056"}],"wp:term":[{"taxonomy":"category","embeddable":true,"href":"https:\/\/informativoelvalledeaguascalientes.online\/index.php?rest_route=%2Fwp%2Fv2%2Fcategories&post=5056"},{"taxonomy":"post_tag","embeddable":true,"href":"https:\/\/informativoelvalledeaguascalientes.online\/index.php?rest_route=%2Fwp%2Fv2%2Ftags&post=5056"}],"curies":[{"name":"wp","href":"https:\/\/api.w.org\/{rel}","templated":true}]}}