{"id":50503,"date":"2023-11-12T20:13:03","date_gmt":"2023-11-13T02:13:03","guid":{"rendered":"https:\/\/informativoelvalledeaguascalientes.online\/?p=50503"},"modified":"2023-11-13T20:15:08","modified_gmt":"2023-11-14T02:15:08","slug":"buscas-trabajo-la-brigada-de-empleo-llegara-este-martes-a-pabellon-de-arteaga","status":"publish","type":"post","link":"https:\/\/informativoelvalledeaguascalientes.online\/?p=50503","title":{"rendered":"\u00bfBUSCAS TRABAJO?, LA BRIGADA DE EMPLEO LLEGAR\u00c1 ESTE MARTES A PABELL\u00d3N DE ARTEAGA"},"content":{"rendered":"<p>#novaradioaguascalientes<\/p>\n<p>#informativoelvalledeaguascalientes<\/p>\n<p>#informativoelvalledeaguascalientesll<\/p>\n<p>#ElGigantedeMexico<\/p>\n<p>&nbsp;<\/p>\n<p id=\"viewer-gt57i732\" class=\"-Zro6 -ZADH vVfzz AnCKd _57WYp\"><span class=\"d0767 vVfzz\">El Servicio Estatal y Nacional de Empleo Aguascalientes (SNEA) invita a las y los habitantes de Pabell\u00f3n de Arteaga y zonas cercanas, a la <em>Brigada de Empleo en tu Municipio <\/em>que se realizar\u00e1 este martes 14 de noviembre.\u00a0<\/span><\/p>\n<div id=\"viewer-f1kwe736\" class=\"-Zro6 -ZADH IjV6v _57WYp\"><span class=\"d0767\">\u00a0<\/span><\/div>\n<p id=\"viewer-3llu0737\" class=\"-Zro6 -ZADH vVfzz AnCKd _57WYp\"><span class=\"d0767 vVfzz\">Una de las prioridades de la gobernadora de Aguascalientes, Tere Jim\u00e9nez, es acercar oportunidades de empleo a los municipios del interior para que las personas que viven en esos lugares puedan colocarse en un trabajo formal y cercano a su domicilio que les d\u00e9 sustento y una mejor calidad de vida.\u00a0<\/span><\/p>\n<div id=\"viewer-ka13q739\" class=\"-Zro6 -ZADH IjV6v _57WYp\"><span class=\"d0767\">\u00a0<\/span><\/div>\n<p id=\"viewer-yeqen740\" class=\"-Zro6 -ZADH vVfzz AnCKd _57WYp\"><span class=\"d0767 vVfzz\">La jornada se desarrollar\u00e1 de las 9:00 de la ma\u00f1ana a las 2:00 de la tarde en las instalaciones de la Presidencia Municipal de Pabell\u00f3n de Arteaga, ubicada en la calle Pino Su\u00e1rez No.14, Zona Centro, donde se ofrecer\u00e1n m\u00e1s de mil vacantes de empleo.\u00a0<\/span><\/p>\n<div id=\"viewer-m8das742\" class=\"-Zro6 -ZADH IjV6v _57WYp\"><span class=\"d0767\">\u00a0<\/span><\/div>\n<p id=\"viewer-7ebn7743\" class=\"-Zro6 -ZADH vVfzz AnCKd _57WYp\"><span class=\"d0767 vVfzz\">Estar\u00e1n presentes diversas empresas locales que brindar\u00e1n informaci\u00f3n sobre las vacantes disponibles, enfocadas a personas de 18 a\u00f1os en adelante, desde nivel primaria hasta alguna profesi\u00f3n t\u00e9cnica o licenciatura.<\/span><\/p>\n<div id=\"viewer-dt1xu745\" class=\"-Zro6 -ZADH IjV6v _57WYp\"><span class=\"d0767\">\u00a0<\/span><\/div>\n<p id=\"viewer-fvkkq746\" class=\"-Zro6 -ZADH vVfzz AnCKd _57WYp\"><span class=\"d0767 vVfzz\">Adicionalmente, el SNEA instalar\u00e1 un m\u00f3dulo de atenci\u00f3n que brindar\u00e1 informaci\u00f3n y orientaci\u00f3n sobre otras oportunidades en Aguascalientes e incluso en el extranjero, para trabajar en Canad\u00e1 y Estados Unidos; para conocer m\u00e1s detalles se puede consultar el portal <a class=\"TWoY9 itht3\" href=\"https:\/\/www.empleo.gob.mx\/trabaja-en-el-extranjero\" target=\"_self\" rel=\"noopener noreferrer\"><u>https:\/\/www.empleo.gob.mx\/trabaja-en-el-extranjero<\/u><\/a>.\u00a0<\/span><\/p>\n<div id=\"viewer-u6w8w750\" class=\"-Zro6 -ZADH IjV6v _57WYp\"><span class=\"d0767\">\u00a0<\/span><\/div>\n<p id=\"viewer-00ui5751\" class=\"-Zro6 -ZADH vVfzz AnCKd _57WYp\"><span class=\"d0767 vVfzz\">Se recomienda a las y los interesados acudir con su identificaci\u00f3n oficial, CURP y varias solicitudes de empleo o curriculum vitae para aplicar en las vacantes de su\u00a0 inter\u00e9s.<\/span><\/p>\n<div id=\"viewer-o80pd753\" class=\"-Zro6 -ZADH IjV6v _57WYp\"><span class=\"d0767\">\u00a0<\/span><\/div>\n<p id=\"viewer-0rztm754\" class=\"-Zro6 -ZADH vVfzz AnCKd _57WYp\"><span class=\"d0767 vVfzz\">Quienes requieran mayores informes, pueden comunicarse al Tel. 449 910 25 89, con atenci\u00f3n de lunes a viernes de 8:00 a 15:30 horas.<\/span><\/p>\n<div id=\"viewer-jkcik756\" class=\"-Zro6 -ZADH IjV6v _57WYp\"><\/div>\n","protected":false},"excerpt":{"rendered":"<p>#novaradioaguascalientes #informativoelvalledeaguascalientes #informativoelvalledeaguascalientesll #ElGigantedeMexico &nbsp; El Servicio Estatal y Nacional de Empleo Aguascalientes (SNEA) invita a las y los habitantes de Pabell\u00f3n de Arteaga y zonas cercanas, a la Brigada de Empleo en tu Municipio que se realizar\u00e1 este martes 14 de noviembre.\u00a0 \u00a0 Una de las prioridades de la gobernadora de Aguascalientes, Tere Jim\u00e9nez, [&hellip;]<\/p>\n","protected":false},"author":1,"featured_media":50504,"comment_status":"closed","ping_status":"open","sticky":false,"template":"","format":"standard","meta":{"advanced_seo_description":"","jetpack_seo_html_title":"","jetpack_seo_noindex":false,"_jetpack_memberships_contains_paid_content":false,"footnotes":"","jetpack_publicize_message":"","jetpack_publicize_feature_enabled":true,"jetpack_social_post_already_shared":true,"jetpack_social_options":{"image_generator_settings":{"template":"highway","default_image_id":0,"font":"","enabled":false},"version":2}},"categories":[21,4],"tags":[22,615,616],"class_list":["post-50503","post","type-post","status-publish","format-standard","has-post-thumbnail","hentry","category-aguascalientes","category-gobierno-del-estado-aguascalientes","tag-aguascalientes","tag-gobierno-del-estado-de-aguascalientes","tag-snea"],"jetpack_publicize_connections":[],"jetpack_featured_media_url":"https:\/\/i0.wp.com\/informativoelvalledeaguascalientes.online\/wp-content\/uploads\/2023\/11\/WhatsApp-Image-2023-11-10-at-9.15.12-AM-4.jpeg?fit=1024%2C471&ssl=1","jetpack-related-posts":[],"jetpack_sharing_enabled":true,"jetpack_likes_enabled":true,"_links":{"self":[{"href":"https:\/\/informativoelvalledeaguascalientes.online\/index.php?rest_route=\/wp\/v2\/posts\/50503","targetHints":{"allow":["GET"]}}],"collection":[{"href":"https:\/\/informativoelvalledeaguascalientes.online\/index.php?rest_route=\/wp\/v2\/posts"}],"about":[{"href":"https:\/\/informativoelvalledeaguascalientes.online\/index.php?rest_route=\/wp\/v2\/types\/post"}],"author":[{"embeddable":true,"href":"https:\/\/informativoelvalledeaguascalientes.online\/index.php?rest_route=\/wp\/v2\/users\/1"}],"replies":[{"embeddable":true,"href":"https:\/\/informativoelvalledeaguascalientes.online\/index.php?rest_route=%2Fwp%2Fv2%2Fcomments&post=50503"}],"version-history":[{"count":1,"href":"https:\/\/informativoelvalledeaguascalientes.online\/index.php?rest_route=\/wp\/v2\/posts\/50503\/revisions"}],"predecessor-version":[{"id":50505,"href":"https:\/\/informativoelvalledeaguascalientes.online\/index.php?rest_route=\/wp\/v2\/posts\/50503\/revisions\/50505"}],"wp:featuredmedia":[{"embeddable":true,"href":"https:\/\/informativoelvalledeaguascalientes.online\/index.php?rest_route=\/wp\/v2\/media\/50504"}],"wp:attachment":[{"href":"https:\/\/informativoelvalledeaguascalientes.online\/index.php?rest_route=%2Fwp%2Fv2%2Fmedia&parent=50503"}],"wp:term":[{"taxonomy":"category","embeddable":true,"href":"https:\/\/informativoelvalledeaguascalientes.online\/index.php?rest_route=%2Fwp%2Fv2%2Fcategories&post=50503"},{"taxonomy":"post_tag","embeddable":true,"href":"https:\/\/informativoelvalledeaguascalientes.online\/index.php?rest_route=%2Fwp%2Fv2%2Ftags&post=50503"}],"curies":[{"name":"wp","href":"https:\/\/api.w.org\/{rel}","templated":true}]}}