{"id":5006,"date":"2020-04-05T19:32:19","date_gmt":"2020-04-06T01:32:19","guid":{"rendered":"https:\/\/informativoelvalledeaguascalientes.online\/?p=5006"},"modified":"2020-04-05T19:32:19","modified_gmt":"2020-04-06T01:32:19","slug":"colaboran-gobierno-del-estado-y-profeco-para-garantizar-precios-justos-en-articulos-de-canasta-basica","status":"publish","type":"post","link":"https:\/\/informativoelvalledeaguascalientes.online\/?p=5006","title":{"rendered":"COLABORAN GOBIERNO DEL ESTADO Y PROFECO PARA GARANTIZAR PRECIOS JUSTOS EN ART\u00cdCULOS DE CANASTA B\u00c1SICA"},"content":{"rendered":"<ul>\n<li style=\"font-weight: 400;\"><strong><em>Se busca brindar tranquilidad a la poblaci\u00f3n, con un trabajo coordinado y con apego a la legalidad<\/em><\/strong><\/li>\n<li style=\"font-weight: 400;\"><strong><em>Profeco atiende a los consumidores a trav\u00e9s del 01800 468 8722 y el correo\u00a0<\/em><\/strong><a href=\"mailto:denunciasprofeco@profeco.gob.mx\"><strong><em>denunciasprofeco@profeco.gob.mx<\/em><\/strong><\/a><strong><em>\u00a0<\/em><\/strong><\/li>\n<\/ul>\n<p style=\"font-weight: 400;\">\n<p style=\"font-weight: 400;\">La secretaria General de Gobierno, Siomar Estrada Cruz, sostuvo una reuni\u00f3n de trabajo con el director de zona de la Procuradur\u00eda Federal del Consumidor (PROFECO), Carlos Olvera \u00c1vila, en la que acordaron colaborar de manera conjunta para\u00a0 garantizar precios justos para la poblaci\u00f3n respecto a diversos\u00a0 art\u00edculos de la canasta b\u00e1sica, as\u00ed como para evitar abusos en el alza de precios, particularmente en esta contingencia sanitaria por la propagaci\u00f3n del Coronavirus en la entidad..<\/p>\n<p style=\"font-weight: 400;\">\n<p style=\"font-weight: 400;\">Durante la reuni\u00f3n, Estrada Cruz precis\u00f3 que por instrucciones del gobernador Mart\u00edn Orozco Sandoval, se buscar\u00e1 mantener un trabajo estrecho, coordinado y permanente con autoridades de la PROFECO para brindar tranquilidad y certeza a la poblaci\u00f3n, particularmente en el tema de la provisi\u00f3n de alimentos, bajo los lineamientos de respeto a sus derechos como consumidores y de justicia en el pago de los precios, con total apego a la legalidad en la materia.<\/p>\n<p style=\"font-weight: 400;\">\n<p style=\"font-weight: 400;\">Por su parte, el titular de la PROFECO en la entidad, agradeci\u00f3 la disposici\u00f3n de las autoridades estatales para realizar un trabajo conjunto, poniendo a disposici\u00f3n de los aguascalentenses el programa \u201cQui\u00e9n es Qui\u00e9n en los Precios\u201d, disponible en el sitio web<a href=\"https:\/\/www.profeco.gob.mx\/precios\/canasta\/default.aspx\" data-saferedirecturl=\"https:\/\/www.google.com\/url?q=https:\/\/www.profeco.gob.mx\/precios\/canasta\/default.aspx&amp;source=gmail&amp;ust=1586222813507000&amp;usg=AFQjCNGjyPx55lthHnyQXDJ_mJwNdag4AQ\">https:\/\/www.profeco.gob.mx\/precios\/canasta\/default.aspx<\/a>, para consulta de precios m\u00ednimos y m\u00e1ximos de los art\u00edculos de la canasta b\u00e1sica.<\/p>\n<p style=\"font-weight: 400;\">\n<p style=\"font-weight: 400;\">Finalmente, Olvera \u00c1vila proporcion\u00f3 medios de atenci\u00f3n al consumidor y de denuncia, a trav\u00e9s del n\u00famero nacional del consumidor 01800 468 8722 y la cuenta de correo electr\u00f3nico\u00a0<a href=\"mailto:denunciasprofeco@profeco.gob.mx\">denunciasprofeco@profeco.gob.mx<\/a>, para que por medio de mensaje, se env\u00ede el nombre del establecimiento, la irregularidad detectada y el nombre del denunciante.<\/p>\n<p style=\"font-weight: 400;\">\n","protected":false},"excerpt":{"rendered":"<p>Se busca brindar tranquilidad a la poblaci\u00f3n, con un trabajo coordinado y con apego a la legalidad Profeco atiende a los consumidores a trav\u00e9s del 01800 468 8722 y el correo\u00a0denunciasprofeco@profeco.gob.mx\u00a0 La secretaria General de Gobierno, Siomar Estrada Cruz, sostuvo una reuni\u00f3n de trabajo con el director de zona de la Procuradur\u00eda Federal del Consumidor [&hellip;]<\/p>\n","protected":false},"author":1,"featured_media":5007,"comment_status":"closed","ping_status":"open","sticky":false,"template":"","format":"standard","meta":{"advanced_seo_description":"","jetpack_seo_html_title":"","jetpack_seo_noindex":false,"_jetpack_memberships_contains_paid_content":false,"footnotes":"","jetpack_publicize_message":"","jetpack_publicize_feature_enabled":true,"jetpack_social_post_already_shared":true,"jetpack_social_options":{"image_generator_settings":{"template":"highway","default_image_id":0,"font":"","enabled":false},"version":2}},"categories":[21,4],"tags":[22,203,51],"class_list":["post-5006","post","type-post","status-publish","format-standard","has-post-thumbnail","hentry","category-aguascalientes","category-gobierno-del-estado-aguascalientes","tag-aguascalientes","tag-profeco","tag-seggob"],"jetpack_publicize_connections":[],"jetpack_featured_media_url":"https:\/\/i0.wp.com\/informativoelvalledeaguascalientes.online\/wp-content\/uploads\/2020\/04\/seggob_05042020.jpg?fit=946%2C631&ssl=1","jetpack-related-posts":[],"jetpack_sharing_enabled":true,"jetpack_likes_enabled":true,"_links":{"self":[{"href":"https:\/\/informativoelvalledeaguascalientes.online\/index.php?rest_route=\/wp\/v2\/posts\/5006","targetHints":{"allow":["GET"]}}],"collection":[{"href":"https:\/\/informativoelvalledeaguascalientes.online\/index.php?rest_route=\/wp\/v2\/posts"}],"about":[{"href":"https:\/\/informativoelvalledeaguascalientes.online\/index.php?rest_route=\/wp\/v2\/types\/post"}],"author":[{"embeddable":true,"href":"https:\/\/informativoelvalledeaguascalientes.online\/index.php?rest_route=\/wp\/v2\/users\/1"}],"replies":[{"embeddable":true,"href":"https:\/\/informativoelvalledeaguascalientes.online\/index.php?rest_route=%2Fwp%2Fv2%2Fcomments&post=5006"}],"version-history":[{"count":1,"href":"https:\/\/informativoelvalledeaguascalientes.online\/index.php?rest_route=\/wp\/v2\/posts\/5006\/revisions"}],"predecessor-version":[{"id":5008,"href":"https:\/\/informativoelvalledeaguascalientes.online\/index.php?rest_route=\/wp\/v2\/posts\/5006\/revisions\/5008"}],"wp:featuredmedia":[{"embeddable":true,"href":"https:\/\/informativoelvalledeaguascalientes.online\/index.php?rest_route=\/wp\/v2\/media\/5007"}],"wp:attachment":[{"href":"https:\/\/informativoelvalledeaguascalientes.online\/index.php?rest_route=%2Fwp%2Fv2%2Fmedia&parent=5006"}],"wp:term":[{"taxonomy":"category","embeddable":true,"href":"https:\/\/informativoelvalledeaguascalientes.online\/index.php?rest_route=%2Fwp%2Fv2%2Fcategories&post=5006"},{"taxonomy":"post_tag","embeddable":true,"href":"https:\/\/informativoelvalledeaguascalientes.online\/index.php?rest_route=%2Fwp%2Fv2%2Ftags&post=5006"}],"curies":[{"name":"wp","href":"https:\/\/api.w.org\/{rel}","templated":true}]}}