{"id":49980,"date":"2023-10-23T22:42:58","date_gmt":"2023-10-24T04:42:58","guid":{"rendered":"https:\/\/informativoelvalledeaguascalientes.online\/?p=49980"},"modified":"2023-10-23T22:42:58","modified_gmt":"2023-10-24T04:42:58","slug":"%f0%9d%90%84%f0%9d%90%a7%f0%9d%90%ad%f0%9d%90%ab%f0%9d%90%9e%f0%9d%90%a0%f0%9d%90%9a-%f0%9d%90%83%f0%9d%90%9a%f0%9d%90%a7%f0%9d%90%a2%f0%9d%90%9e%f0%9d%90%a5-%f0%9d%90%91%f0%9d%90%a8%f0%9d%90%a6","status":"publish","type":"post","link":"https:\/\/informativoelvalledeaguascalientes.online\/?p=49980","title":{"rendered":"\ud835\udc04\ud835\udc27\ud835\udc2d\ud835\udc2b\ud835\udc1e\ud835\udc20\ud835\udc1a \ud835\udc03\ud835\udc1a\ud835\udc27\ud835\udc22\ud835\udc1e\ud835\udc25 \ud835\udc11\ud835\udc28\ud835\udc26\ud835\udc28 \ud835\udc14\ud835\udc2b\ud835\udc2b\ud835\udc2e\ud835\udc2d\ud835\udc22\ud835\udc1a, \ud835\udc2c\ud835\udc2e \ud835\udc12\ud835\udc1e\ud835\udc20\ud835\udc2e\ud835\udc27\ud835\udc1d\ud835\udc28 \ud835\udc08\ud835\udc27\ud835\udc1f\ud835\udc28\ud835\udc2b\ud835\udc26\ud835\udc1e \ud835\udc1d\ud835\udc1e \ud835\udc06\ud835\udc28\ud835\udc1b\ud835\udc22\ud835\udc1e\ud835\udc2b\ud835\udc27\ud835\udc28 \ud835\udc1a\ud835\udc25 \ud835\udc07. \ud835\udc02\ud835\udc1a\ud835\udc1b\ud835\udc22\ud835\udc25\ud835\udc1d\ud835\udc28 \ud835\udc1d\ud835\udc1e \ud835\udc02\ud835\udc1a\ud835\udc25\ud835\udc2f\ud835\udc22\ud835\udc25\ud835\udc25\ud835\udc28."},"content":{"rendered":"<p><strong><a href=\"https:\/\/www.facebook.com\/hashtag\/informativoelvalledeaguascalientes\">#informativoelvalledeaguascalientes<\/a><\/strong><\/p>\n<p><strong><a href=\"https:\/\/www.facebook.com\/hashtag\/novaradioaguascalientes\">#novaradioaguascalientes<\/a><\/strong><\/p>\n<p>&nbsp;<\/p>\n<p>Daniel Romo Urrutia, presidente municipal de Calvillo, entreg\u00f3 su Segundo Informe de Gobierno a las y los integrantes de Cabildo del H. Ayuntamiento, en una sesi\u00f3n solemne que cont\u00f3 con la presencia del Mtro. Florentino de Jes\u00fas Reyes Berlie, secretario general de Gobierno, en representaci\u00f3n de la gobernadora del Estado de Aguascalientes, Tere Jim\u00e9nez; y la Magistrada Martha Elba D\u00e1vila P\u00e9rez, en representaci\u00f3n del doctor Juan Rojas Garc\u00eda, presidente del Supremo Tribunal de Justicia del Estado.<\/p>\n<p>El alcalde present\u00f3 los principales logros alcanzados durante este segundo a\u00f1o de gesti\u00f3n: &#8220;en estos dos a\u00f1os he puesto todo mi empe\u00f1o, toda mi dedicaci\u00f3n en responder con trabajo efectivo a la voluntad que los ciudadanos han depositado en m\u00ed&#8230; juntos estamos construyendo un mejor municipio, realizando acciones que inciden directamente en una mejor calidad de vida para todas y para todos&#8221;.<\/p>\n<p>Romo Urrutia, destac\u00f3 que, estos resultados logrados son gracias al respaldo de las y los integrantes de este Cabildo, quienes de la mano con la ciudadan\u00eda hacen posible entregar buenas cuentas y alcanzar las metas propuestas, as\u00ed mismo agradeci\u00f3 el apoyo y el compromiso de la Gobernadora Tere Jim\u00e9nez para realizar acciones y sumar esfuerzos que fortalezcan la construcci\u00f3n del Calvillo Responsable, L\u00edder, Atractivo, Unido y Confiable que todas y todos queremos.<\/p>\n<p>La presentaci\u00f3n del Segundo Informe de Gobierno a la ciudadan\u00eda se realizar\u00e1 este jueves 19 de octubre, a las 6:30 pm, teniendo como sede el Poliforum Municipal.<\/p>\n<p>\ud835\udde6\ud835\uddf2\ud835\uddff\ud835\ude03\ud835\uddf6\ud835\uddff \ud835\uddfd\ud835\uddee\ud835\uddff\ud835\uddee \ud835\ude01\ud835\uddff\ud835\uddee\ud835\ude00\ud835\uddf0\ud835\uddf2\ud835\uddfb\ud835\uddf1\ud835\uddf2\ud835\uddff<br \/>\n#2\u00baInformeDRU #2A\u00f1osJuntos #2A\u00f1osDeLogros<\/p>\n","protected":false},"excerpt":{"rendered":"<p>#informativoelvalledeaguascalientes #novaradioaguascalientes &nbsp; Daniel Romo Urrutia, presidente municipal de Calvillo, entreg\u00f3 su Segundo Informe de Gobierno a las y los integrantes de Cabildo del H. Ayuntamiento, en una sesi\u00f3n solemne que cont\u00f3 con la presencia del Mtro. Florentino de Jes\u00fas Reyes Berlie, secretario general de Gobierno, en representaci\u00f3n de la gobernadora del Estado de Aguascalientes, [&hellip;]<\/p>\n","protected":false},"author":1,"featured_media":49981,"comment_status":"closed","ping_status":"open","sticky":false,"template":"","format":"standard","meta":{"advanced_seo_description":"","jetpack_seo_html_title":"","jetpack_seo_noindex":false,"_jetpack_memberships_contains_paid_content":false,"footnotes":"","jetpack_publicize_message":"","jetpack_publicize_feature_enabled":true,"jetpack_social_post_already_shared":true,"jetpack_social_options":{"image_generator_settings":{"template":"highway","default_image_id":0,"font":"","enabled":false},"version":2}},"categories":[21,13],"tags":[22,88,29],"class_list":["post-49980","post","type-post","status-publish","format-standard","has-post-thumbnail","hentry","category-aguascalientes","category-calvillo-aguascalientes","tag-aguascalientes","tag-calvillo","tag-calvillo-aguascalientes"],"jetpack_publicize_connections":[],"jetpack_featured_media_url":"https:\/\/i0.wp.com\/informativoelvalledeaguascalientes.online\/wp-content\/uploads\/2023\/10\/b7699f5c-3c89-45df-adc1-c0a378881b16.jpg?fit=1600%2C1066&ssl=1","jetpack-related-posts":[],"jetpack_sharing_enabled":true,"jetpack_likes_enabled":true,"_links":{"self":[{"href":"https:\/\/informativoelvalledeaguascalientes.online\/index.php?rest_route=\/wp\/v2\/posts\/49980","targetHints":{"allow":["GET"]}}],"collection":[{"href":"https:\/\/informativoelvalledeaguascalientes.online\/index.php?rest_route=\/wp\/v2\/posts"}],"about":[{"href":"https:\/\/informativoelvalledeaguascalientes.online\/index.php?rest_route=\/wp\/v2\/types\/post"}],"author":[{"embeddable":true,"href":"https:\/\/informativoelvalledeaguascalientes.online\/index.php?rest_route=\/wp\/v2\/users\/1"}],"replies":[{"embeddable":true,"href":"https:\/\/informativoelvalledeaguascalientes.online\/index.php?rest_route=%2Fwp%2Fv2%2Fcomments&post=49980"}],"version-history":[{"count":1,"href":"https:\/\/informativoelvalledeaguascalientes.online\/index.php?rest_route=\/wp\/v2\/posts\/49980\/revisions"}],"predecessor-version":[{"id":49982,"href":"https:\/\/informativoelvalledeaguascalientes.online\/index.php?rest_route=\/wp\/v2\/posts\/49980\/revisions\/49982"}],"wp:featuredmedia":[{"embeddable":true,"href":"https:\/\/informativoelvalledeaguascalientes.online\/index.php?rest_route=\/wp\/v2\/media\/49981"}],"wp:attachment":[{"href":"https:\/\/informativoelvalledeaguascalientes.online\/index.php?rest_route=%2Fwp%2Fv2%2Fmedia&parent=49980"}],"wp:term":[{"taxonomy":"category","embeddable":true,"href":"https:\/\/informativoelvalledeaguascalientes.online\/index.php?rest_route=%2Fwp%2Fv2%2Fcategories&post=49980"},{"taxonomy":"post_tag","embeddable":true,"href":"https:\/\/informativoelvalledeaguascalientes.online\/index.php?rest_route=%2Fwp%2Fv2%2Ftags&post=49980"}],"curies":[{"name":"wp","href":"https:\/\/api.w.org\/{rel}","templated":true}]}}