{"id":49977,"date":"2023-10-23T22:31:08","date_gmt":"2023-10-24T04:31:08","guid":{"rendered":"https:\/\/informativoelvalledeaguascalientes.online\/?p=49977"},"modified":"2023-10-23T22:31:08","modified_gmt":"2023-10-24T04:31:08","slug":"inicia-miaa-formalmente-operaciones-del-servicio-de-agua","status":"publish","type":"post","link":"https:\/\/informativoelvalledeaguascalientes.online\/?p=49977","title":{"rendered":"INICIA MIAA FORMALMENTE OPERACIONES DEL SERVICIO DE AGUA"},"content":{"rendered":"<p><strong><a href=\"https:\/\/www.facebook.com\/hashtag\/informativoelvalledeaguascalientes\">#informativoelvalledeaguascalientes<\/a><\/strong><\/p>\n<p><strong><a href=\"https:\/\/www.facebook.com\/hashtag\/novaradioaguascalientes\">#novaradioaguascalientes<\/a><\/strong><\/p>\n<p><strong><a class=\"x1i10hfl xjbqb8w x6umtig x1b1mbwd xaqea5y xav7gou x9f619 x1ypdohk xt0psk2 xe8uvvx xdj266r x11i5rnm xat24cr x1mh8g0r xexx8yu x4uap5 x18d9i69 xkhd6sd x16tdsg8 x1hl2dhg xggy1nq x1a2a7pz xt0b8zv x1qq9wsj xo1l8bm\" tabindex=\"0\" role=\"link\" href=\"https:\/\/www.facebook.com\/hashtag\/laciudaddetuvida?__eep__=6&amp;__cft__[0]=AZVUzG-uzEgkHBxlWi4clX4-qXx_nfGicugdShvx3oYxvDeUIl1My5bfFXiXTmVU7O9FCNwHdVuQiVqIjO99-u7dxeUq1S3CqcB1PNpBXLQtm-Q1JLiRFFX8c4SEMe3VqRRgSs9kS8-Ajp6HnW6ebLd3GeB3j-SCsEGrTUVXz1WdbDeQs8bs0Dry33nLaV6fVU4&amp;__tn__=*NK-R\">#LaCiudadDeTuVida<\/a><\/strong><\/p>\n<p>&nbsp;<\/p>\n<p>&nbsp;<\/p>\n<ul>\n<li><strong>Desde el domingo 22 de octubre se comenz\u00f3 a trabajar con las debidas instalaciones, infraestructura, pozos y se le otorg\u00f3 con oportunidad el servicio a la ciudadan\u00eda<\/strong><\/li>\n<\/ul>\n<p>El presidente municipal,\u00a0<strong>Leo Monta\u00f1ez<\/strong>, en el inicio formal de operaciones del Modelo Integral de Aguas de Aguascalientes (MIAA), indic\u00f3 que comienza un nuevo cap\u00edtulo en la prestaci\u00f3n del servicio de agua potable, alcantarillado y saneamiento, el cual se lleva a cabo desde este domingo 22 de octubre de manera oportuna contando con las instalaciones, infraestructura, personal y operaci\u00f3n de m\u00e1s de 200 pozos, para llevar el agua a los usuarios.<\/p>\n<p>Desde las oficinas principales de MIAA, en el Centro de Atenci\u00f3n Municipal en L\u00f3pez Mateos, reiter\u00f3 que se trabaja desde la etapa de planeaci\u00f3n con la m\u00e1s alta responsabilidad para otorgarle a la ciudadan\u00eda el servicio de calidad que se merecen, y en este sentido, resalt\u00f3 el compromiso de la gobernadora Tere Jim\u00e9nez y del Congreso del Estado, por el respaldo a este gran proyecto que es de beneficio para toda la poblaci\u00f3n.<\/p>\n<p><strong>Leo Monta\u00f1ez<\/strong>\u00a0recalc\u00f3 el llamado al personal a hacer prevalecer el esp\u00edritu de servicio y puntualiz\u00f3 que mejorar\u00e1 la infraestructura y se trabajar\u00e1 arduamente sin importar el horario o inclemencias del clima, para superar retos y posicionar a MIAA como ejemplo en la atenci\u00f3n y prestaci\u00f3n del servicio.<\/p>\n<p>Por su parte, el presidente del Consejo Ciudadano,\u00a0<strong>Javier Buenrostro G\u00e1ndara<\/strong>, enfatiz\u00f3 que se comenz\u00f3 a trabajar con un buen est\u00e1ndar de calidad y operaci\u00f3n para beneficiar a alrededor de 1 mill\u00f3n de usuarios, para lo cual se cuenta con el recurso h\u00eddrico, el talento de ingenieros civiles, qu\u00edmicos y ge\u00f3logos, adem\u00e1s de instalaciones funcionales para escuchar, atender y entender a la poblaci\u00f3n.<\/p>\n<p>El director general de MIAA,\u00a0<strong>Jes\u00fas Vall\u00edn Contreras<\/strong>, mencion\u00f3 que el primer d\u00eda de trabajo se tuvo un saldo positivo; al agradecer la confianza de la ciudadan\u00eda asegur\u00f3 que se redoblar\u00e1n esfuerzos para prestar un servicio con continuidad, cobertura, cantidad, calidad e impulsando la cultura del agua para dar un uso \u00f3ptimo y racional al vital l\u00edquido.<\/p>\n<p>Explic\u00f3 que se implement\u00f3 una estrategia de planeaci\u00f3n a trav\u00e9s de la que se sectoriz\u00f3 la ciudad en 5 distritos: Cartagena, al norte; Miradores, en centro-norte; Real del Sol, en centro-sur; Mujeres Ilustres, al sur y Poniente.<\/p>\n<p>Puso a disposici\u00f3n de la poblaci\u00f3n los 25 puntos de atenci\u00f3n. Explic\u00f3 que en el CAM se ubicar\u00e1n \u00e1reas como la administrativa, jur\u00eddica y ventanillas de atenci\u00f3n; en las instalaciones de la calle Salvador Quezada Lim\u00f3n de encontrar\u00e1 la direcci\u00f3n t\u00e9cnica operativa, adem\u00e1s de cajas y m\u00f3dulos para recibir al p\u00fablico.<\/p>\n<p>Record\u00f3 que se cuenta ya con puntos de atenci\u00f3n en plazas y centros comerciales como Plaza Espacio, San Marcos, Olivos, Jagger, Cumbres, Villasunci\u00f3n y Galer\u00edas. Asimismo, en las Delegaciones Municipales Urbanas y Rurales.<\/p>\n<p>Est\u00e1n disponibles tambi\u00e9n las l\u00edneas 073, 072 y el Whatsapp 449 469 99 43, a los cuales los usuarios pueden pedir informaci\u00f3n, pasar sugerencias y reportes sobre el servicio.<\/p>\n<p>Se cont\u00f3 con la presencia en este evento de presentaci\u00f3n realizado en el CAM, del secretario general de Gobierno del Estado,\u00a0<strong>Florentino Reyes Berli\u00e9;\u00a0<\/strong>\u00a0el secretario de Finanzas Estatales,\u00a0<strong>\u00a0Alfredo Mart\u00edn Cervantes Garc\u00eda;\u00a0<\/strong>el secretario de Comunicaci\u00f3n Social y Vocer\u00eda del Estado,\u00a0<strong>Kike de la Torre;<\/strong>\u00a0los diputados locales\u00a0<strong>Jaime Gonz\u00e1lez de Le\u00f3n, Max Ram\u00edrez, Mar\u00eda de Jes\u00fas D\u00edaz Marmolejo, Jos\u00e9 de Jes\u00fas Altamira Acosta, Ra\u00fal Silva Perezchica, Nancy Guti\u00e9rrez Ruvalcaba, Francisco S\u00e1nchez, Alma Hilda Medina Mac\u00edas y Gladys Ram\u00edrez Aguilar;\u00a0<\/strong>los s\u00edndicos del Ayuntamiento<strong>\u00a0H\u00e9ctor Hugo Aguilera Cordero y Martha Elisa Gonz\u00e1lez Estrada;\u00a0<\/strong>\u00a0los regidores\u00a0<strong>\u00a0Luis Armando Salazar Mora, Edgar Due\u00f1as Mac\u00edas, \u00a0Alejandro Serrano Almanza, Juan Guillermo Alaniz de Le\u00f3n, Mirna Medina Ruvalcaba, Mar\u00eda Guadalupe Arellano Espinosa y Marisol Barr\u00f3n Betancourt;\u00a0<\/strong>\u00a0as\u00ed como integrantes del gabinete municipal, presidentes de c\u00e1maras empresariales, \u00a0colegios de profesionistas y organizaciones sociales.<\/p>\n","protected":false},"excerpt":{"rendered":"<p>#informativoelvalledeaguascalientes #novaradioaguascalientes #LaCiudadDeTuVida &nbsp; &nbsp; Desde el domingo 22 de octubre se comenz\u00f3 a trabajar con las debidas instalaciones, infraestructura, pozos y se le otorg\u00f3 con oportunidad el servicio a la ciudadan\u00eda El presidente municipal,\u00a0Leo Monta\u00f1ez, en el inicio formal de operaciones del Modelo Integral de Aguas de Aguascalientes (MIAA), indic\u00f3 que comienza un nuevo [&hellip;]<\/p>\n","protected":false},"author":1,"featured_media":49978,"comment_status":"closed","ping_status":"open","sticky":false,"template":"","format":"standard","meta":{"advanced_seo_description":"","jetpack_seo_html_title":"","jetpack_seo_noindex":false,"_jetpack_memberships_contains_paid_content":false,"footnotes":"","jetpack_publicize_message":"","jetpack_publicize_feature_enabled":true,"jetpack_social_post_already_shared":true,"jetpack_social_options":{"image_generator_settings":{"template":"highway","default_image_id":0,"font":"","enabled":false},"version":2}},"categories":[21,3],"tags":[22,25,666],"class_list":["post-49977","post","type-post","status-publish","format-standard","has-post-thumbnail","hentry","category-aguascalientes","category-municipio-aguascalientes","tag-aguascalientes","tag-mpio-aguascalientes","tag-mpio-aguascalientes-miaa"],"jetpack_publicize_connections":[],"jetpack_featured_media_url":"https:\/\/i0.wp.com\/informativoelvalledeaguascalientes.online\/wp-content\/uploads\/2023\/10\/mpio-ags-miaa-arranca.jpg?fit=2400%2C1600&ssl=1","jetpack-related-posts":[],"jetpack_sharing_enabled":true,"jetpack_likes_enabled":true,"_links":{"self":[{"href":"https:\/\/informativoelvalledeaguascalientes.online\/index.php?rest_route=\/wp\/v2\/posts\/49977","targetHints":{"allow":["GET"]}}],"collection":[{"href":"https:\/\/informativoelvalledeaguascalientes.online\/index.php?rest_route=\/wp\/v2\/posts"}],"about":[{"href":"https:\/\/informativoelvalledeaguascalientes.online\/index.php?rest_route=\/wp\/v2\/types\/post"}],"author":[{"embeddable":true,"href":"https:\/\/informativoelvalledeaguascalientes.online\/index.php?rest_route=\/wp\/v2\/users\/1"}],"replies":[{"embeddable":true,"href":"https:\/\/informativoelvalledeaguascalientes.online\/index.php?rest_route=%2Fwp%2Fv2%2Fcomments&post=49977"}],"version-history":[{"count":1,"href":"https:\/\/informativoelvalledeaguascalientes.online\/index.php?rest_route=\/wp\/v2\/posts\/49977\/revisions"}],"predecessor-version":[{"id":49979,"href":"https:\/\/informativoelvalledeaguascalientes.online\/index.php?rest_route=\/wp\/v2\/posts\/49977\/revisions\/49979"}],"wp:featuredmedia":[{"embeddable":true,"href":"https:\/\/informativoelvalledeaguascalientes.online\/index.php?rest_route=\/wp\/v2\/media\/49978"}],"wp:attachment":[{"href":"https:\/\/informativoelvalledeaguascalientes.online\/index.php?rest_route=%2Fwp%2Fv2%2Fmedia&parent=49977"}],"wp:term":[{"taxonomy":"category","embeddable":true,"href":"https:\/\/informativoelvalledeaguascalientes.online\/index.php?rest_route=%2Fwp%2Fv2%2Fcategories&post=49977"},{"taxonomy":"post_tag","embeddable":true,"href":"https:\/\/informativoelvalledeaguascalientes.online\/index.php?rest_route=%2Fwp%2Fv2%2Ftags&post=49977"}],"curies":[{"name":"wp","href":"https:\/\/api.w.org\/{rel}","templated":true}]}}