{"id":49974,"date":"2023-10-23T22:26:33","date_gmt":"2023-10-24T04:26:33","guid":{"rendered":"https:\/\/informativoelvalledeaguascalientes.online\/?p=49974"},"modified":"2023-10-23T22:26:33","modified_gmt":"2023-10-24T04:26:33","slug":"mas-de-15-mil-asistentes-en-el-concierto-de-juanes-por-el-448-aniversario-de-la-ciudad","status":"publish","type":"post","link":"https:\/\/informativoelvalledeaguascalientes.online\/?p=49974","title":{"rendered":"M\u00c1S DE 15 MIL ASISTENTES EN EL CONCIERTO DE JUANES POR EL 448 ANIVERSARIO DE LA CIUDAD"},"content":{"rendered":"<p><strong><a href=\"https:\/\/www.facebook.com\/hashtag\/informativoelvalledeaguascalientes\">#informativoelvalledeaguascalientes<\/a><\/strong><\/p>\n<p><strong><a href=\"https:\/\/www.facebook.com\/hashtag\/novaradioaguascalientes\">#novaradioaguascalientes<\/a><\/strong><\/p>\n<p><strong><a class=\"x1i10hfl xjbqb8w x6umtig x1b1mbwd xaqea5y xav7gou x9f619 x1ypdohk xt0psk2 xe8uvvx xdj266r x11i5rnm xat24cr x1mh8g0r xexx8yu x4uap5 x18d9i69 xkhd6sd x16tdsg8 x1hl2dhg xggy1nq x1a2a7pz xt0b8zv x1qq9wsj xo1l8bm\" tabindex=\"0\" role=\"link\" href=\"https:\/\/www.facebook.com\/hashtag\/laciudaddetuvida?__eep__=6&amp;__cft__[0]=AZVUzG-uzEgkHBxlWi4clX4-qXx_nfGicugdShvx3oYxvDeUIl1My5bfFXiXTmVU7O9FCNwHdVuQiVqIjO99-u7dxeUq1S3CqcB1PNpBXLQtm-Q1JLiRFFX8c4SEMe3VqRRgSs9kS8-Ajp6HnW6ebLd3GeB3j-SCsEGrTUVXz1WdbDeQs8bs0Dry33nLaV6fVU4&amp;__tn__=*NK-R\">#LaCiudadDeTuVida<\/a><\/strong><\/p>\n<p>&nbsp;<\/p>\n<p>&nbsp;<\/p>\n<p>Espectacular concierto de\u00a0<strong>Juanes<\/strong>\u00a0con m\u00e1s de 15 mil asistentes cerr\u00f3 con broche de oro el Festival de la Ciudad, al conmemorarse este 22 de octubre el 448 Aniversario de la Fundaci\u00f3n de Aguascalientes.<\/p>\n<p>La presentaci\u00f3n del artista colombiano en Aguascalientes rompi\u00f3 r\u00e9cord en los festejos de la ciudad al reunir en la Plaza de la Patria a personas de todas las edades quienes cantaron las canciones que le han llevado a posicionarse como uno de los cantantes m\u00e1s aclamados de la m\u00fasica en espa\u00f1ol.<\/p>\n<p><strong>Juanes<\/strong>\u00a0agradeci\u00f3 el apoyo y el cari\u00f1o del p\u00fablico que ha seguido su extensa trayectoria en el mundo musical.<\/p>\n<p>Las canciones de este famoso cantautor dejaron huella en los espectadores que se dieron cita al esperado concierto y en quienes siguieron la presentaci\u00f3n en redes sociales.<\/p>\n","protected":false},"excerpt":{"rendered":"<p>#informativoelvalledeaguascalientes #novaradioaguascalientes #LaCiudadDeTuVida &nbsp; &nbsp; Espectacular concierto de\u00a0Juanes\u00a0con m\u00e1s de 15 mil asistentes cerr\u00f3 con broche de oro el Festival de la Ciudad, al conmemorarse este 22 de octubre el 448 Aniversario de la Fundaci\u00f3n de Aguascalientes. La presentaci\u00f3n del artista colombiano en Aguascalientes rompi\u00f3 r\u00e9cord en los festejos de la ciudad al reunir en [&hellip;]<\/p>\n","protected":false},"author":1,"featured_media":49975,"comment_status":"closed","ping_status":"open","sticky":false,"template":"","format":"standard","meta":{"advanced_seo_description":"","jetpack_seo_html_title":"","jetpack_seo_noindex":false,"_jetpack_memberships_contains_paid_content":false,"footnotes":"","jetpack_publicize_message":"","jetpack_publicize_feature_enabled":true,"jetpack_social_post_already_shared":true,"jetpack_social_options":{"image_generator_settings":{"template":"highway","default_image_id":0,"font":"","enabled":false},"version":2}},"categories":[21,3],"tags":[22,25,118],"class_list":["post-49974","post","type-post","status-publish","format-standard","has-post-thumbnail","hentry","category-aguascalientes","category-municipio-aguascalientes","tag-aguascalientes","tag-mpio-aguascalientes","tag-mpio-aguascalientes-imac"],"jetpack_publicize_connections":[],"jetpack_featured_media_url":"https:\/\/i0.wp.com\/informativoelvalledeaguascalientes.online\/wp-content\/uploads\/2023\/10\/mpio-ags-juanes.jpg?fit=2560%2C1707&ssl=1","jetpack-related-posts":[],"jetpack_sharing_enabled":true,"jetpack_likes_enabled":true,"_links":{"self":[{"href":"https:\/\/informativoelvalledeaguascalientes.online\/index.php?rest_route=\/wp\/v2\/posts\/49974","targetHints":{"allow":["GET"]}}],"collection":[{"href":"https:\/\/informativoelvalledeaguascalientes.online\/index.php?rest_route=\/wp\/v2\/posts"}],"about":[{"href":"https:\/\/informativoelvalledeaguascalientes.online\/index.php?rest_route=\/wp\/v2\/types\/post"}],"author":[{"embeddable":true,"href":"https:\/\/informativoelvalledeaguascalientes.online\/index.php?rest_route=\/wp\/v2\/users\/1"}],"replies":[{"embeddable":true,"href":"https:\/\/informativoelvalledeaguascalientes.online\/index.php?rest_route=%2Fwp%2Fv2%2Fcomments&post=49974"}],"version-history":[{"count":1,"href":"https:\/\/informativoelvalledeaguascalientes.online\/index.php?rest_route=\/wp\/v2\/posts\/49974\/revisions"}],"predecessor-version":[{"id":49976,"href":"https:\/\/informativoelvalledeaguascalientes.online\/index.php?rest_route=\/wp\/v2\/posts\/49974\/revisions\/49976"}],"wp:featuredmedia":[{"embeddable":true,"href":"https:\/\/informativoelvalledeaguascalientes.online\/index.php?rest_route=\/wp\/v2\/media\/49975"}],"wp:attachment":[{"href":"https:\/\/informativoelvalledeaguascalientes.online\/index.php?rest_route=%2Fwp%2Fv2%2Fmedia&parent=49974"}],"wp:term":[{"taxonomy":"category","embeddable":true,"href":"https:\/\/informativoelvalledeaguascalientes.online\/index.php?rest_route=%2Fwp%2Fv2%2Fcategories&post=49974"},{"taxonomy":"post_tag","embeddable":true,"href":"https:\/\/informativoelvalledeaguascalientes.online\/index.php?rest_route=%2Fwp%2Fv2%2Ftags&post=49974"}],"curies":[{"name":"wp","href":"https:\/\/api.w.org\/{rel}","templated":true}]}}