{"id":49971,"date":"2023-10-23T22:22:56","date_gmt":"2023-10-24T04:22:56","guid":{"rendered":"https:\/\/informativoelvalledeaguascalientes.online\/?p=49971"},"modified":"2023-10-23T22:22:56","modified_gmt":"2023-10-24T04:22:56","slug":"reconoce-el-ayuntamiento-de-aguascalientes-a-ciudadanos-destacados-en-sesion-solemne-por-el-448-aniversario-de-la-ciudad","status":"publish","type":"post","link":"https:\/\/informativoelvalledeaguascalientes.online\/?p=49971","title":{"rendered":"RECONOCE EL AYUNTAMIENTO DE AGUASCALIENTES A CIUDADANOS DESTACADOS EN SESI\u00d3N SOLEMNE POR EL 448 ANIVERSARIO DE LA CIUDAD"},"content":{"rendered":"<p><strong><a href=\"https:\/\/www.facebook.com\/hashtag\/informativoelvalledeaguascalientes\">#informativoelvalledeaguascalientes<\/a><\/strong><\/p>\n<p><strong><a href=\"https:\/\/www.facebook.com\/hashtag\/novaradioaguascalientes\">#novaradioaguascalientes<\/a><\/strong><\/p>\n<p><strong><a class=\"x1i10hfl xjbqb8w x6umtig x1b1mbwd xaqea5y xav7gou x9f619 x1ypdohk xt0psk2 xe8uvvx xdj266r x11i5rnm xat24cr x1mh8g0r xexx8yu x4uap5 x18d9i69 xkhd6sd x16tdsg8 x1hl2dhg xggy1nq x1a2a7pz xt0b8zv x1qq9wsj xo1l8bm\" tabindex=\"0\" role=\"link\" href=\"https:\/\/www.facebook.com\/hashtag\/laciudaddetuvida?__eep__=6&amp;__cft__[0]=AZVUzG-uzEgkHBxlWi4clX4-qXx_nfGicugdShvx3oYxvDeUIl1My5bfFXiXTmVU7O9FCNwHdVuQiVqIjO99-u7dxeUq1S3CqcB1PNpBXLQtm-Q1JLiRFFX8c4SEMe3VqRRgSs9kS8-Ajp6HnW6ebLd3GeB3j-SCsEGrTUVXz1WdbDeQs8bs0Dry33nLaV6fVU4&amp;__tn__=*NK-R\">#LaCiudadDeTuVida<\/a><\/strong><\/p>\n<p>&nbsp;<\/p>\n<p>&nbsp;<\/p>\n<ul>\n<li><strong>Se reconocieron las acciones, cultura y tradiciones que hicieron y hacen del municipio un lugar m\u00e1s educativo, seguro y sobresaliente<\/strong><\/li>\n<\/ul>\n<p>El Municipio de Aguascalientes celebr\u00f3 este domingo el Aniversario 448 de su fundaci\u00f3n durante una Sesi\u00f3n Solemne que encabez\u00f3 el presidente municipal,\u00a0<strong>Leo Monta\u00f1ez<\/strong>, en el hist\u00f3rico Teatro Morelos.<\/p>\n<p>En este marco,\u00a0<strong>Leo Monta\u00f1ez<\/strong>, agradeci\u00f3 a cada uno de los asistentes a la celebraci\u00f3n de este importante aniversario, y dijo, se trabaja en equipo y se respetan todas las ideolog\u00edas, que al final de cuentas buscan el beneficio de Aguascalientes.<\/p>\n<p>\u00abEste 448 aniversario, permite refrendar la grandeza de nuestro municipio y nuestra ciudad. Estamos dispuestos a seguir trabajando con generosidad, apertura y entusiasmo, es nuestra principal grandeza, sin ego\u00edsmos\u00bb, se\u00f1al\u00f3\u00a0<strong>Leo Monta\u00f1ez<\/strong>.<\/p>\n<p>Adem\u00e1s, mencion\u00f3 que, en esta celebraci\u00f3n tambi\u00e9n se dio un gran paso pues el municipio arranc\u00f3 la operaci\u00f3n del nuevo Modelo Integral de Aguas de Aguascalientes (MIAA); dijo que se continuar\u00e1 con las actividades en beneficio de la calidad de vida de los habitantes de la ciudad, para brindar mejores oportunidades y hacer de la ciudad un lugar sobresaliente, de mayor competencia, seguridad y sostenibilidad.<\/p>\n<p>En este sentido, fueron entregados reconocimientos a ciudadanos destacados por contribuir en diversos ramos como educaci\u00f3n, salud, cultura, y sociedad, y que han puesto en alto el nombre de Aguascalientes<\/p>\n<p>Las personalidades premiadas fueron:<\/p>\n<p><strong>Nadine Cort\u00e9s Calzada.\u00a0<\/strong>Por su trayectoria en favor de los migrantes de Aguascalientes, su compromiso con el respeto a los Derechos Humanos, su trabajo para consolidar la pol\u00edtica migratoria del pa\u00eds y la concientizaci\u00f3n sobre el trato digno a las personas migrantes. Se le otorga el galard\u00f3n como Ciudadana Distinguida<\/p>\n<p><strong>Rogelio Guerrero Reyes.<\/strong>\u00a0Por su destacado desempe\u00f1o educativo, galardonado en olimpiadas de matem\u00e1ticas, a nivel nacional e internacionalmente. Recientemente en la 64 edici\u00f3n de la Olimpiada Internacional de Matem\u00e1ticas celebrada en Chiba, Jap\u00f3n obtuvo la medalla de oro; siendo as\u00ed el quinto participante en la historia de nuestro pa\u00eds en conseguir dicha presea. Recibe el reconocimiento como Ciudadano Distinguido<\/p>\n<p><strong>Mar\u00eda del Carmen Arellano Espinosa.\u00a0<\/strong>En virtud de su desempe\u00f1o ejemplar en actividades profesionales y de su labor social en la ciudad, como apoyos, asistencias y atenci\u00f3n m\u00e9dica al asilo de la Sagrada Familia, promociones rurales y consultas m\u00e9dicas, trabajo social en ladrilleras de Los Arellano, entre otras, se le reconoce como Hidroc\u00e1lida Distinguida<\/p>\n<p><strong>Leandro Eduardo Astrain Ba\u00f1uelos<\/strong>. Debido a su destacada trayectoria acad\u00e9mica y de investigaci\u00f3n. Director del Departamento de Derecho de la Universidad de Guanajuato. Gan\u00f3 la medalla como alumno m\u00e1s destacado en 2017, menci\u00f3n honorifica estatal de la juventud en 2008, es autor y coautor de diversos libros de derecho, nivel 1 en el sistema nacional de investigadores del CONACYT. Recibe el galard\u00f3n como Hidroc\u00e1lido Distinguido<\/p>\n<p><strong>Mart\u00edn Reyes Castillo.\u00a0<\/strong>Dedicado a fomentar el inter\u00e9s por la historia de Aguascalientes, ha recolectado y preservado tesoros invaluables de la ciudad a lo largo de los a\u00f1os, lo que lo ha llevado a crear el museo Mart\u00edn Reyes Castillo donde a trav\u00e9s de fotograf\u00edas, poes\u00eda y art\u00edculos comparte la rica historia de Aguascalientes; a esto se le suman m\u00e9ritos como descubrimiento de t\u00faneles subterr\u00e1neos de la ciudad, y proactividad en ayudar a la conservaci\u00f3n del barrio de La Salud, entre otros. Hoy se le reconoce como Hijo Predilecto<\/p>\n<p><strong>Ismael Rodr\u00edguez Negrete.\u00a0<\/strong>En virtud de su prestigioso desempe\u00f1o como director art\u00edstico de la Banda Sinf\u00f3nica Municipal de Aguascalientes. Particip\u00f3 en 21 grabaciones de la Banda, como ejecutante; 3 discos L.P y como director en 17 discos compactos En 2022 cumpli\u00f3 51 a\u00f1os de pertenecer a la Banda Sinf\u00f3nica, siendo el 22 de enero del 2023 su jubilaci\u00f3n como director art\u00edstico de la banda, y culminando su trayectoria con un homenaje en el teatro Morelos. Por su gran vocaci\u00f3n y legado art\u00edstico la ciudad le reconoce como Hijo Adoptivo<\/p>\n<p><strong>Mar\u00eda Leticia Gonz\u00e1lez Esquivel.<\/strong>\u00a0En virtud de su labor y enorme servicio en pro de la sociedad hidroc\u00e1lida, como el proyecto Abriga un Coraz\u00f3n, brigadas para ayudar a la gente m\u00e1s necesitada entregando \u00fatiles escolares, as\u00ed como juguetes, cobijas y su\u00e9teres en \u00e9pocas navide\u00f1as en 65 comunidades del municipio. Adem\u00e1s, por su distinguido desempe\u00f1o desde 2016 como presidenta del Patronato de Centros de Integraci\u00f3n Juvenil de Aguascalientes.\u00a0 Recibe la presea como Benefactora de la Ciudad<\/p>\n<p>En este aniversario, la regidora presidenta de la Comisi\u00f3n Permanente de Cultura,\u00a0<strong>Marisol Barr\u00f3n Betancourt<\/strong>, hizo un recuento por la historia de la fundaci\u00f3n de esta ciudad, y reconoci\u00f3 a todos aquellos que hicieron una labor invaluable para la creaci\u00f3n de Aguascalientes.<\/p>\n<p>Enalteci\u00f3 la cultura y tradiciones que hacen del municipio un lugar m\u00e1s educativo y seguro; reconoci\u00f3 a mujeres y hombres que gracias a su grandes aportaciones art\u00edsticas, fomentan la paz, sana convivencia y sobre todo la detecci\u00f3n y detenci\u00f3n de la violencia; finalmente, hizo un llamado a la ciudadan\u00eda a continuar con el crecimiento de Aguascalientes, aportar acciones positivas para mantener a la ciudad de \u00a0tu vida.<\/p>\n<p>En la Sesi\u00f3n Solemne, se cont\u00f3 con la presencia de la gobernadora de Aguascalientes,\u00a0<strong>Tere Jim\u00e9nez<\/strong>; del magistrado presidente del Supremo Tribunal de Justicia en el Estado,\u00a0<strong>Juan Rojas Garc\u00eda<\/strong>; as\u00ed como del presidente de la Mesa Directiva del H. Congreso del Estado,\u00a0<strong>Jaime Gonz\u00e1lez de Le\u00f3n<\/strong>; director general de Asuntos Jur\u00eddicos del H. Ayuntamiento y Direcci\u00f3n General de Gobierno; as\u00ed como de regidoras y regidores del H. Cabildo, secretarios de las diversas dependencias municipales,\u00a0 ex presidentes y gobernadores de Aguascalientes, y diputados locales.<\/p>\n","protected":false},"excerpt":{"rendered":"<p>#informativoelvalledeaguascalientes #novaradioaguascalientes #LaCiudadDeTuVida &nbsp; &nbsp; Se reconocieron las acciones, cultura y tradiciones que hicieron y hacen del municipio un lugar m\u00e1s educativo, seguro y sobresaliente El Municipio de Aguascalientes celebr\u00f3 este domingo el Aniversario 448 de su fundaci\u00f3n durante una Sesi\u00f3n Solemne que encabez\u00f3 el presidente municipal,\u00a0Leo Monta\u00f1ez, en el hist\u00f3rico Teatro Morelos. En este [&hellip;]<\/p>\n","protected":false},"author":1,"featured_media":49972,"comment_status":"closed","ping_status":"open","sticky":false,"template":"","format":"standard","meta":{"advanced_seo_description":"","jetpack_seo_html_title":"","jetpack_seo_noindex":false,"_jetpack_memberships_contains_paid_content":false,"footnotes":"","jetpack_publicize_message":"","jetpack_publicize_feature_enabled":true,"jetpack_social_post_already_shared":true,"jetpack_social_options":{"image_generator_settings":{"template":"highway","default_image_id":0,"font":"","enabled":false},"version":2}},"categories":[21,3],"tags":[22,25],"class_list":["post-49971","post","type-post","status-publish","format-standard","has-post-thumbnail","hentry","category-aguascalientes","category-municipio-aguascalientes","tag-aguascalientes","tag-mpio-aguascalientes"],"jetpack_publicize_connections":[],"jetpack_featured_media_url":"https:\/\/i0.wp.com\/informativoelvalledeaguascalientes.online\/wp-content\/uploads\/2023\/10\/mpio-reco.jpg?fit=2560%2C1707&ssl=1","jetpack-related-posts":[],"jetpack_sharing_enabled":true,"jetpack_likes_enabled":true,"_links":{"self":[{"href":"https:\/\/informativoelvalledeaguascalientes.online\/index.php?rest_route=\/wp\/v2\/posts\/49971","targetHints":{"allow":["GET"]}}],"collection":[{"href":"https:\/\/informativoelvalledeaguascalientes.online\/index.php?rest_route=\/wp\/v2\/posts"}],"about":[{"href":"https:\/\/informativoelvalledeaguascalientes.online\/index.php?rest_route=\/wp\/v2\/types\/post"}],"author":[{"embeddable":true,"href":"https:\/\/informativoelvalledeaguascalientes.online\/index.php?rest_route=\/wp\/v2\/users\/1"}],"replies":[{"embeddable":true,"href":"https:\/\/informativoelvalledeaguascalientes.online\/index.php?rest_route=%2Fwp%2Fv2%2Fcomments&post=49971"}],"version-history":[{"count":1,"href":"https:\/\/informativoelvalledeaguascalientes.online\/index.php?rest_route=\/wp\/v2\/posts\/49971\/revisions"}],"predecessor-version":[{"id":49973,"href":"https:\/\/informativoelvalledeaguascalientes.online\/index.php?rest_route=\/wp\/v2\/posts\/49971\/revisions\/49973"}],"wp:featuredmedia":[{"embeddable":true,"href":"https:\/\/informativoelvalledeaguascalientes.online\/index.php?rest_route=\/wp\/v2\/media\/49972"}],"wp:attachment":[{"href":"https:\/\/informativoelvalledeaguascalientes.online\/index.php?rest_route=%2Fwp%2Fv2%2Fmedia&parent=49971"}],"wp:term":[{"taxonomy":"category","embeddable":true,"href":"https:\/\/informativoelvalledeaguascalientes.online\/index.php?rest_route=%2Fwp%2Fv2%2Fcategories&post=49971"},{"taxonomy":"post_tag","embeddable":true,"href":"https:\/\/informativoelvalledeaguascalientes.online\/index.php?rest_route=%2Fwp%2Fv2%2Ftags&post=49971"}],"curies":[{"name":"wp","href":"https:\/\/api.w.org\/{rel}","templated":true}]}}