{"id":49968,"date":"2023-10-23T22:19:43","date_gmt":"2023-10-24T04:19:43","guid":{"rendered":"https:\/\/informativoelvalledeaguascalientes.online\/?p=49968"},"modified":"2023-10-23T22:19:43","modified_gmt":"2023-10-24T04:19:43","slug":"rinde-municipio-de-aguascalientes-homenaje-en-conmemoracion-al-448-aniversario-de-la-fundacion-de-la-ciudad","status":"publish","type":"post","link":"https:\/\/informativoelvalledeaguascalientes.online\/?p=49968","title":{"rendered":"RINDE MUNICIPIO DE AGUASCALIENTES HOMENAJE EN CONMEMORACI\u00d3N AL 448 ANIVERSARIO DE LA FUNDACI\u00d3N DE LA CIUDAD"},"content":{"rendered":"<p><strong><a href=\"https:\/\/www.facebook.com\/hashtag\/informativoelvalledeaguascalientes\">#informativoelvalledeaguascalientes<\/a><\/strong><\/p>\n<p><strong><a href=\"https:\/\/www.facebook.com\/hashtag\/novaradioaguascalientes\">#novaradioaguascalientes<\/a><\/strong><\/p>\n<p><strong><a class=\"x1i10hfl xjbqb8w x6umtig x1b1mbwd xaqea5y xav7gou x9f619 x1ypdohk xt0psk2 xe8uvvx xdj266r x11i5rnm xat24cr x1mh8g0r xexx8yu x4uap5 x18d9i69 xkhd6sd x16tdsg8 x1hl2dhg xggy1nq x1a2a7pz xt0b8zv x1qq9wsj xo1l8bm\" tabindex=\"0\" role=\"link\" href=\"https:\/\/www.facebook.com\/hashtag\/laciudaddetuvida?__eep__=6&amp;__cft__[0]=AZVUzG-uzEgkHBxlWi4clX4-qXx_nfGicugdShvx3oYxvDeUIl1My5bfFXiXTmVU7O9FCNwHdVuQiVqIjO99-u7dxeUq1S3CqcB1PNpBXLQtm-Q1JLiRFFX8c4SEMe3VqRRgSs9kS8-Ajp6HnW6ebLd3GeB3j-SCsEGrTUVXz1WdbDeQs8bs0Dry33nLaV6fVU4&amp;__tn__=*NK-R\">#LaCiudadDeTuVida<\/a><\/strong><\/p>\n<p>&nbsp;<\/p>\n<p>&nbsp;<\/p>\n<p>Este domingo 22 de octubre, con motivo del Aniversario 448 de la Fundaci\u00f3n de la Ciudad de Aguascalientes, el Municipio Capital,\u00a0 conmemor\u00f3 a hombres y mujeres que en 1575 fundaron la Antigua Villa de Nuestra Se\u00f1ora de la Asunci\u00f3n de las Aguas Calientes.<\/p>\n<p>El presidente municipal,\u00a0<strong>Leo Monta\u00f1ez<\/strong>\u00a0e integrantes del H. Ayuntamiento de Aguascalientes, colocaron la tradicional ofrenda floral en la Plaza Fundadores donde honraron la memoria de\u00a0<strong>Jer\u00f3nimo de la Cueva, Juan de Montoro, Gaspar Silva, Nicol\u00e1s Ram\u00edrez, Pedro Hern\u00e1ndez, Crist\u00f3bal Lozano, Juan L\u00f3pez Elizalde, Alonso de Alarc\u00f3n, Luis Gonz\u00e1lez y Pedro Gonz\u00e1lez.<\/strong><\/p>\n<p>Como parte de este homenaje,\u00a0<strong>Leo Monta\u00f1ez,<\/strong>\u00a0s\u00edndicos, regidores e integrantes del gabinete, se trasladaron frente a Palacio Municipal en donde como cada a\u00f1o, se dio lectura a la C\u00e9dula Real y develaron en los puntos cardinales de la Plaza Principal los Bandos Solemnes con la r\u00e9plica de la C\u00e9dula que hace m\u00e1s de cuatro siglos consolidara la fundaci\u00f3n de Aguascalientes.<\/p>\n","protected":false},"excerpt":{"rendered":"<p>#informativoelvalledeaguascalientes #novaradioaguascalientes #LaCiudadDeTuVida &nbsp; &nbsp; Este domingo 22 de octubre, con motivo del Aniversario 448 de la Fundaci\u00f3n de la Ciudad de Aguascalientes, el Municipio Capital,\u00a0 conmemor\u00f3 a hombres y mujeres que en 1575 fundaron la Antigua Villa de Nuestra Se\u00f1ora de la Asunci\u00f3n de las Aguas Calientes. El presidente municipal,\u00a0Leo Monta\u00f1ez\u00a0e integrantes del H. [&hellip;]<\/p>\n","protected":false},"author":1,"featured_media":49969,"comment_status":"closed","ping_status":"open","sticky":false,"template":"","format":"standard","meta":{"advanced_seo_description":"","jetpack_seo_html_title":"","jetpack_seo_noindex":false,"_jetpack_memberships_contains_paid_content":false,"footnotes":"","jetpack_publicize_message":"","jetpack_publicize_feature_enabled":true,"jetpack_social_post_already_shared":true,"jetpack_social_options":{"image_generator_settings":{"template":"highway","default_image_id":0,"font":"","enabled":false},"version":2}},"categories":[21,3],"tags":[22,25],"class_list":["post-49968","post","type-post","status-publish","format-standard","has-post-thumbnail","hentry","category-aguascalientes","category-municipio-aguascalientes","tag-aguascalientes","tag-mpio-aguascalientes"],"jetpack_publicize_connections":[],"jetpack_featured_media_url":"https:\/\/i0.wp.com\/informativoelvalledeaguascalientes.online\/wp-content\/uploads\/2023\/10\/mpio-ags-aniv.jpg?fit=1599%2C1066&ssl=1","jetpack-related-posts":[],"jetpack_sharing_enabled":true,"jetpack_likes_enabled":true,"_links":{"self":[{"href":"https:\/\/informativoelvalledeaguascalientes.online\/index.php?rest_route=\/wp\/v2\/posts\/49968","targetHints":{"allow":["GET"]}}],"collection":[{"href":"https:\/\/informativoelvalledeaguascalientes.online\/index.php?rest_route=\/wp\/v2\/posts"}],"about":[{"href":"https:\/\/informativoelvalledeaguascalientes.online\/index.php?rest_route=\/wp\/v2\/types\/post"}],"author":[{"embeddable":true,"href":"https:\/\/informativoelvalledeaguascalientes.online\/index.php?rest_route=\/wp\/v2\/users\/1"}],"replies":[{"embeddable":true,"href":"https:\/\/informativoelvalledeaguascalientes.online\/index.php?rest_route=%2Fwp%2Fv2%2Fcomments&post=49968"}],"version-history":[{"count":1,"href":"https:\/\/informativoelvalledeaguascalientes.online\/index.php?rest_route=\/wp\/v2\/posts\/49968\/revisions"}],"predecessor-version":[{"id":49970,"href":"https:\/\/informativoelvalledeaguascalientes.online\/index.php?rest_route=\/wp\/v2\/posts\/49968\/revisions\/49970"}],"wp:featuredmedia":[{"embeddable":true,"href":"https:\/\/informativoelvalledeaguascalientes.online\/index.php?rest_route=\/wp\/v2\/media\/49969"}],"wp:attachment":[{"href":"https:\/\/informativoelvalledeaguascalientes.online\/index.php?rest_route=%2Fwp%2Fv2%2Fmedia&parent=49968"}],"wp:term":[{"taxonomy":"category","embeddable":true,"href":"https:\/\/informativoelvalledeaguascalientes.online\/index.php?rest_route=%2Fwp%2Fv2%2Fcategories&post=49968"},{"taxonomy":"post_tag","embeddable":true,"href":"https:\/\/informativoelvalledeaguascalientes.online\/index.php?rest_route=%2Fwp%2Fv2%2Ftags&post=49968"}],"curies":[{"name":"wp","href":"https:\/\/api.w.org\/{rel}","templated":true}]}}