{"id":49944,"date":"2023-10-23T17:04:34","date_gmt":"2023-10-23T23:04:34","guid":{"rendered":"https:\/\/informativoelvalledeaguascalientes.online\/?p=49944"},"modified":"2023-10-23T17:04:34","modified_gmt":"2023-10-23T23:04:34","slug":"30-mil-arboles-se-plantaron-en-la-primera-etapa-del-programa-arboles-fuertes-huellas-gigantes","status":"publish","type":"post","link":"https:\/\/informativoelvalledeaguascalientes.online\/?p=49944","title":{"rendered":"30 MIL \u00c1RBOLES SE PLANTARON EN LA PRIMERA ETAPA DEL PROGRAMA \u201c\u00c1RBOLES FUERTES, HUELLAS GIGANTES\u201d"},"content":{"rendered":"<p><strong><a href=\"https:\/\/www.facebook.com\/hashtag\/informativoelvalledeaguascalientes\">#informativoelvalledeaguascalientes<\/a><\/strong><\/p>\n<p><strong><a href=\"https:\/\/www.facebook.com\/hashtag\/novaradioaguascalientes\">#novaradioaguascalientes<\/a><\/strong><\/p>\n<p><strong><a href=\"https:\/\/www.facebook.com\/GobiernodeAguascalientes\">#ElGiganteDeMexico<\/a><\/strong><\/p>\n<p>&nbsp;<\/p>\n<p>&nbsp;<\/p>\n<ul class=\"xErDo AnCKd\">\n<li class=\"_04hd2 IjV6v\" dir=\"auto\">\n<div>\n<p id=\"viewer-36yf6330\" class=\"-Zro6 -ZADH IjV6v AnCKd _57WYp\"><span class=\"d0767\"><strong><em>La meta es plantar alrededor de 500 mil durante los cinco a\u00f1os de la administraci\u00f3n de Tere Jim\u00e9nez<\/em><\/strong><\/span><\/p>\n<\/div>\n<\/li>\n<li class=\"_04hd2 IjV6v\" dir=\"auto\">\n<div>\n<p id=\"viewer-2sd1c333\" class=\"-Zro6 -ZADH IjV6v AnCKd _57WYp\"><span class=\"d0767\"><strong><em>Participaron asociaciones civiles, instituciones acad\u00e9micas, dependencias de los tres niveles de gobierno, entre otros.\u00a0<\/em><\/strong><\/span><\/p>\n<\/div>\n<\/li>\n<\/ul>\n<div id=\"viewer-lpp31335\" class=\"-Zro6 -ZADH IjV6v _57WYp\"><span class=\"d0767\">\u00a0<\/span><\/div>\n<div id=\"viewer-8gci7118\" class=\"-Zro6 -ZADH IjV6v _57WYp\"><span class=\"d0767\">\u00a0<\/span><\/div>\n<p id=\"viewer-8n2lv119\" class=\"-Zro6 -ZADH vVfzz AnCKd _57WYp\"><span class=\"d0767 vVfzz\">Cuidar el medio ambiente es una de las principales prioridades de la gobernadora de Aguascalientes, Tere Jim\u00e9nez, por lo que durante su gesti\u00f3n se tiene como objetivo plantar alrededor de 500 mil \u00e1rboles en todo el estado.\u00a0<\/span><\/p>\n<div id=\"viewer-qc28o121\" class=\"-Zro6 -ZADH vVfzz _57WYp\"><span class=\"d0767 vVfzz\">\u00a0<\/span><\/div>\n<p id=\"viewer-iujs0122\" class=\"-Zro6 -ZADH vVfzz AnCKd _57WYp\"><span class=\"d0767 vVfzz\">Con ese fin, concluy\u00f3 la primera etapa del programa de reforestaci\u00f3n &#8220;\u00c1rboles Fuertes, Huellas Gigantes&#8221;, en la que se realizaron 35 jornadas en lo que va del 2023, con la plantaci\u00f3n de m\u00e1s de 30 mil \u00e1rboles en todos los municipios de Aguascalientes.<\/span><\/p>\n<div id=\"viewer-q892p124\" class=\"-Zro6 -ZADH vVfzz _57WYp\"><span class=\"d0767 vVfzz\">\u00a0<\/span><\/div>\n<p id=\"viewer-en9rf125\" class=\"-Zro6 -ZADH vVfzz AnCKd _57WYp\"><span class=\"d0767 vVfzz\">Al respecto, la titular de la Secretar\u00eda de Sustentabilidad, Medio Ambiente y Agua (SSMAA), Sarah\u00ed Mac\u00edas Alicea, subray\u00f3 que el compromiso de Tere Jim\u00e9nez es proteger el entorno natural por el significativo impacto que tiene en la captaci\u00f3n de agua y la preservaci\u00f3n de la vida silvestre, adem\u00e1s de inspirar a las y los j\u00f3venes a continuar con esta importante labor.<\/span><\/p>\n<div id=\"viewer-qhon9127\" class=\"-Zro6 -ZADH vVfzz _57WYp\"><span class=\"d0767 vVfzz\">\u00a0<\/span><\/div>\n<p id=\"viewer-4ccbs128\" class=\"-Zro6 -ZADH vVfzz AnCKd _57WYp\"><span class=\"d0767 vVfzz\">\u201cCelebramos no solo la cantidad de \u00e1rboles plantados, sino tambi\u00e9n el esp\u00edritu de comunidad y la pasi\u00f3n con la que se abraza esta causa; cada uno de estos \u00e1rboles representa la promesa de un futuro m\u00e1s verde y el legado que dejaremos a las futuras generaciones\u201d, enfatiz\u00f3 Mac\u00edas Alicea.\u00a0<\/span><\/p>\n<div id=\"viewer-8ylq0130\" class=\"-Zro6 -ZADH vVfzz _57WYp\"><span class=\"d0767 vVfzz\">\u00a0<\/span><\/div>\n<p id=\"viewer-qr9he131\" class=\"-Zro6 -ZADH vVfzz AnCKd _57WYp\"><span class=\"d0767 vVfzz\">Para finalizar, expres\u00f3 su agradecimiento a las empresas, asociaciones civiles, instituciones acad\u00e9micas, dependencias de los tres niveles de gobierno, patrocinadores y colaboradores que han trabajado incansablemente para lograr la meta propuesta.<\/span><\/p>\n<div id=\"viewer-ulr0l133\" class=\"-Zro6 -ZADH vVfzz _57WYp\"><span class=\"d0767 vVfzz\">\u00a0<\/span><\/div>\n<p id=\"viewer-opel0134\" class=\"-Zro6 -ZADH vVfzz AnCKd _57WYp\"><span class=\"d0767 vVfzz\">En el evento de clausura que se realiz\u00f3 en el Parque M\u00e9xico, estuvieron presentes el titular de la Secretar\u00eda de Medio Ambiente y Desarrollo Sustentable del municipio de Aguascalientes, Julio C\u00e9sar Medina Delgado; el empresario Jos\u00e9 Luis Gallardo Anguiano; la fundadora del Instituto Mexicano de Estudios Pedag\u00f3gicos y Posgrado (IMEPP), Gina Ventura; el director de Parques y Jardines del Ayuntamiento de Aguascalientes, Mariano Esparza \u00c1vila; y el sargento de la 14\/a. Zona Militar, Miguel Trevilla Garc\u00eda.<\/span><\/p>\n","protected":false},"excerpt":{"rendered":"<p>#informativoelvalledeaguascalientes #novaradioaguascalientes #ElGiganteDeMexico &nbsp; &nbsp; La meta es plantar alrededor de 500 mil durante los cinco a\u00f1os de la administraci\u00f3n de Tere Jim\u00e9nez Participaron asociaciones civiles, instituciones acad\u00e9micas, dependencias de los tres niveles de gobierno, entre otros.\u00a0 \u00a0 \u00a0 Cuidar el medio ambiente es una de las principales prioridades de la gobernadora de Aguascalientes, Tere [&hellip;]<\/p>\n","protected":false},"author":1,"featured_media":49945,"comment_status":"closed","ping_status":"open","sticky":false,"template":"","format":"standard","meta":{"advanced_seo_description":"","jetpack_seo_html_title":"","jetpack_seo_noindex":false,"_jetpack_memberships_contains_paid_content":false,"footnotes":"","jetpack_publicize_message":"","jetpack_publicize_feature_enabled":true,"jetpack_social_post_already_shared":true,"jetpack_social_options":{"image_generator_settings":{"template":"highway","default_image_id":0,"font":"","enabled":false},"version":2}},"categories":[21,4],"tags":[22,615,728],"class_list":["post-49944","post","type-post","status-publish","format-standard","has-post-thumbnail","hentry","category-aguascalientes","category-gobierno-del-estado-aguascalientes","tag-aguascalientes","tag-gobierno-del-estado-de-aguascalientes","tag-secretaria-de-sustentabilidad-medio-ambiente-y-agua"],"jetpack_publicize_connections":[],"jetpack_featured_media_url":"https:\/\/i0.wp.com\/informativoelvalledeaguascalientes.online\/wp-content\/uploads\/2023\/10\/WhatsApp-Image-2023-10-23-at-13.22.45.jpeg?fit=1600%2C882&ssl=1","jetpack-related-posts":[],"jetpack_sharing_enabled":true,"jetpack_likes_enabled":true,"_links":{"self":[{"href":"https:\/\/informativoelvalledeaguascalientes.online\/index.php?rest_route=\/wp\/v2\/posts\/49944","targetHints":{"allow":["GET"]}}],"collection":[{"href":"https:\/\/informativoelvalledeaguascalientes.online\/index.php?rest_route=\/wp\/v2\/posts"}],"about":[{"href":"https:\/\/informativoelvalledeaguascalientes.online\/index.php?rest_route=\/wp\/v2\/types\/post"}],"author":[{"embeddable":true,"href":"https:\/\/informativoelvalledeaguascalientes.online\/index.php?rest_route=\/wp\/v2\/users\/1"}],"replies":[{"embeddable":true,"href":"https:\/\/informativoelvalledeaguascalientes.online\/index.php?rest_route=%2Fwp%2Fv2%2Fcomments&post=49944"}],"version-history":[{"count":1,"href":"https:\/\/informativoelvalledeaguascalientes.online\/index.php?rest_route=\/wp\/v2\/posts\/49944\/revisions"}],"predecessor-version":[{"id":49946,"href":"https:\/\/informativoelvalledeaguascalientes.online\/index.php?rest_route=\/wp\/v2\/posts\/49944\/revisions\/49946"}],"wp:featuredmedia":[{"embeddable":true,"href":"https:\/\/informativoelvalledeaguascalientes.online\/index.php?rest_route=\/wp\/v2\/media\/49945"}],"wp:attachment":[{"href":"https:\/\/informativoelvalledeaguascalientes.online\/index.php?rest_route=%2Fwp%2Fv2%2Fmedia&parent=49944"}],"wp:term":[{"taxonomy":"category","embeddable":true,"href":"https:\/\/informativoelvalledeaguascalientes.online\/index.php?rest_route=%2Fwp%2Fv2%2Fcategories&post=49944"},{"taxonomy":"post_tag","embeddable":true,"href":"https:\/\/informativoelvalledeaguascalientes.online\/index.php?rest_route=%2Fwp%2Fv2%2Ftags&post=49944"}],"curies":[{"name":"wp","href":"https:\/\/api.w.org\/{rel}","templated":true}]}}