{"id":49941,"date":"2023-10-23T16:59:36","date_gmt":"2023-10-23T22:59:36","guid":{"rendered":"https:\/\/informativoelvalledeaguascalientes.online\/?p=49941"},"modified":"2023-10-23T16:59:36","modified_gmt":"2023-10-23T22:59:36","slug":"fortalece-tere-jimenez-infraestructura-educativa-para-un-mejor-aprovechamiento-escolar","status":"publish","type":"post","link":"https:\/\/informativoelvalledeaguascalientes.online\/?p=49941","title":{"rendered":"FORTALECE TERE JIM\u00c9NEZ INFRAESTRUCTURA EDUCATIVA PARA UN MEJOR APROVECHAMIENTO ESCOLAR"},"content":{"rendered":"<p><strong><a href=\"https:\/\/www.facebook.com\/hashtag\/informativoelvalledeaguascalientes\">#informativoelvalledeaguascalientes<\/a><\/strong><\/p>\n<p><strong><a href=\"https:\/\/www.facebook.com\/hashtag\/novaradioaguascalientes\">#novaradioaguascalientes<\/a><\/strong><\/p>\n<p><strong><a href=\"https:\/\/www.facebook.com\/GobiernodeAguascalientes\">#ElGiganteDeMexico<\/a><\/strong><\/p>\n<p>&nbsp;<\/p>\n<ul class=\"xErDo AnCKd\">\n<li class=\"_04hd2 IjV6v\" dir=\"auto\">\n<div>\n<p id=\"viewer-9bbxj1220\" class=\"-Zro6 -ZADH IjV6v AnCKd _57WYp\"><span class=\"d0767\"><strong>La gobernadora impulsa acciones para mejorar la ense\u00f1anza de ni\u00f1as y ni\u00f1os<\/strong><\/span><\/p>\n<\/div>\n<\/li>\n<li class=\"_04hd2 IjV6v\" dir=\"auto\">\n<div>\n<p id=\"viewer-axx8c1223\" class=\"-Zro6 -ZADH IjV6v AnCKd _57WYp\"><span class=\"d0767\"><strong>Se rehabilit\u00f3 la Primaria \u201cFrancisco de Rivero y Guti\u00e9rrez\u201d y la Secundaria General No. 43<\/strong><\/span><\/p>\n<\/div>\n<\/li>\n<\/ul>\n<div id=\"viewer-aehtu1225\" class=\"-Zro6 -ZADH IjV6v _57WYp\"><span class=\"d0767\">\u00a0<\/span><\/div>\n<div id=\"viewer-i96o01226\" class=\"-Zro6 -ZADH IjV6v _57WYp\"><span class=\"d0767\">\u00a0<\/span><\/div>\n<p id=\"viewer-crzyp1227\" class=\"-Zro6 -ZADH vVfzz AnCKd _57WYp\"><span class=\"d0767 vVfzz\">La gobernadora Tere Jim\u00e9nez reafirm\u00f3 su compromiso con la educaci\u00f3n de ni\u00f1as, ni\u00f1os y j\u00f3venes al entregar las obras de rehabilitaci\u00f3n que se realizaron en la escuela primaria \u201cFrancisco de Rivero y Guti\u00e9rrez\u201d y en la Secundaria General No. 43 \u201cSalvador Mart\u00ednez Mac\u00edas\u201d.<\/span><\/p>\n<div id=\"viewer-kb6v61229\" class=\"-Zro6 -ZADH vVfzz _57WYp\"><span class=\"d0767 vVfzz\">\u00a0<\/span><\/div>\n<p id=\"viewer-o8qu51230\" class=\"-Zro6 -ZADH vVfzz AnCKd _57WYp\"><span class=\"d0767 vVfzz\">Tere Jim\u00e9nez dijo que la administraci\u00f3n que encabeza trabaja fuerte por la educaci\u00f3n, pues es importante que los estudiantes tengan todas las herramientas que les permitan ir avanzando; es por ello que se impulsa una ense\u00f1anza enfocada en las tecnolog\u00edas y programas como ProArte, que promueve las actividades art\u00edsticas.<\/span><\/p>\n<div id=\"viewer-9uckq1232\" class=\"-Zro6 -ZADH vVfzz _57WYp\"><span class=\"d0767 vVfzz\">\u00a0<\/span><\/div>\n<p id=\"viewer-a5ju61233\" class=\"-Zro6 -ZADH vVfzz AnCKd _57WYp\"><span class=\"d0767 vVfzz\">\u201cTodo lo que hacemos en materia educativa es para que nuestros ni\u00f1os y j\u00f3venes est\u00e9n siempre alegres y que sean felices, y para ello les tenemos que brindar acceso a un entorno escolar que cuente con las mejores condiciones\u201d, subray\u00f3 la gobernadora.<\/span><\/p>\n<div id=\"viewer-ccwft1235\" class=\"-Zro6 -ZADH vVfzz _57WYp\"><span class=\"d0767 vVfzz\">\u00a0<\/span><\/div>\n<p id=\"viewer-cnd6i1236\" class=\"-Zro6 -ZADH vVfzz AnCKd _57WYp\"><span class=\"d0767 vVfzz\">Por su parte, Jes\u00fas Lara Ram\u00edrez, titular del Instituto de Infraestructura F\u00edsica Educativa (IIFEEA), detall\u00f3 que las obras tuvieron una inversi\u00f3n cercana a los 6 millones de pesos y contemplaron el cambio de canceler\u00eda, colocaci\u00f3n de nuevas puertas, construcci\u00f3n de un m\u00f3dulo de escaleras, instalaci\u00f3n de malla cicl\u00f3nica, rehabilitaci\u00f3n de la red hidr\u00e1ulica, reposici\u00f3n de piso cer\u00e1mico y trabajos de pintura.<\/span><\/p>\n<div id=\"viewer-x2crh1238\" class=\"-Zro6 -ZADH vVfzz _57WYp\"><span class=\"d0767 vVfzz\">\u00a0<\/span><\/div>\n<p id=\"viewer-zsi721239\" class=\"-Zro6 -ZADH vVfzz AnCKd _57WYp\"><span class=\"d0767 vVfzz\">A nombre de toda la comunidad escolar, la alumna Ashlye Herrera Delgado agradeci\u00f3 a la gobernadora las obras que se realizaron para la transformaci\u00f3n de su escuela, pues con ello demuestra su inter\u00e9s por invertir en el futuro, apost\u00e1ndole a empoderar a las generaciones futuras.<\/span><\/p>\n<div id=\"viewer-yksky1241\" class=\"-Zro6 -ZADH vVfzz _57WYp\"><span class=\"d0767 vVfzz\">\u00a0<\/span><\/div>\n<p id=\"viewer-uplsb1242\" class=\"-Zro6 -ZADH vVfzz AnCKd _57WYp\"><span class=\"d0767 vVfzz\">Finalmente Dulce Berenice L\u00f3pez Hern\u00e1ndez, directora de la escuela primaria \u201cFrancisco de Rivero y Guti\u00e9rrez\u201d, expres\u00f3 su gratitud hacia la gobernadora y las autoridades educativas por su compromiso con la ense\u00f1anza, pues alumnos y maestros ahora tienen acceso a instalaciones m\u00e1s modernas y seguras, lo cual contribuye a que en el plantel se compartan ideas de una mejor manera.<\/span><\/p>\n<div id=\"viewer-8za1u1244\" class=\"-Zro6 -ZADH vVfzz _57WYp\"><span class=\"d0767 vVfzz\">\u00a0<\/span><\/div>\n<p id=\"viewer-ff7bw1245\" class=\"-Zro6 -ZADH vVfzz AnCKd _57WYp\"><span class=\"d0767 vVfzz\">En este evento estuvieron presentes Lorena Mart\u00ednez, directora general del Instituto de Educaci\u00f3n de Aguascalientes; el diputado Jaime Gonz\u00e1lez de Le\u00f3n, presidente de la Mesa Directiva Congreso del Estado; diputado Ra\u00fal Silva Perezchica, presidente de la Comisi\u00f3n de Educaci\u00f3n y Cultura del Congreso del Estado; Carlos \u00c1lvarez, director de la Secundaria General No. 43 &#8220;Salvador Mart\u00ednez Garc\u00eda&#8221;; Cynthia Cervantes Murillo, tesorera de la mesa directiva de la Asociaci\u00f3n de Padres de Familia; Regina Pedroza Mac\u00edas, alumna de sexto de primaria; y Juan Francisco Ovalle, titular de la Sisaae Centro.<\/span><\/p>\n","protected":false},"excerpt":{"rendered":"<p>#informativoelvalledeaguascalientes #novaradioaguascalientes #ElGiganteDeMexico &nbsp; La gobernadora impulsa acciones para mejorar la ense\u00f1anza de ni\u00f1as y ni\u00f1os Se rehabilit\u00f3 la Primaria \u201cFrancisco de Rivero y Guti\u00e9rrez\u201d y la Secundaria General No. 43 \u00a0 \u00a0 La gobernadora Tere Jim\u00e9nez reafirm\u00f3 su compromiso con la educaci\u00f3n de ni\u00f1as, ni\u00f1os y j\u00f3venes al entregar las obras de rehabilitaci\u00f3n que [&hellip;]<\/p>\n","protected":false},"author":1,"featured_media":49942,"comment_status":"closed","ping_status":"open","sticky":false,"template":"","format":"standard","meta":{"advanced_seo_description":"","jetpack_seo_html_title":"","jetpack_seo_noindex":false,"_jetpack_memberships_contains_paid_content":false,"footnotes":"","jetpack_publicize_message":"","jetpack_publicize_feature_enabled":true,"jetpack_social_post_already_shared":true,"jetpack_social_options":{"image_generator_settings":{"template":"highway","default_image_id":0,"font":"","enabled":false},"version":2}},"categories":[21,4],"tags":[22,615,39,320],"class_list":["post-49941","post","type-post","status-publish","format-standard","has-post-thumbnail","hentry","category-aguascalientes","category-gobierno-del-estado-aguascalientes","tag-aguascalientes","tag-gobierno-del-estado-de-aguascalientes","tag-iea","tag-tere-jimenez"],"jetpack_publicize_connections":[],"jetpack_featured_media_url":"https:\/\/i0.wp.com\/informativoelvalledeaguascalientes.online\/wp-content\/uploads\/2023\/10\/394094430_884412436375293_7356234146838287831_n.jpeg?fit=1440%2C960&ssl=1","jetpack-related-posts":[],"jetpack_sharing_enabled":true,"jetpack_likes_enabled":true,"_links":{"self":[{"href":"https:\/\/informativoelvalledeaguascalientes.online\/index.php?rest_route=\/wp\/v2\/posts\/49941","targetHints":{"allow":["GET"]}}],"collection":[{"href":"https:\/\/informativoelvalledeaguascalientes.online\/index.php?rest_route=\/wp\/v2\/posts"}],"about":[{"href":"https:\/\/informativoelvalledeaguascalientes.online\/index.php?rest_route=\/wp\/v2\/types\/post"}],"author":[{"embeddable":true,"href":"https:\/\/informativoelvalledeaguascalientes.online\/index.php?rest_route=\/wp\/v2\/users\/1"}],"replies":[{"embeddable":true,"href":"https:\/\/informativoelvalledeaguascalientes.online\/index.php?rest_route=%2Fwp%2Fv2%2Fcomments&post=49941"}],"version-history":[{"count":1,"href":"https:\/\/informativoelvalledeaguascalientes.online\/index.php?rest_route=\/wp\/v2\/posts\/49941\/revisions"}],"predecessor-version":[{"id":49943,"href":"https:\/\/informativoelvalledeaguascalientes.online\/index.php?rest_route=\/wp\/v2\/posts\/49941\/revisions\/49943"}],"wp:featuredmedia":[{"embeddable":true,"href":"https:\/\/informativoelvalledeaguascalientes.online\/index.php?rest_route=\/wp\/v2\/media\/49942"}],"wp:attachment":[{"href":"https:\/\/informativoelvalledeaguascalientes.online\/index.php?rest_route=%2Fwp%2Fv2%2Fmedia&parent=49941"}],"wp:term":[{"taxonomy":"category","embeddable":true,"href":"https:\/\/informativoelvalledeaguascalientes.online\/index.php?rest_route=%2Fwp%2Fv2%2Fcategories&post=49941"},{"taxonomy":"post_tag","embeddable":true,"href":"https:\/\/informativoelvalledeaguascalientes.online\/index.php?rest_route=%2Fwp%2Fv2%2Ftags&post=49941"}],"curies":[{"name":"wp","href":"https:\/\/api.w.org\/{rel}","templated":true}]}}