{"id":49935,"date":"2023-10-23T16:46:44","date_gmt":"2023-10-23T22:46:44","guid":{"rendered":"https:\/\/informativoelvalledeaguascalientes.online\/?p=49935"},"modified":"2023-10-23T16:46:44","modified_gmt":"2023-10-23T22:46:44","slug":"a-448-anos-de-su-fundacion-hoy-la-ciudad-de-aguascalientes-es-un-ejemplo-a-nivel-nacional-e-internacional-tere-jimenez","status":"publish","type":"post","link":"https:\/\/informativoelvalledeaguascalientes.online\/?p=49935","title":{"rendered":"A 448 A\u00d1OS DE SU FUNDACI\u00d3N, HOY LA CIUDAD DE AGUASCALIENTES ES UN EJEMPLO A NIVEL NACIONAL E INTERNACIONAL: TERE JIM\u00c9NEZ"},"content":{"rendered":"<p><strong><a href=\"https:\/\/www.facebook.com\/hashtag\/informativoelvalledeaguascalientes\">#informativoelvalledeaguascalientes<\/a><\/strong><\/p>\n<p><strong><a href=\"https:\/\/www.facebook.com\/hashtag\/novaradioaguascalientes\">#novaradioaguascalientes<\/a><\/strong><\/p>\n<p><strong><a href=\"https:\/\/www.facebook.com\/GobiernodeAguascalientes\">#ElGiganteDeMexico<\/a><\/strong><\/p>\n<p>&nbsp;<\/p>\n<div id=\"bgLayers_comp-l7sh9ubr2\" class=\"MW5IWV\" data-hook=\"bgLayers\"><\/div>\n<div class=\"\" data-mesh-id=\"comp-l7sh9ubr2inlineContent\" data-testid=\"inline-content\">\n<div data-mesh-id=\"comp-l7sh9ubr2inlineContent-gridContainer\" data-testid=\"mesh-container-content\">\n<div id=\"comp-l7yvxqo2\" class=\"MazNVa comp-l7yvxqo2 wixui-image\">\n<div class=\"j7pOnl\" data-testid=\"linkElement\"><\/div>\n<\/div>\n<div id=\"comp-l7sh9ubx\" class=\"TWFxr5 \">\n<div class=\"comp-l7sh9ubx\">\n<div class=\"siSdJK4 comp-l7sh9ubx\" data-hook=\"ricosviewer-wrapper\">\n<div class=\"U4I07\" dir=\"ltr\" data-id=\"content-viewer\">\n<div class=\"hl-xW\">\n<div>\n<p id=\"viewer-ct5ui103\" class=\"-Zro6 -ZADH vVfzz AnCKd _57WYp\"><span class=\"d0767 vVfzz\">La gobernadora del estado, Tere Jim\u00e9nez, dijo que a 448 a\u00f1os de su fundaci\u00f3n, hoy la ciudad de Aguascalientes es un ejemplo a nivel nacional e internacional por sus niveles de progreso y desarrollo, pero sobre todo, por la calidad de su gente.<\/span><\/p>\n<div id=\"viewer-gvvez105\" class=\"-Zro6 -ZADH vVfzz _57WYp\"><span class=\"d0767 vVfzz\">\u00a0<\/span><\/div>\n<p id=\"viewer-xsu67106\" class=\"-Zro6 -ZADH vVfzz AnCKd _57WYp\"><span class=\"d0767 vVfzz\">\u201cEs un lugar donde todas y todos quisieran vivir; es un lugar donde la gente trabaja fuerte para sacar adelante a Aguascalientes. En este aniversario quiero felicitar sobre todo a la ciudadan\u00eda, por ese empe\u00f1o que le pone para que Aguascalientes sea ejemplo a nivel nacional e internacional por su gente, que es lo m\u00e1s valioso que tenemos\u201d, asegur\u00f3 la gobernadora.<\/span><\/p>\n<div id=\"viewer-jo1c9108\" class=\"-Zro6 -ZADH vVfzz _57WYp\"><span class=\"d0767 vVfzz\">\u00a0<\/span><\/div>\n<p id=\"viewer-3sq8q109\" class=\"-Zro6 -ZADH vVfzz AnCKd _57WYp\"><span class=\"d0767 vVfzz\">Al participar en la conmemoraci\u00f3n del 448 aniversario de la ciudad de Aguascalientes en el hist\u00f3rico Teatro Morelos, Tere Jim\u00e9nez reiter\u00f3 su apoyo incondicional al alcalde de la capital, Leonardo Monta\u00f1ez, quien a su vez agradeci\u00f3 el respaldo y disposici\u00f3n que siempre ha mostrado la gobernadora para mejorar la calidad de vida de la gente que habita en el municipio de Aguascalientes, donde se concentra cerca del 70 por ciento de la poblaci\u00f3n total del estado.<\/span><\/p>\n<\/div>\n<\/div>\n<\/div>\n<\/div>\n<\/div>\n<\/div>\n<\/div>\n<\/div>\n","protected":false},"excerpt":{"rendered":"<p>#informativoelvalledeaguascalientes #novaradioaguascalientes #ElGiganteDeMexico &nbsp; La gobernadora del estado, Tere Jim\u00e9nez, dijo que a 448 a\u00f1os de su fundaci\u00f3n, hoy la ciudad de Aguascalientes es un ejemplo a nivel nacional e internacional por sus niveles de progreso y desarrollo, pero sobre todo, por la calidad de su gente. \u00a0 \u201cEs un lugar donde todas y todos [&hellip;]<\/p>\n","protected":false},"author":1,"featured_media":49936,"comment_status":"closed","ping_status":"open","sticky":false,"template":"","format":"standard","meta":{"advanced_seo_description":"","jetpack_seo_html_title":"","jetpack_seo_noindex":false,"_jetpack_memberships_contains_paid_content":false,"footnotes":"","jetpack_publicize_message":"","jetpack_publicize_feature_enabled":true,"jetpack_social_post_already_shared":true,"jetpack_social_options":{"image_generator_settings":{"template":"highway","default_image_id":0,"font":"","enabled":false},"version":2}},"categories":[21,4],"tags":[22,615,25,320],"class_list":["post-49935","post","type-post","status-publish","format-standard","has-post-thumbnail","hentry","category-aguascalientes","category-gobierno-del-estado-aguascalientes","tag-aguascalientes","tag-gobierno-del-estado-de-aguascalientes","tag-mpio-aguascalientes","tag-tere-jimenez"],"jetpack_publicize_connections":[],"jetpack_featured_media_url":"https:\/\/i0.wp.com\/informativoelvalledeaguascalientes.online\/wp-content\/uploads\/2023\/10\/ANIVERSARIO-2.jpg?fit=1531%2C1335&ssl=1","jetpack-related-posts":[],"jetpack_sharing_enabled":true,"jetpack_likes_enabled":true,"_links":{"self":[{"href":"https:\/\/informativoelvalledeaguascalientes.online\/index.php?rest_route=\/wp\/v2\/posts\/49935","targetHints":{"allow":["GET"]}}],"collection":[{"href":"https:\/\/informativoelvalledeaguascalientes.online\/index.php?rest_route=\/wp\/v2\/posts"}],"about":[{"href":"https:\/\/informativoelvalledeaguascalientes.online\/index.php?rest_route=\/wp\/v2\/types\/post"}],"author":[{"embeddable":true,"href":"https:\/\/informativoelvalledeaguascalientes.online\/index.php?rest_route=\/wp\/v2\/users\/1"}],"replies":[{"embeddable":true,"href":"https:\/\/informativoelvalledeaguascalientes.online\/index.php?rest_route=%2Fwp%2Fv2%2Fcomments&post=49935"}],"version-history":[{"count":1,"href":"https:\/\/informativoelvalledeaguascalientes.online\/index.php?rest_route=\/wp\/v2\/posts\/49935\/revisions"}],"predecessor-version":[{"id":49937,"href":"https:\/\/informativoelvalledeaguascalientes.online\/index.php?rest_route=\/wp\/v2\/posts\/49935\/revisions\/49937"}],"wp:featuredmedia":[{"embeddable":true,"href":"https:\/\/informativoelvalledeaguascalientes.online\/index.php?rest_route=\/wp\/v2\/media\/49936"}],"wp:attachment":[{"href":"https:\/\/informativoelvalledeaguascalientes.online\/index.php?rest_route=%2Fwp%2Fv2%2Fmedia&parent=49935"}],"wp:term":[{"taxonomy":"category","embeddable":true,"href":"https:\/\/informativoelvalledeaguascalientes.online\/index.php?rest_route=%2Fwp%2Fv2%2Fcategories&post=49935"},{"taxonomy":"post_tag","embeddable":true,"href":"https:\/\/informativoelvalledeaguascalientes.online\/index.php?rest_route=%2Fwp%2Fv2%2Ftags&post=49935"}],"curies":[{"name":"wp","href":"https:\/\/api.w.org\/{rel}","templated":true}]}}