{"id":49884,"date":"2023-10-18T12:22:57","date_gmt":"2023-10-18T18:22:57","guid":{"rendered":"https:\/\/informativoelvalledeaguascalientes.online\/?p=49884"},"modified":"2023-10-18T12:22:57","modified_gmt":"2023-10-18T18:22:57","slug":"la-plataforma-mas-importante-a-nivel-mundial-de-las-ideas-que-vale-la-pena-compartir-regresa-a-aguascalientes","status":"publish","type":"post","link":"https:\/\/informativoelvalledeaguascalientes.online\/?p=49884","title":{"rendered":"La plataforma m\u00e1s importante a nivel mundial de las \u201cideas que vale la pena compartir\u201d regresa a Aguascalientes."},"content":{"rendered":"<p><strong><a href=\"https:\/\/www.facebook.com\/hashtag\/informativoelvalledeaguascalientes\">#informativoelvalledeaguascalientes<\/a><\/strong><\/p>\n<p><strong><a href=\"https:\/\/www.facebook.com\/hashtag\/novaradioaguascalientes\">#novaradioaguascalientes<\/a><\/strong><\/p>\n<p><img data-recalc-dims=\"1\" loading=\"lazy\" decoding=\"async\" class=\"alignnone size-medium wp-image-49885\" src=\"https:\/\/i0.wp.com\/informativoelvalledeaguascalientes.online\/wp-content\/uploads\/2023\/10\/dc16546f-e3bb-4e3e-860e-eb505be6af33-240x300.jpg?resize=240%2C300\" alt=\"\" width=\"240\" height=\"300\" srcset=\"https:\/\/i0.wp.com\/informativoelvalledeaguascalientes.online\/wp-content\/uploads\/2023\/10\/dc16546f-e3bb-4e3e-860e-eb505be6af33.jpg?resize=240%2C300&amp;ssl=1 240w, https:\/\/i0.wp.com\/informativoelvalledeaguascalientes.online\/wp-content\/uploads\/2023\/10\/dc16546f-e3bb-4e3e-860e-eb505be6af33.jpg?resize=819%2C1024&amp;ssl=1 819w, https:\/\/i0.wp.com\/informativoelvalledeaguascalientes.online\/wp-content\/uploads\/2023\/10\/dc16546f-e3bb-4e3e-860e-eb505be6af33.jpg?resize=768%2C960&amp;ssl=1 768w, https:\/\/i0.wp.com\/informativoelvalledeaguascalientes.online\/wp-content\/uploads\/2023\/10\/dc16546f-e3bb-4e3e-860e-eb505be6af33.jpg?w=1024&amp;ssl=1 1024w\" sizes=\"auto, (max-width: 240px) 100vw, 240px\" \/><\/p>\n<p>TEDxJard\u00ednDeLosPalacios presenta su novena entrega bajo la tem\u00e1tica N\u00c9BULA, vivero de estrellas, en<br \/>\ndonde participar\u00e1n ponentes con sus IDEAS que vale la pena ser compartidas en el universo de la inspiraci\u00f3n y<br \/>\nla curiosidad que son las estrellas con las que se gu\u00eda el movimiento TED a nivel mundial.<\/p>\n<p>Los speakers confirmados para esta edici\u00f3n 2023 son:<\/p>\n<p>\uf0b7 Dr. Efra\u00edn Ch\u00e1vez. Doctor en f\u00edsica nuclear, docente, ganador de la medalla \u201cFernando Alba Andrade\u201d<br \/>\npor sus contribuciones a la F\u00edsica Experimental en M\u00e9xico.<br \/>\n\uf0b7 Gloria Ugalde. Psic\u00f3loga educativa. Directora general y maestra de preescolar, primaria y secundaria<br \/>\nen la comunidad educativa Hanrath en Aguascalientes.<br \/>\n\uf0b7 Soy Chapa. Creativo con experiencia en la imagen corporativa, la ilustraci\u00f3n, el tatuaje y los deportes.<br \/>\n\uf0b7 Michelle Rodr\u00edguez. Artista multidisciplinaria, es hoy una de las principales representantes del cine, teatro y<br \/>\ntelevisi\u00f3n en M\u00e9xico.<br \/>\n\uf0b7 Yayo Gonz\u00e1lez. Compositor, guitarrista y escritor nacido en Buenos Aires, Argentina, vocalista de Pat\u00e9<br \/>\nde Fua.<br \/>\n\uf0b7 Livier Zu\u00f1iga. Escritora, comunicadora y actriz de doblaje, co-autora del libro \u201cMi Once Ideal\u201d de<br \/>\nOribe Peralta y dio voz a la hero\u00edna \u201cRey\u201d en la tercera saga de Star Wars.<br \/>\n\uf0b7 Julien Potier. Master en Ingenier\u00eda qu\u00edmica de la escuela superior de las industrias qu\u00edmicas en Nancy,<br \/>\nFrancia y astr\u00f3nomo aficionado. Como divulgador de la ciencia, es el encargado de visualizaci\u00f3n cient\u00edfica en el museo Descubre.<br \/>\n\uf0b7 Martha Higareda. Actriz, guionista, productora de cine y escritora.<br \/>\n\uf0b7 Yoav. \u201cSpeaker de la comunidad 2023\u201d. Humanista y fil\u00f3sofo, creador de S\u00f3crates Caf\u00e9 y mentor especializado en innovaci\u00f3n social y empresarial.<\/p>\n<p>En esta edici\u00f3n contaremos con 9 charlas as\u00ed como con la participaci\u00f3n especial de Sara Padilla, Diego<br \/>\nCalder\u00f3n, Luxius, Didi Nauz y Ariadna Ch\u00e1vez todos bajo la direcci\u00f3n de Gafer Producciones.<\/p>\n<p>Recordar el movimiento TEDx es sin fines de lucro, en donde ninguno de los participantes recibe pago alguno y<br \/>\nlas ganancias ser\u00e1n donadas a proyectos de educaci\u00f3n, salud y caridad.<\/p>\n<p>La cita es el pr\u00f3ximo jueves 16 de noviembre de 2023, en punto de la 18:00 hs., en la Sala de Conciertos de la<br \/>\nOrquesta Sinf\u00f3nica de Aguascalientes ubicada en FICOTRECE.<\/p>\n<p>Los boletos se pueden adquirir en la p\u00e1gina de Boletiland (https:\/\/www.boletiland.com\/evento\/TEDxJardinDeLosPalaciosN%C3%89BULA-2023) y tendr\u00e1 un costo entre de $280 pesos y $450, impulsando la compra de boletos simult\u00e1neos para que el costo sea menor, hasta llegar a $500 el d\u00eda del evento pesos una<br \/>\nsemana antes del evento.<\/p>\n","protected":false},"excerpt":{"rendered":"<p>#informativoelvalledeaguascalientes #novaradioaguascalientes TEDxJard\u00ednDeLosPalacios presenta su novena entrega bajo la tem\u00e1tica N\u00c9BULA, vivero de estrellas, en donde participar\u00e1n ponentes con sus IDEAS que vale la pena ser compartidas en el universo de la inspiraci\u00f3n y la curiosidad que son las estrellas con las que se gu\u00eda el movimiento TED a nivel mundial. Los speakers confirmados para [&hellip;]<\/p>\n","protected":false},"author":1,"featured_media":49887,"comment_status":"closed","ping_status":"open","sticky":false,"template":"","format":"standard","meta":{"advanced_seo_description":"","jetpack_seo_html_title":"","jetpack_seo_noindex":false,"_jetpack_memberships_contains_paid_content":false,"footnotes":"","jetpack_publicize_message":"","jetpack_publicize_feature_enabled":true,"jetpack_social_post_already_shared":true,"jetpack_social_options":{"image_generator_settings":{"template":"highway","default_image_id":0,"font":"","enabled":false},"version":2}},"categories":[21,19],"tags":[22,232],"class_list":["post-49884","post","type-post","status-publish","format-standard","has-post-thumbnail","hentry","category-aguascalientes","category-informacion-general","tag-aguascalientes","tag-informacion-general"],"jetpack_publicize_connections":[],"jetpack_featured_media_url":"https:\/\/i0.wp.com\/informativoelvalledeaguascalientes.online\/wp-content\/uploads\/2023\/10\/bd9430c4-7227-4fde-bb9f-9dfeaa64a66b.jpg?fit=720%2C1280&ssl=1","jetpack-related-posts":[],"jetpack_sharing_enabled":true,"jetpack_likes_enabled":true,"_links":{"self":[{"href":"https:\/\/informativoelvalledeaguascalientes.online\/index.php?rest_route=\/wp\/v2\/posts\/49884","targetHints":{"allow":["GET"]}}],"collection":[{"href":"https:\/\/informativoelvalledeaguascalientes.online\/index.php?rest_route=\/wp\/v2\/posts"}],"about":[{"href":"https:\/\/informativoelvalledeaguascalientes.online\/index.php?rest_route=\/wp\/v2\/types\/post"}],"author":[{"embeddable":true,"href":"https:\/\/informativoelvalledeaguascalientes.online\/index.php?rest_route=\/wp\/v2\/users\/1"}],"replies":[{"embeddable":true,"href":"https:\/\/informativoelvalledeaguascalientes.online\/index.php?rest_route=%2Fwp%2Fv2%2Fcomments&post=49884"}],"version-history":[{"count":1,"href":"https:\/\/informativoelvalledeaguascalientes.online\/index.php?rest_route=\/wp\/v2\/posts\/49884\/revisions"}],"predecessor-version":[{"id":49888,"href":"https:\/\/informativoelvalledeaguascalientes.online\/index.php?rest_route=\/wp\/v2\/posts\/49884\/revisions\/49888"}],"wp:featuredmedia":[{"embeddable":true,"href":"https:\/\/informativoelvalledeaguascalientes.online\/index.php?rest_route=\/wp\/v2\/media\/49887"}],"wp:attachment":[{"href":"https:\/\/informativoelvalledeaguascalientes.online\/index.php?rest_route=%2Fwp%2Fv2%2Fmedia&parent=49884"}],"wp:term":[{"taxonomy":"category","embeddable":true,"href":"https:\/\/informativoelvalledeaguascalientes.online\/index.php?rest_route=%2Fwp%2Fv2%2Fcategories&post=49884"},{"taxonomy":"post_tag","embeddable":true,"href":"https:\/\/informativoelvalledeaguascalientes.online\/index.php?rest_route=%2Fwp%2Fv2%2Ftags&post=49884"}],"curies":[{"name":"wp","href":"https:\/\/api.w.org\/{rel}","templated":true}]}}