{"id":49878,"date":"2023-10-18T12:14:27","date_gmt":"2023-10-18T18:14:27","guid":{"rendered":"https:\/\/informativoelvalledeaguascalientes.online\/?p=49878"},"modified":"2023-10-18T12:14:27","modified_gmt":"2023-10-18T18:14:27","slug":"rinde-municipio-emotivo-homenaje-al-ex-presidente-municipal-francisco-ramirez-martinez","status":"publish","type":"post","link":"https:\/\/informativoelvalledeaguascalientes.online\/?p=49878","title":{"rendered":"RINDE MUNICIPIO EMOTIVO HOMENAJE AL EX PRESIDENTE MUNICIPAL FRANCISCO RAM\u00cdREZ MART\u00cdNEZ"},"content":{"rendered":"<p><strong><a href=\"https:\/\/www.facebook.com\/hashtag\/informativoelvalledeaguascalientes\">#informativoelvalledeaguascalientes<\/a><\/strong><\/p>\n<p><strong><a href=\"https:\/\/www.facebook.com\/hashtag\/novaradioaguascalientes\">#novaradioaguascalientes<\/a><\/strong><\/p>\n<p><strong><a class=\"x1i10hfl xjbqb8w x6umtig x1b1mbwd xaqea5y xav7gou x9f619 x1ypdohk xt0psk2 xe8uvvx xdj266r x11i5rnm xat24cr x1mh8g0r xexx8yu x4uap5 x18d9i69 xkhd6sd x16tdsg8 x1hl2dhg xggy1nq x1a2a7pz xt0b8zv x1qq9wsj xo1l8bm\" tabindex=\"0\" role=\"link\" href=\"https:\/\/www.facebook.com\/hashtag\/laciudaddetuvida?__eep__=6&amp;__cft__[0]=AZVUzG-uzEgkHBxlWi4clX4-qXx_nfGicugdShvx3oYxvDeUIl1My5bfFXiXTmVU7O9FCNwHdVuQiVqIjO99-u7dxeUq1S3CqcB1PNpBXLQtm-Q1JLiRFFX8c4SEMe3VqRRgSs9kS8-Ajp6HnW6ebLd3GeB3j-SCsEGrTUVXz1WdbDeQs8bs0Dry33nLaV6fVU4&amp;__tn__=*NK-R\">#LaCiudadDeTuVida<\/a><\/strong><\/p>\n<p>&nbsp;<\/p>\n<p>&nbsp;<\/p>\n<ul>\n<li><strong>Asimismo, se devel\u00f3 una placa conmemorativa por la ampliaci\u00f3n que realiz\u00f3 del Palacio Municipal<\/strong><\/li>\n<\/ul>\n<p>La ma\u00f1ana de este martes, el presidente municipal,\u00a0<strong>Leo Monta\u00f1ez\u00a0<\/strong>encabez\u00f3 el homenaje al ex presidente municipal\u00a0<strong>Francisco Ram\u00edrez Mart\u00ednez<\/strong>, a qui\u00e9n se reconoci\u00f3 por su trayectoria en el servicio p\u00fablico con obras como la ampliaci\u00f3n del edificio de la Presidencia Municipal, el trabajo en el sistema del agua a trav\u00e9s de la perforaci\u00f3n de 20 pozos y la introducci\u00f3n de la red de agua potable en 30 comunidades.<\/p>\n<p>Durante el evento realizado en el segundo patio de Palacio Municipal,\u00a0<strong>Leo Monta\u00f1ez<\/strong>\u00a0asegur\u00f3 que \u201cnos llena de entusiasmo homenajear a una persona que tiene una trayectoria tan destacada como el maestro; hoy hacemos un reconocimiento a su gran trabajo por nuestra ciudad y decirle que seguiremos trabajando todos los d\u00edas para que Aguascalientes siga siendo un mejor lugar para vivir\u201d.<\/p>\n<p>En su mensaje,\u00a0<strong>Francisco Ram\u00edrez Mart\u00ednez<\/strong>\u00a0habl\u00f3 de los retos que represent\u00f3 el proyecto arquitect\u00f3nico para ampliar el Palacio Municipal, \u201cnosotros construimos cinco mil 421 metros cuadrados, los cuales se dividen en mil 816 metros cuadrados en el estacionamiento, mil 843 metros cuadrados en lo que es la planta baja y mil 762 metros cuadrados en la planta alta\u201d.<\/p>\n<p>Detall\u00f3 que los trabajos duraron aproximadamente a\u00f1o y medio, en los que se trabaj\u00f3 a la par la obra civil y el labrado de cantera para poder terminar a la par, adem\u00e1s de laborar de manera coordinada con el Instituto Nacional de Antropolog\u00eda e Historia para que el edificio contara con las secuencias, ritmos y alturas de la construcci\u00f3n original.<\/p>\n<p>Posteriormente\u00a0<strong>Leo Monta\u00f1ez\u00a0<\/strong>y\u00a0<strong>Francisco Ram\u00edrez Mart\u00ednez\u00a0<\/strong>develaron la placa conmemorativa que reconoce la labor destacada del ex presidente municipal.<\/p>\n<p>En este evento estuvieron presentes\u00a0<strong>Lourdes Lozano de Ram\u00edrez<\/strong>, esposa del ex presidente\u00a0<strong>Francisco Ram\u00edrez Mart\u00ednez<\/strong>, as\u00ed como sus familiares, amigos, ex presidentes municipales, s\u00edndicos, regidores e integrantes del gabinete municipal.<\/p>\n","protected":false},"excerpt":{"rendered":"<p>#informativoelvalledeaguascalientes #novaradioaguascalientes #LaCiudadDeTuVida &nbsp; &nbsp; Asimismo, se devel\u00f3 una placa conmemorativa por la ampliaci\u00f3n que realiz\u00f3 del Palacio Municipal La ma\u00f1ana de este martes, el presidente municipal,\u00a0Leo Monta\u00f1ez\u00a0encabez\u00f3 el homenaje al ex presidente municipal\u00a0Francisco Ram\u00edrez Mart\u00ednez, a qui\u00e9n se reconoci\u00f3 por su trayectoria en el servicio p\u00fablico con obras como la ampliaci\u00f3n del edificio de [&hellip;]<\/p>\n","protected":false},"author":1,"featured_media":49879,"comment_status":"closed","ping_status":"open","sticky":false,"template":"","format":"standard","meta":{"advanced_seo_description":"","jetpack_seo_html_title":"","jetpack_seo_noindex":false,"_jetpack_memberships_contains_paid_content":false,"footnotes":"","jetpack_publicize_message":"","jetpack_publicize_feature_enabled":true,"jetpack_social_post_already_shared":true,"jetpack_social_options":{"image_generator_settings":{"template":"highway","default_image_id":0,"font":"","enabled":false},"version":2}},"categories":[21,3],"tags":[22,25],"class_list":["post-49878","post","type-post","status-publish","format-standard","has-post-thumbnail","hentry","category-aguascalientes","category-municipio-aguascalientes","tag-aguascalientes","tag-mpio-aguascalientes"],"jetpack_publicize_connections":[],"jetpack_featured_media_url":"https:\/\/i0.wp.com\/informativoelvalledeaguascalientes.online\/wp-content\/uploads\/2023\/10\/MPIO-EX-PRESIDENTE.jpg?fit=2400%2C1600&ssl=1","jetpack-related-posts":[],"jetpack_sharing_enabled":true,"jetpack_likes_enabled":true,"_links":{"self":[{"href":"https:\/\/informativoelvalledeaguascalientes.online\/index.php?rest_route=\/wp\/v2\/posts\/49878","targetHints":{"allow":["GET"]}}],"collection":[{"href":"https:\/\/informativoelvalledeaguascalientes.online\/index.php?rest_route=\/wp\/v2\/posts"}],"about":[{"href":"https:\/\/informativoelvalledeaguascalientes.online\/index.php?rest_route=\/wp\/v2\/types\/post"}],"author":[{"embeddable":true,"href":"https:\/\/informativoelvalledeaguascalientes.online\/index.php?rest_route=\/wp\/v2\/users\/1"}],"replies":[{"embeddable":true,"href":"https:\/\/informativoelvalledeaguascalientes.online\/index.php?rest_route=%2Fwp%2Fv2%2Fcomments&post=49878"}],"version-history":[{"count":1,"href":"https:\/\/informativoelvalledeaguascalientes.online\/index.php?rest_route=\/wp\/v2\/posts\/49878\/revisions"}],"predecessor-version":[{"id":49880,"href":"https:\/\/informativoelvalledeaguascalientes.online\/index.php?rest_route=\/wp\/v2\/posts\/49878\/revisions\/49880"}],"wp:featuredmedia":[{"embeddable":true,"href":"https:\/\/informativoelvalledeaguascalientes.online\/index.php?rest_route=\/wp\/v2\/media\/49879"}],"wp:attachment":[{"href":"https:\/\/informativoelvalledeaguascalientes.online\/index.php?rest_route=%2Fwp%2Fv2%2Fmedia&parent=49878"}],"wp:term":[{"taxonomy":"category","embeddable":true,"href":"https:\/\/informativoelvalledeaguascalientes.online\/index.php?rest_route=%2Fwp%2Fv2%2Fcategories&post=49878"},{"taxonomy":"post_tag","embeddable":true,"href":"https:\/\/informativoelvalledeaguascalientes.online\/index.php?rest_route=%2Fwp%2Fv2%2Ftags&post=49878"}],"curies":[{"name":"wp","href":"https:\/\/api.w.org\/{rel}","templated":true}]}}