{"id":49868,"date":"2023-10-18T11:17:24","date_gmt":"2023-10-18T17:17:24","guid":{"rendered":"https:\/\/informativoelvalledeaguascalientes.online\/?p=49868"},"modified":"2023-10-18T11:17:24","modified_gmt":"2023-10-18T17:17:24","slug":"anuncia-municipio-el-segundo-festival-del-mezcal-y-maguey","status":"publish","type":"post","link":"https:\/\/informativoelvalledeaguascalientes.online\/?p=49868","title":{"rendered":"ANUNCIA MUNICIPIO EL SEGUNDO FESTIVAL DEL MEZCAL Y MAGUEY"},"content":{"rendered":"<p><strong><a href=\"https:\/\/www.facebook.com\/hashtag\/informativoelvalledeaguascalientes\">#informativoelvalledeaguascalientes<\/a><\/strong><\/p>\n<p><strong><a href=\"https:\/\/www.facebook.com\/hashtag\/novaradioaguascalientes\">#novaradioaguascalientes<\/a><\/strong><\/p>\n<p><strong><a class=\"x1i10hfl xjbqb8w x6umtig x1b1mbwd xaqea5y xav7gou x9f619 x1ypdohk xt0psk2 xe8uvvx xdj266r x11i5rnm xat24cr x1mh8g0r xexx8yu x4uap5 x18d9i69 xkhd6sd x16tdsg8 x1hl2dhg xggy1nq x1a2a7pz xt0b8zv x1qq9wsj xo1l8bm\" tabindex=\"0\" role=\"link\" href=\"https:\/\/www.facebook.com\/hashtag\/laciudaddetuvida?__eep__=6&amp;__cft__[0]=AZVUzG-uzEgkHBxlWi4clX4-qXx_nfGicugdShvx3oYxvDeUIl1My5bfFXiXTmVU7O9FCNwHdVuQiVqIjO99-u7dxeUq1S3CqcB1PNpBXLQtm-Q1JLiRFFX8c4SEMe3VqRRgSs9kS8-Ajp6HnW6ebLd3GeB3j-SCsEGrTUVXz1WdbDeQs8bs0Dry33nLaV6fVU4&amp;__tn__=*NK-R\">#LaCiudadDeTuVida<\/a><\/strong><\/p>\n<p>&nbsp;<\/p>\n<p>&nbsp;<\/p>\n<ul>\n<li><strong>Se llevar\u00e1 a cabo del 20 al 22 de octubre en el Jard\u00edn de Guadalupe<\/strong><\/li>\n<li><strong>Se contar\u00e1 con la participaci\u00f3n de m\u00e1s de 20 productores de mezcal y destilados<\/strong><\/li>\n<\/ul>\n<p>Con el prop\u00f3sito de detonar la econom\u00eda local y dar a conocer la rica tradici\u00f3n del mezcal artesanal y los productos derivados del maguey, se llevar\u00e1 a cabo el segundo Festival del Mezcal y Maguey, del 20 al 22 de octubre, en el Jard\u00edn de Guadalupe, as\u00ed lo dio a conocer\u00a0<strong>Humberto Montero de Alba<\/strong>, titular de la Secretar\u00eda de Econom\u00eda Social y Turismo Municipal (Setum).<\/p>\n<p>En rueda de prensa,<strong>\u00a0Montero de Alba<\/strong>\u00a0destac\u00f3 la participaci\u00f3n de m\u00e1s de 20 productores de mezcal y destilados provenientes de diversos municipios de Aguascalientes, como Asientos, Calvillo, El Llano, Rinc\u00f3n de Romos y Tepezal\u00e1, as\u00ed como de los estados de Zacatecas y Oaxaca.<\/p>\n<p>Dijo que este festival ofrecer\u00e1 una experiencia \u00fanica, pues se habr\u00e1n exposiciones, talleres, presentaciones art\u00edsticas, actividades l\u00fadicas, catas y gastronom\u00eda, as\u00ed como la presencia de las Mujeres de Parga, quienes con su platillo \u201cAtado de Mezquite\u201d, ganaron un premio nacional que las llev\u00f3 a visitar Los Pinos.<\/p>\n<p>Por su parte,\u00a0<strong>Wenceslao Bautista Rodr\u00edguez<\/strong>, presidente del Sistema Productor de Mezcal y Maguey, agradeci\u00f3 este tipo de iniciativas que les permite dar a conocer sus productos a la poblaci\u00f3n en un evento dise\u00f1ado para toda la familia y en un escenario tradicional, como lo es el Jard\u00edn de Guadalupe.<\/p>\n<p>De igual forma, el regidor\u00a0<strong>Edgar Due\u00f1as Mac\u00edas\u00a0<\/strong>subray\u00f3 la importancia del trabajo coordinado entre autoridades, productores y artesanos locales para promover la rica tradici\u00f3n del mezcal artesanal y de los productos derivados del maguey en la regi\u00f3n de Aguascalientes, as\u00ed como la preservaci\u00f3n y promoci\u00f3n de nuestras ra\u00edces culturales.<\/p>\n<p>Asistieron a este evento el regidor\u00a0<strong>Carlos Ortega Tiscare\u00f1o<\/strong>,\u00a0<strong>Guillermina Guti\u00e9rrez Rodr\u00edguez<\/strong>, presidenta de la Asociaci\u00f3n de Mujeres Productoras de Mezcal y Maguey de Aguascalientes;\u00a0<strong>Mylena L\u00f3pez Castro<\/strong>, presidenta de la Asociaci\u00f3n de Mujeres Empresarias del Maguey y Derivados, y\u00a0<strong>Mayra Paola Mart\u00ednez Reyes<\/strong>, de Mezcal Sanquint\u00edn.<\/p>\n","protected":false},"excerpt":{"rendered":"<p>#informativoelvalledeaguascalientes #novaradioaguascalientes #LaCiudadDeTuVida &nbsp; &nbsp; Se llevar\u00e1 a cabo del 20 al 22 de octubre en el Jard\u00edn de Guadalupe Se contar\u00e1 con la participaci\u00f3n de m\u00e1s de 20 productores de mezcal y destilados Con el prop\u00f3sito de detonar la econom\u00eda local y dar a conocer la rica tradici\u00f3n del mezcal artesanal y los productos [&hellip;]<\/p>\n","protected":false},"author":1,"featured_media":49869,"comment_status":"closed","ping_status":"open","sticky":false,"template":"","format":"standard","meta":{"advanced_seo_description":"","jetpack_seo_html_title":"","jetpack_seo_noindex":false,"_jetpack_memberships_contains_paid_content":false,"footnotes":"","jetpack_publicize_message":"","jetpack_publicize_feature_enabled":true,"jetpack_social_post_already_shared":true,"jetpack_social_options":{"image_generator_settings":{"template":"highway","default_image_id":0,"font":"","enabled":false},"version":2}},"categories":[21,3],"tags":[22,25,124],"class_list":["post-49868","post","type-post","status-publish","format-standard","has-post-thumbnail","hentry","category-aguascalientes","category-municipio-aguascalientes","tag-aguascalientes","tag-mpio-aguascalientes","tag-mpio-aguascalientes-setum"],"jetpack_publicize_connections":[],"jetpack_featured_media_url":"https:\/\/i0.wp.com\/informativoelvalledeaguascalientes.online\/wp-content\/uploads\/2023\/10\/MPIO-AGS-MEZCAL.jpg?fit=1024%2C683&ssl=1","jetpack-related-posts":[],"jetpack_sharing_enabled":true,"jetpack_likes_enabled":true,"_links":{"self":[{"href":"https:\/\/informativoelvalledeaguascalientes.online\/index.php?rest_route=\/wp\/v2\/posts\/49868","targetHints":{"allow":["GET"]}}],"collection":[{"href":"https:\/\/informativoelvalledeaguascalientes.online\/index.php?rest_route=\/wp\/v2\/posts"}],"about":[{"href":"https:\/\/informativoelvalledeaguascalientes.online\/index.php?rest_route=\/wp\/v2\/types\/post"}],"author":[{"embeddable":true,"href":"https:\/\/informativoelvalledeaguascalientes.online\/index.php?rest_route=\/wp\/v2\/users\/1"}],"replies":[{"embeddable":true,"href":"https:\/\/informativoelvalledeaguascalientes.online\/index.php?rest_route=%2Fwp%2Fv2%2Fcomments&post=49868"}],"version-history":[{"count":1,"href":"https:\/\/informativoelvalledeaguascalientes.online\/index.php?rest_route=\/wp\/v2\/posts\/49868\/revisions"}],"predecessor-version":[{"id":49870,"href":"https:\/\/informativoelvalledeaguascalientes.online\/index.php?rest_route=\/wp\/v2\/posts\/49868\/revisions\/49870"}],"wp:featuredmedia":[{"embeddable":true,"href":"https:\/\/informativoelvalledeaguascalientes.online\/index.php?rest_route=\/wp\/v2\/media\/49869"}],"wp:attachment":[{"href":"https:\/\/informativoelvalledeaguascalientes.online\/index.php?rest_route=%2Fwp%2Fv2%2Fmedia&parent=49868"}],"wp:term":[{"taxonomy":"category","embeddable":true,"href":"https:\/\/informativoelvalledeaguascalientes.online\/index.php?rest_route=%2Fwp%2Fv2%2Fcategories&post=49868"},{"taxonomy":"post_tag","embeddable":true,"href":"https:\/\/informativoelvalledeaguascalientes.online\/index.php?rest_route=%2Fwp%2Fv2%2Ftags&post=49868"}],"curies":[{"name":"wp","href":"https:\/\/api.w.org\/{rel}","templated":true}]}}