{"id":49859,"date":"2023-10-18T10:42:06","date_gmt":"2023-10-18T16:42:06","guid":{"rendered":"https:\/\/informativoelvalledeaguascalientes.online\/?p=49859"},"modified":"2023-10-18T10:42:06","modified_gmt":"2023-10-18T16:42:06","slug":"tere-jimenez-encabeza-la-conmemoracion-del-dia-mundial-de-la-alimentacion","status":"publish","type":"post","link":"https:\/\/informativoelvalledeaguascalientes.online\/?p=49859","title":{"rendered":"TERE JIM\u00c9NEZ ENCABEZA LA CONMEMORACI\u00d3N DEL D\u00cdA MUNDIAL DE LA ALIMENTACI\u00d3N"},"content":{"rendered":"<p><strong><a href=\"https:\/\/www.facebook.com\/hashtag\/informativoelvalledeaguascalientes\">#informativoelvalledeaguascalientes<\/a><\/strong><\/p>\n<p><strong><a href=\"https:\/\/www.facebook.com\/hashtag\/novaradioaguascalientes\">#novaradioaguascalientes<\/a><\/strong><\/p>\n<p><strong><a href=\"https:\/\/www.facebook.com\/GobiernodeAguascalientes\">#ElGiganteDeMexico<\/a><\/strong><\/p>\n<p>&nbsp;<\/p>\n<div id=\"bgLayers_comp-l7sh9ubr2\" class=\"MW5IWV\" data-hook=\"bgLayers\"><\/div>\n<div class=\"\" data-mesh-id=\"comp-l7sh9ubr2inlineContent\" data-testid=\"inline-content\">\n<div data-mesh-id=\"comp-l7sh9ubr2inlineContent-gridContainer\" data-testid=\"mesh-container-content\">\n<div id=\"comp-l7yvxqo2\" class=\"MazNVa comp-l7yvxqo2 wixui-image\">\n<div class=\"j7pOnl\" data-testid=\"linkElement\"><\/div>\n<\/div>\n<div id=\"comp-l7sh9ubx\" class=\"TWFxr5 \">\n<div class=\"comp-l7sh9ubx\">\n<div class=\"siSdJK4 comp-l7sh9ubx\" data-hook=\"ricosviewer-wrapper\">\n<div class=\"U4I07\" dir=\"ltr\" data-id=\"content-viewer\">\n<div class=\"hl-xW\">\n<div>\n<p id=\"viewer-foo\" class=\"-Zro6 -ZADH vVfzz AnCKd _57WYp\"><span class=\"d0767 vVfzz\">La gobernadora de Aguascalientes, Tere Jim\u00e9nez, encabez\u00f3 la conmemoraci\u00f3n del D\u00eda Mundial de la Alimentaci\u00f3n, donde refrend\u00f3 su compromiso de seguir impulsando programas y espacios para garantizar una alimentaci\u00f3n saludable y de calidad a quienes m\u00e1s lo requieran.<\/span><\/p>\n<div id=\"viewer-fgf04132\" class=\"-Zro6 -ZADH vVfzz _57WYp\"><span class=\"d0767 vVfzz\">\u00a0<\/span><\/div>\n<p id=\"viewer-8h4yr133\" class=\"-Zro6 -ZADH vVfzz AnCKd _57WYp\"><span class=\"d0767 vVfzz\">Tere Jim\u00e9nez hizo la entrega simb\u00f3lica de m\u00e1s de 200 mil dotaciones alimenticias para las familias de Aguascalientes; adem\u00e1s, resalt\u00f3 que en el estado operan 192 comedores escolares que atiende el DIF Estatal, as\u00ed como otros espacios donde se ofrece comida a todas las personas que lo necesiten.\u00a0<\/span><\/p>\n<div id=\"viewer-9i23p135\" class=\"-Zro6 -ZADH vVfzz _57WYp\"><span class=\"d0767 vVfzz\">\u00a0<\/span><\/div>\n<p id=\"viewer-5r01g136\" class=\"-Zro6 -ZADH vVfzz AnCKd _57WYp\"><span class=\"d0767 vVfzz\">\u201cEstamos muy contentos porque estos beneficios llegan a la mesa de las personas; gracias a todos y todas las voluntarias que aportan su tiempo y esfuerzo para cocinar estos ricos alimentos; en Aguascalientes somos gente de trabajo y soluciones\u201d, mencion\u00f3 Tere Jim\u00e9nez.\u00a0<\/span><\/p>\n<div id=\"viewer-b3psc138\" class=\"-Zro6 -ZADH vVfzz _57WYp\"><span class=\"d0767 vVfzz\">\u00a0<\/span><\/div>\n<p id=\"viewer-uupxa139\" class=\"-Zro6 -ZADH vVfzz AnCKd _57WYp\"><span class=\"d0767 vVfzz\">En su mensaje, la presidenta del Sistema DIF Estatal, Aurora Jim\u00e9nez Esquivel, dijo que a trav\u00e9s de los comedores escolares se ha logrado que los estudiantes consuman desayunos saludables y balanceados, lo que se refleja en un mejor aprovechamiento escolar.\u00a0<\/span><\/p>\n<div id=\"viewer-oossw141\" class=\"-Zro6 -ZADH vVfzz _57WYp\"><span class=\"d0767 vVfzz\">\u00a0<\/span><\/div>\n<p id=\"viewer-nl5km142\" class=\"-Zro6 -ZADH vVfzz AnCKd _57WYp\"><span class=\"d0767 vVfzz\">\u201cEstamos trabajando de la mano con todos los Municipios y las instituciones educativas para favorecer el nivel nutricional, desarrollo f\u00edsico y mental de este sector de la poblaci\u00f3n\u201d, resalt\u00f3.\u00a0<\/span><\/p>\n<div id=\"viewer-wg6de144\" class=\"-Zro6 -ZADH vVfzz _57WYp\"><span class=\"d0767 vVfzz\">\u00a0<\/span><\/div>\n<p id=\"viewer-i7tmi145\" class=\"-Zro6 -ZADH vVfzz AnCKd _57WYp\"><span class=\"d0767 vVfzz\">Finalmente y a nombre de los beneficiarios, Pamela Gissel Jim\u00e9nez Carrillo agradeci\u00f3 a la gobernadora por hacer posible que las ni\u00f1as y ni\u00f1os tengan acceso a alimentos nutritivos en sus escuelas, ya que eso favorece sus h\u00e1bitos alimenticios y es un importante apoyo a la econom\u00eda de sus familias.\u00a0<\/span><\/p>\n<div id=\"viewer-2bgyp147\" class=\"-Zro6 -ZADH vVfzz _57WYp\"><span class=\"d0767 vVfzz\">\u00a0<\/span><\/div>\n<p id=\"viewer-0sesj148\" class=\"-Zro6 -ZADH vVfzz AnCKd _57WYp\"><span class=\"d0767 vVfzz\">Durante el evento que se realiz\u00f3 en el Sal\u00f3n de Exposiciones del Ficotrece tambi\u00e9n se premi\u00f3 a los tres primeros lugares del Concurso Culinario que se realiz\u00f3 en todos los municipios; as\u00ed como un reconocimiento a Mar\u00eda del Refugio Ruvalcaba por m\u00e1s de veinte a\u00f1os de servicio como voluntaria en comedores comunitarios.\u00a0<\/span><\/p>\n<div id=\"viewer-6h78a150\" class=\"-Zro6 -ZADH vVfzz _57WYp\"><span class=\"d0767 vVfzz\">\u00a0<\/span><\/div>\n<p id=\"viewer-un89z151\" class=\"-Zro6 -ZADH vVfzz AnCKd _57WYp\"><span class=\"d0767 vVfzz\">En el evento tambi\u00e9n estuvieron presentes Jaime Gonz\u00e1lez de Le\u00f3n, presidente de la Mesa Directiva del H. Congreso del Estado; Nancy X\u00f3chitl Mac\u00edas Pacheco, presidenta de la Comisi\u00f3n de la Familia y Derechos de la Ni\u00f1ez del H. Congreso del Estado; Norma Adela Guel Sald\u00edvar, secretaria de la Familia; Olinsser Juan Guti\u00e9rrez Herrera, director de Desarrollo Comunitario del DIF Estatal, y Jos\u00e9 Antonio Ar\u00e1mbula L\u00f3pez, presidente de Jes\u00fas Mar\u00eda.\u00a0<\/span><\/p>\n<div id=\"viewer-fl3rl153\" class=\"-Zro6 -ZADH vVfzz _57WYp\"><\/div>\n<\/div>\n<\/div>\n<\/div>\n<\/div>\n<\/div>\n<\/div>\n<\/div>\n<\/div>\n","protected":false},"excerpt":{"rendered":"<p>#informativoelvalledeaguascalientes #novaradioaguascalientes #ElGiganteDeMexico &nbsp; La gobernadora de Aguascalientes, Tere Jim\u00e9nez, encabez\u00f3 la conmemoraci\u00f3n del D\u00eda Mundial de la Alimentaci\u00f3n, donde refrend\u00f3 su compromiso de seguir impulsando programas y espacios para garantizar una alimentaci\u00f3n saludable y de calidad a quienes m\u00e1s lo requieran. \u00a0 Tere Jim\u00e9nez hizo la entrega simb\u00f3lica de m\u00e1s de 200 mil dotaciones [&hellip;]<\/p>\n","protected":false},"author":1,"featured_media":49860,"comment_status":"closed","ping_status":"open","sticky":false,"template":"","format":"standard","meta":{"advanced_seo_description":"","jetpack_seo_html_title":"","jetpack_seo_noindex":false,"_jetpack_memberships_contains_paid_content":false,"footnotes":"","jetpack_publicize_message":"","jetpack_publicize_feature_enabled":true,"jetpack_social_post_already_shared":true,"jetpack_social_options":{"image_generator_settings":{"template":"highway","default_image_id":0,"font":"","enabled":false},"version":2}},"categories":[21,4],"tags":[22,65,615,320],"class_list":["post-49859","post","type-post","status-publish","format-standard","has-post-thumbnail","hentry","category-aguascalientes","category-gobierno-del-estado-aguascalientes","tag-aguascalientes","tag-dif-estatal-aguascalientes","tag-gobierno-del-estado-de-aguascalientes","tag-tere-jimenez"],"jetpack_publicize_connections":[],"jetpack_featured_media_url":"https:\/\/i0.wp.com\/informativoelvalledeaguascalientes.online\/wp-content\/uploads\/2023\/10\/1-2.jpeg?fit=1440%2C704&ssl=1","jetpack-related-posts":[],"jetpack_sharing_enabled":true,"jetpack_likes_enabled":true,"_links":{"self":[{"href":"https:\/\/informativoelvalledeaguascalientes.online\/index.php?rest_route=\/wp\/v2\/posts\/49859","targetHints":{"allow":["GET"]}}],"collection":[{"href":"https:\/\/informativoelvalledeaguascalientes.online\/index.php?rest_route=\/wp\/v2\/posts"}],"about":[{"href":"https:\/\/informativoelvalledeaguascalientes.online\/index.php?rest_route=\/wp\/v2\/types\/post"}],"author":[{"embeddable":true,"href":"https:\/\/informativoelvalledeaguascalientes.online\/index.php?rest_route=\/wp\/v2\/users\/1"}],"replies":[{"embeddable":true,"href":"https:\/\/informativoelvalledeaguascalientes.online\/index.php?rest_route=%2Fwp%2Fv2%2Fcomments&post=49859"}],"version-history":[{"count":1,"href":"https:\/\/informativoelvalledeaguascalientes.online\/index.php?rest_route=\/wp\/v2\/posts\/49859\/revisions"}],"predecessor-version":[{"id":49861,"href":"https:\/\/informativoelvalledeaguascalientes.online\/index.php?rest_route=\/wp\/v2\/posts\/49859\/revisions\/49861"}],"wp:featuredmedia":[{"embeddable":true,"href":"https:\/\/informativoelvalledeaguascalientes.online\/index.php?rest_route=\/wp\/v2\/media\/49860"}],"wp:attachment":[{"href":"https:\/\/informativoelvalledeaguascalientes.online\/index.php?rest_route=%2Fwp%2Fv2%2Fmedia&parent=49859"}],"wp:term":[{"taxonomy":"category","embeddable":true,"href":"https:\/\/informativoelvalledeaguascalientes.online\/index.php?rest_route=%2Fwp%2Fv2%2Fcategories&post=49859"},{"taxonomy":"post_tag","embeddable":true,"href":"https:\/\/informativoelvalledeaguascalientes.online\/index.php?rest_route=%2Fwp%2Fv2%2Ftags&post=49859"}],"curies":[{"name":"wp","href":"https:\/\/api.w.org\/{rel}","templated":true}]}}