{"id":49850,"date":"2023-10-18T10:31:40","date_gmt":"2023-10-18T16:31:40","guid":{"rendered":"https:\/\/informativoelvalledeaguascalientes.online\/?p=49850"},"modified":"2023-10-18T10:31:40","modified_gmt":"2023-10-18T16:31:40","slug":"oportunidades-laborales-para-adultos-mayores-y-personas-con-discapacidad-en-el-proximo-jueves-de-bolsa-de-trabajo","status":"publish","type":"post","link":"https:\/\/informativoelvalledeaguascalientes.online\/?p=49850","title":{"rendered":"OPORTUNIDADES LABORALES PARA ADULTOS MAYORES Y PERSONAS CON DISCAPACIDAD EN EL PR\u00d3XIMO \u201cJUEVES DE BOLSA DE TRABAJO\u201d"},"content":{"rendered":"<p><strong><a href=\"https:\/\/www.facebook.com\/hashtag\/informativoelvalledeaguascalientes\">#informativoelvalledeaguascalientes<\/a><\/strong><\/p>\n<p><strong><a href=\"https:\/\/www.facebook.com\/hashtag\/novaradioaguascalientes\">#novaradioaguascalientes<\/a><\/strong><\/p>\n<p><strong><a href=\"https:\/\/www.facebook.com\/GobiernodeAguascalientes\">#ElGiganteDeMexico<\/a><\/strong><\/p>\n<p>&nbsp;<\/p>\n<ul class=\"xErDo AnCKd\">\n<li class=\"_04hd2 IjV6v\" dir=\"auto\">\n<div>\n<p id=\"viewer-foo\" class=\"-Zro6 -ZADH IjV6v AnCKd _57WYp\"><span class=\"d0767\"><strong><em>La jornada se realizar\u00e1 este 19 de octubre de 9:00 a 15:00 horas en el\u00a0 Palacio de Gobierno<\/em><\/strong><\/span><\/p>\n<\/div>\n<\/li>\n<li class=\"_04hd2 IjV6v\" dir=\"auto\">\n<div>\n<p id=\"viewer-ruesx201\" class=\"-Zro6 -ZADH IjV6v AnCKd _57WYp\"><span class=\"d0767\"><strong><em>Los interesados podr\u00e1n realizar su registro previo en el portal <\/em><\/strong><a class=\"TWoY9 itht3\" href=\"https:\/\/ferias.empleo.gob.mx\/\" target=\"_self\" rel=\"noopener noreferrer\"><strong><em><u>https:\/\/ferias.empleo.gob.mx\/<\/u><\/em><\/strong><\/a><\/span><\/p>\n<\/div>\n<\/li>\n<\/ul>\n<div id=\"viewer-2idpx204\" class=\"-Zro6 -ZADH IjV6v _57WYp\"><span class=\"d0767\">\u00a0<\/span><\/div>\n<p id=\"viewer-ystjx205\" class=\"-Zro6 -ZADH vVfzz AnCKd _57WYp\"><span class=\"d0767 vVfzz\">En un esfuerzo por fomentar la inclusi\u00f3n y la igualdad de oportunidades en el \u00e1mbito laboral, la gobernadora de Aguascalientes, Tere Jim\u00e9nez, anunci\u00f3 que el pr\u00f3ximo \u201cJueves de Bolsa de Trabajo\u201d se enfocar\u00e1 a adultos mayores y personas con discapacidad.<\/span><\/p>\n<div id=\"viewer-kr4d5207\" class=\"-Zro6 -ZADH vVfzz _57WYp\"><span class=\"d0767 vVfzz\">\u00a0<\/span><\/div>\n<p id=\"viewer-ovrwd208\" class=\"-Zro6 -ZADH vVfzz AnCKd _57WYp\"><span class=\"d0767 vVfzz\">\u201cQueremos que todas y todos tengan las mismas posibilidades de obtener un trabajo digno y mejorar su calidad de vida y la de sus familias\u201d, expres\u00f3 la gobernadora.<\/span><\/p>\n<div id=\"viewer-q1ns6210\" class=\"-Zro6 -ZADH vVfzz _57WYp\"><span class=\"d0767 vVfzz\">\u00a0<\/span><\/div>\n<p id=\"viewer-blr5g211\" class=\"-Zro6 -ZADH vVfzz AnCKd _57WYp\"><span class=\"d0767 vVfzz\">El titular de la Secretar\u00eda de Desarrollo Econ\u00f3mico, Ciencia y Tecnolog\u00eda (Sedecyt), Manuel Alejandro Gonz\u00e1lez Mart\u00ednez, detall\u00f3 que la jornada se realizar\u00e1 el jueves 19 de octubre en los patios del Palacio de Gobierno, de las 9:00 a las 15:00 horas, donde se ofertar\u00e1n m\u00e1s de 1,000 vacantes.\u00a0<\/span><\/p>\n<div id=\"viewer-zszoe213\" class=\"-Zro6 -ZADH vVfzz _57WYp\"><span class=\"d0767 vVfzz\">\u00a0<\/span><\/div>\n<p id=\"viewer-mpjk6214\" class=\"-Zro6 -ZADH vVfzz AnCKd _57WYp\"><span class=\"d0767 vVfzz\">Destac\u00f3 que se contar\u00e1 con la participaci\u00f3n de empresas como Cooper Standard, Valle Redondo, Grupo Bimbo, Leche San Marcos, Dilusa, Aminsa, Exhimas, entre muchas otras.<\/span><\/p>\n<div id=\"viewer-11m6p216\" class=\"-Zro6 -ZADH vVfzz _57WYp\"><span class=\"d0767 vVfzz\">\u00a0<\/span><\/div>\n<p id=\"viewer-kzydi217\" class=\"-Zro6 -ZADH vVfzz AnCKd _57WYp\"><span class=\"d0767 vVfzz\">El titular de la Sedecyt especific\u00f3 que aunque el evento se orienta prioritariamente a adultos mayores y personas con discapacidad, se atender\u00e1n todas las solicitudes de personas mayores de 18 a\u00f1os, ya que las empresas participantes tienen vacantes para todos los perfiles, con escolaridad desde primaria hasta licenciatura.<\/span><\/p>\n<div id=\"viewer-tq2sf219\" class=\"-Zro6 -ZADH vVfzz _57WYp\"><span class=\"d0767 vVfzz\">\u00a0<\/span><\/div>\n<p id=\"viewer-au5vm220\" class=\"-Zro6 -ZADH vVfzz AnCKd _57WYp\"><span class=\"d0767 vVfzz\">Precis\u00f3 que algunas dependencias de gobierno instalar\u00e1n m\u00f3dulos donde brindar\u00e1n informaci\u00f3n y servicios a la ciudadan\u00eda, desde orientaci\u00f3n para adquirir la nueva Tarjeta Soluciones YoVoy y recargas de saldo para los usuarios, hasta vacantes para sumarse a la Polic\u00eda Estatal y talleres sobre recomendaciones y estrategias para buscadores de empleo.\u00a0<\/span><\/p>\n<div id=\"viewer-86jpt222\" class=\"-Zro6 -ZADH vVfzz _57WYp\"><span class=\"d0767 vVfzz\">\u00a0<\/span><\/div>\n<p id=\"viewer-iwl8x223\" class=\"-Zro6 -ZADH vVfzz AnCKd _57WYp\"><span class=\"d0767 vVfzz\">Adem\u00e1s, en colaboraci\u00f3n con el DIF Estatal habr\u00e1 una guarder\u00eda para que los padres y madres de familia que acudan a buscar un empleo, puedan dejar a sus hijos en un lugar seguro.\u00a0<\/span><\/p>\n<div id=\"viewer-rxngc225\" class=\"-Zro6 -ZADH vVfzz _57WYp\"><span class=\"d0767 vVfzz\">\u00a0<\/span><\/div>\n<p id=\"viewer-oy2fr226\" class=\"-Zro6 -ZADH vVfzz AnCKd _57WYp\"><span class=\"d0767 vVfzz\">Se\u00f1al\u00f3 que en esta edici\u00f3n, la Procuradur\u00eda de la Defensa del Contribuyente (Prodecon) tambi\u00e9n ofrecer\u00e1 asesor\u00edas gratuitas sobre c\u00f3mo realizar algunos tr\u00e1mites del SAT, como la renovaci\u00f3n del certificado de la e.firma y la descarga de la constancia de situaci\u00f3n fiscal desde el portal de internet; as\u00ed como orientaci\u00f3n sobre los diferentes reg\u00edmenes fiscales que existen y resoluci\u00f3n de dudas acerca de las obligaciones fiscales ante el IMSS e Infonavit, entre otros.\u00a0<\/span><\/p>\n<div id=\"viewer-kzvh0228\" class=\"-Zro6 -ZADH vVfzz _57WYp\"><span class=\"d0767 vVfzz\">\u00a0<\/span><\/div>\n<p id=\"viewer-xqqek229\" class=\"-Zro6 -ZADH vVfzz AnCKd _57WYp\"><span class=\"d0767 vVfzz\">Por su parte, la directora del Servicio Estatal y Nacional de Empleo Aguascalientes (SNEA), Irma D\u00edaz Marmolejo, invit\u00f3 a las personas interesadas en participar a que acudan el d\u00eda del evento con su identificaci\u00f3n oficial, CURP y varias solicitudes de empleo o curriculum vitae.<\/span><\/p>\n<div id=\"viewer-0dwuz297\" class=\"-Zro6 -ZADH vVfzz _57WYp\"><span class=\"d0767 vVfzz\">\u00a0<\/span><\/div>\n<p id=\"viewer-k6l0x231\" class=\"-Zro6 -ZADH vVfzz AnCKd _57WYp\"><span class=\"d0767 vVfzz\">Finalmente, se\u00f1al\u00f3 que las personas podr\u00e1n realizar previamente su registro en el portal web <a class=\"TWoY9 itht3\" href=\"https:\/\/ferias.empleo.gob.mx\/\" target=\"_self\" rel=\"noopener noreferrer\"><u>https:\/\/ferias.empleo.gob.mx\/<\/u><\/a>; para informaci\u00f3n adicional, pueden comunicarse al tel\u00e9fono 449 910 25 89, de lunes a viernes, de 8:00 a 15:30 horas.<\/span><\/p>\n","protected":false},"excerpt":{"rendered":"<p>#informativoelvalledeaguascalientes #novaradioaguascalientes #ElGiganteDeMexico &nbsp; La jornada se realizar\u00e1 este 19 de octubre de 9:00 a 15:00 horas en el\u00a0 Palacio de Gobierno Los interesados podr\u00e1n realizar su registro previo en el portal https:\/\/ferias.empleo.gob.mx\/ \u00a0 En un esfuerzo por fomentar la inclusi\u00f3n y la igualdad de oportunidades en el \u00e1mbito laboral, la gobernadora de Aguascalientes, Tere [&hellip;]<\/p>\n","protected":false},"author":1,"featured_media":49851,"comment_status":"closed","ping_status":"open","sticky":false,"template":"","format":"standard","meta":{"advanced_seo_description":"","jetpack_seo_html_title":"","jetpack_seo_noindex":false,"_jetpack_memberships_contains_paid_content":false,"footnotes":"","jetpack_publicize_message":"","jetpack_publicize_feature_enabled":true,"jetpack_social_post_already_shared":true,"jetpack_social_options":{"image_generator_settings":{"template":"highway","default_image_id":0,"font":"","enabled":false},"version":2}},"categories":[21,4],"tags":[22,615,610,616],"class_list":["post-49850","post","type-post","status-publish","format-standard","has-post-thumbnail","hentry","category-aguascalientes","category-gobierno-del-estado-aguascalientes","tag-aguascalientes","tag-gobierno-del-estado-de-aguascalientes","tag-sedecyt","tag-snea"],"jetpack_publicize_connections":[],"jetpack_featured_media_url":"https:\/\/i0.wp.com\/informativoelvalledeaguascalientes.online\/wp-content\/uploads\/2023\/10\/7.jpg?fit=2400%2C1600&ssl=1","jetpack-related-posts":[],"jetpack_sharing_enabled":true,"jetpack_likes_enabled":true,"_links":{"self":[{"href":"https:\/\/informativoelvalledeaguascalientes.online\/index.php?rest_route=\/wp\/v2\/posts\/49850","targetHints":{"allow":["GET"]}}],"collection":[{"href":"https:\/\/informativoelvalledeaguascalientes.online\/index.php?rest_route=\/wp\/v2\/posts"}],"about":[{"href":"https:\/\/informativoelvalledeaguascalientes.online\/index.php?rest_route=\/wp\/v2\/types\/post"}],"author":[{"embeddable":true,"href":"https:\/\/informativoelvalledeaguascalientes.online\/index.php?rest_route=\/wp\/v2\/users\/1"}],"replies":[{"embeddable":true,"href":"https:\/\/informativoelvalledeaguascalientes.online\/index.php?rest_route=%2Fwp%2Fv2%2Fcomments&post=49850"}],"version-history":[{"count":1,"href":"https:\/\/informativoelvalledeaguascalientes.online\/index.php?rest_route=\/wp\/v2\/posts\/49850\/revisions"}],"predecessor-version":[{"id":49852,"href":"https:\/\/informativoelvalledeaguascalientes.online\/index.php?rest_route=\/wp\/v2\/posts\/49850\/revisions\/49852"}],"wp:featuredmedia":[{"embeddable":true,"href":"https:\/\/informativoelvalledeaguascalientes.online\/index.php?rest_route=\/wp\/v2\/media\/49851"}],"wp:attachment":[{"href":"https:\/\/informativoelvalledeaguascalientes.online\/index.php?rest_route=%2Fwp%2Fv2%2Fmedia&parent=49850"}],"wp:term":[{"taxonomy":"category","embeddable":true,"href":"https:\/\/informativoelvalledeaguascalientes.online\/index.php?rest_route=%2Fwp%2Fv2%2Fcategories&post=49850"},{"taxonomy":"post_tag","embeddable":true,"href":"https:\/\/informativoelvalledeaguascalientes.online\/index.php?rest_route=%2Fwp%2Fv2%2Ftags&post=49850"}],"curies":[{"name":"wp","href":"https:\/\/api.w.org\/{rel}","templated":true}]}}