{"id":49847,"date":"2023-10-17T23:43:20","date_gmt":"2023-10-18T05:43:20","guid":{"rendered":"https:\/\/informativoelvalledeaguascalientes.online\/?p=49847"},"modified":"2023-10-18T10:27:05","modified_gmt":"2023-10-18T16:27:05","slug":"encabeza-tere-jimenez-la-sesion-numero-50-de-la-mesa-ciudadana-de-seguridad-y-justicia","status":"publish","type":"post","link":"https:\/\/informativoelvalledeaguascalientes.online\/?p=49847","title":{"rendered":"ENCABEZA TERE JIM\u00c9NEZ LA SESI\u00d3N N\u00daMERO 50 DE LA MESA CIUDADANA DE SEGURIDAD Y JUSTICIA"},"content":{"rendered":"<p><strong><a href=\"https:\/\/www.facebook.com\/hashtag\/informativoelvalledeaguascalientes\">#informativoelvalledeaguascalientes<\/a><\/strong><\/p>\n<p><strong><a href=\"https:\/\/www.facebook.com\/hashtag\/novaradioaguascalientes\">#novaradioaguascalientes<\/a><\/strong><\/p>\n<p><strong><a href=\"https:\/\/www.facebook.com\/GobiernodeAguascalientes\">#ElGiganteDeMexico<\/a><\/strong><\/p>\n<p>&nbsp;<\/p>\n<p>&nbsp;<\/p>\n<ul class=\"xErDo AnCKd\">\n<li class=\"_04hd2 vVfzz\" dir=\"auto\">\n<div>\n<p id=\"viewer-1hwuk156\" class=\"-Zro6 -ZADH vVfzz AnCKd _57WYp\"><span class=\"d0767 vVfzz\"><strong><em>Dijo que el trabajo conjunto de autoridades y ciudadanos permite que Aguascalientes sea uno de los estados m\u00e1s seguros del pa\u00eds<\/em><\/strong><\/span><\/p>\n<\/div>\n<\/li>\n<li class=\"_04hd2 vVfzz\" dir=\"auto\">\n<div>\n<p id=\"viewer-00eu4159\" class=\"-Zro6 -ZADH vVfzz AnCKd _57WYp\"><span class=\"d0767 vVfzz\"><strong><em>Dijo que no se bajar\u00e1 la guardia en materia de seguridad; por el contrario, se reforzar\u00e1n las acciones para garantizar las paz y la tranquilidad<\/em><\/strong><\/span><\/p>\n<\/div>\n<\/li>\n<\/ul>\n<div id=\"viewer-o4r9o161\" class=\"-Zro6 -ZADH vVfzz _57WYp\"><span class=\"d0767 vVfzz\">\u00a0<\/span><\/div>\n<div id=\"viewer-n6pv6162\" class=\"-Zro6 -ZADH vVfzz _57WYp\"><span class=\"d0767 vVfzz\">\u00a0<\/span><\/div>\n<p id=\"viewer-ku4gl163\" class=\"-Zro6 -ZADH vVfzz AnCKd _57WYp\"><span class=\"d0767 vVfzz\">La gobernadora de Aguascalientes, Tere Jim\u00e9nez, encabez\u00f3 la 50 Mesa Ciudadana de Seguridad y Justicia, en la que autoridades y ciudadanos trabajan de manera conjunta para consolidar el Plan de Seguridad y Justicia \u201cBlindaje Aguascalientes\u201d, y hacer de esta entidad la m\u00e1s segura del pa\u00eds.<\/span><\/p>\n<div id=\"viewer-sdowh165\" class=\"-Zro6 -ZADH vVfzz _57WYp\"><span class=\"d0767 vVfzz\">\u00a0<\/span><\/div>\n<p id=\"viewer-vd1jr166\" class=\"-Zro6 -ZADH vVfzz AnCKd _57WYp\"><span class=\"d0767 vVfzz\">\u201cGracias a espacios como esta mesa podemos conocer el sentir de la ciudadan\u00eda e involucrarla en la toma de decisiones; esto nos permite ser m\u00e1s eficientes y efectivos en las estrategias porque conocemos las necesidades de la poblaci\u00f3n de primera mano\u201d, dijo la gobernadora.<\/span><\/p>\n<div id=\"viewer-s1j02168\" class=\"-Zro6 -ZADH vVfzz _57WYp\"><span class=\"d0767 vVfzz\">\u00a0<\/span><\/div>\n<p id=\"viewer-1q7zw169\" class=\"-Zro6 -ZADH vVfzz AnCKd _57WYp\"><span class=\"d0767 vVfzz\">Se\u00f1al\u00f3 que la mesa de seguridad de Aguascalientes es una de las m\u00e1s activas, y prueba de ello es que lleg\u00f3 a su edici\u00f3n n\u00famero 50, lo que demuestra el compromiso de las autoridades y de la sociedad por trabajar unidas para mantener la paz y la tranquilidad en el estado.<\/span><\/p>\n<div id=\"viewer-me9e5171\" class=\"-Zro6 -ZADH vVfzz _57WYp\"><span class=\"d0767 vVfzz\">\u00a0<\/span><\/div>\n<p id=\"viewer-uvpwz172\" class=\"-Zro6 -ZADH vVfzz AnCKd _57WYp\"><span class=\"d0767 vVfzz\">En ese sentido, Tere Jim\u00e9nez dijo que por ning\u00fan motivo se bajar\u00e1 la guardia y, por el contrario, se redoblar\u00e1n los esfuerzos para blindar al estado, por lo que se seguir\u00e1 trabajando de la mano con los integrantes de la Mesa Ciudadana de Seguridad y de Justicia, ya que s\u00f3lo con el trabajo conjunto se alcanzar\u00e1n las metas y objetivos propuestos por la actual administraci\u00f3n estatal.<\/span><\/p>\n<div id=\"viewer-xc6qh174\" class=\"-Zro6 -ZADH vVfzz _57WYp\"><span class=\"d0767 vVfzz\">\u00a0<\/span><\/div>\n<p id=\"viewer-uy7cl175\" class=\"-Zro6 -ZADH vVfzz AnCKd _57WYp\"><span class=\"d0767 vVfzz\">Cabe destacar que en estas reuniones participan los titulares de las corporaciones de seguridad de los tres niveles de Gobierno en la entidad, con quienes se analizan los resultados de las estrategias que se implementan para tomar las mejores decisiones en materia de seguridad p\u00fablica.<\/span><\/p>\n<div id=\"viewer-poyxu177\" class=\"-Zro6 -ZADH vVfzz _57WYp\"><span class=\"d0767 vVfzz\">\u00a0<\/span><\/div>\n<p id=\"viewer-ij5qx178\" class=\"-Zro6 -ZADH vVfzz AnCKd _57WYp\"><span class=\"d0767 vVfzz\">Asimismo, se cuenta con la asistencia de los empresarios locales, quienes participan de manera activa en el dise\u00f1o de algunas acciones preventivas que auxilian a las autoridades para fortalecer la cultura de la denuncia, as\u00ed como de la autoprotecci\u00f3n y, de esta forma, evitar la comisi\u00f3n de delitos.<\/span><\/p>\n","protected":false},"excerpt":{"rendered":"<p>#informativoelvalledeaguascalientes #novaradioaguascalientes #ElGiganteDeMexico &nbsp; &nbsp; Dijo que el trabajo conjunto de autoridades y ciudadanos permite que Aguascalientes sea uno de los estados m\u00e1s seguros del pa\u00eds Dijo que no se bajar\u00e1 la guardia en materia de seguridad; por el contrario, se reforzar\u00e1n las acciones para garantizar las paz y la tranquilidad \u00a0 \u00a0 La gobernadora [&hellip;]<\/p>\n","protected":false},"author":1,"featured_media":49849,"comment_status":"closed","ping_status":"open","sticky":false,"template":"","format":"standard","meta":{"advanced_seo_description":"","jetpack_seo_html_title":"","jetpack_seo_noindex":false,"_jetpack_memberships_contains_paid_content":false,"footnotes":"","jetpack_publicize_message":"","jetpack_publicize_feature_enabled":true,"jetpack_social_post_already_shared":true,"jetpack_social_options":{"image_generator_settings":{"template":"highway","default_image_id":0,"font":"","enabled":false},"version":2}},"categories":[21,4],"tags":[22,615,122,320],"class_list":["post-49847","post","type-post","status-publish","format-standard","has-post-thumbnail","hentry","category-aguascalientes","category-gobierno-del-estado-aguascalientes","tag-aguascalientes","tag-gobierno-del-estado-de-aguascalientes","tag-sspe-aguascalientes","tag-tere-jimenez"],"jetpack_publicize_connections":[],"jetpack_featured_media_url":"https:\/\/i0.wp.com\/informativoelvalledeaguascalientes.online\/wp-content\/uploads\/2023\/10\/391617184_880373103445893_707363971051449119_n.jpeg?fit=1440%2C992&ssl=1","jetpack-related-posts":[],"jetpack_sharing_enabled":true,"jetpack_likes_enabled":true,"_links":{"self":[{"href":"https:\/\/informativoelvalledeaguascalientes.online\/index.php?rest_route=\/wp\/v2\/posts\/49847","targetHints":{"allow":["GET"]}}],"collection":[{"href":"https:\/\/informativoelvalledeaguascalientes.online\/index.php?rest_route=\/wp\/v2\/posts"}],"about":[{"href":"https:\/\/informativoelvalledeaguascalientes.online\/index.php?rest_route=\/wp\/v2\/types\/post"}],"author":[{"embeddable":true,"href":"https:\/\/informativoelvalledeaguascalientes.online\/index.php?rest_route=\/wp\/v2\/users\/1"}],"replies":[{"embeddable":true,"href":"https:\/\/informativoelvalledeaguascalientes.online\/index.php?rest_route=%2Fwp%2Fv2%2Fcomments&post=49847"}],"version-history":[{"count":1,"href":"https:\/\/informativoelvalledeaguascalientes.online\/index.php?rest_route=\/wp\/v2\/posts\/49847\/revisions"}],"predecessor-version":[{"id":49848,"href":"https:\/\/informativoelvalledeaguascalientes.online\/index.php?rest_route=\/wp\/v2\/posts\/49847\/revisions\/49848"}],"wp:featuredmedia":[{"embeddable":true,"href":"https:\/\/informativoelvalledeaguascalientes.online\/index.php?rest_route=\/wp\/v2\/media\/49849"}],"wp:attachment":[{"href":"https:\/\/informativoelvalledeaguascalientes.online\/index.php?rest_route=%2Fwp%2Fv2%2Fmedia&parent=49847"}],"wp:term":[{"taxonomy":"category","embeddable":true,"href":"https:\/\/informativoelvalledeaguascalientes.online\/index.php?rest_route=%2Fwp%2Fv2%2Fcategories&post=49847"},{"taxonomy":"post_tag","embeddable":true,"href":"https:\/\/informativoelvalledeaguascalientes.online\/index.php?rest_route=%2Fwp%2Fv2%2Ftags&post=49847"}],"curies":[{"name":"wp","href":"https:\/\/api.w.org\/{rel}","templated":true}]}}