{"id":49629,"date":"2023-10-08T19:42:38","date_gmt":"2023-10-09T01:42:38","guid":{"rendered":"https:\/\/informativoelvalledeaguascalientes.online\/?p=49629"},"modified":"2023-10-08T19:42:38","modified_gmt":"2023-10-09T01:42:38","slug":"carreras-del-campus-sur-de-la-uaa-celebran-aniversarios-con-el-xi-congreso-de-ciencias-empresariales","status":"publish","type":"post","link":"https:\/\/informativoelvalledeaguascalientes.online\/?p=49629","title":{"rendered":"Carreras del Campus Sur de la UAA celebran aniversarios con el XI Congreso de Ciencias Empresariales"},"content":{"rendered":"<p><strong><a href=\"https:\/\/www.facebook.com\/hashtag\/informativoelvalledeaguascalientes\">#informativoelvalledeaguascalientes<\/a><\/strong><\/p>\n<p><strong><a href=\"https:\/\/www.facebook.com\/hashtag\/novaradioaguascalientes\">#novaradioaguascalientes<\/a><\/strong><\/p>\n<p>&nbsp;<\/p>\n<p>&nbsp;<\/p>\n<ul>\n<li>Los programas de Lic. en Agronegocios y Lic. en Comercio Electr\u00f3nico celebraron 11 a\u00f1os, mientras que la Lic. en Administraci\u00f3n y Gesti\u00f3n Fiscal de PyMes y la Lic. en Log\u00edstica Empresarial conmemoraron su d\u00e9cimo aniversario.<\/li>\n<\/ul>\n<p>&nbsp;<\/p>\n<p>Bajo el lema \u201cResiliencia y oportunidades en el mundo empresarial\u201d, la Universidad Aut\u00f3noma de Aguascalientes llev\u00f3 a cabo en el auditorio de su Campus Sur, el XI Congreso de Ciencias Empresariales con el prop\u00f3sito de proporcionar a los estudiantes, la oportunidad de explorar tendencias profesionales y adquirir conocimientos pr\u00e1cticos que complementen su formaci\u00f3n acad\u00e9mica.<\/p>\n<p>&nbsp;<\/p>\n<p>Este evento tuvo lugar en el marco de los 11 a\u00f1os de los programas de Lic. en Agronegocios y Lic. en Comercio Electr\u00f3nico y el d\u00e9cimo aniversario de la Lic. en Administraci\u00f3n y Gesti\u00f3n Fiscal de PyMes y la Lic. en Log\u00edstica Empresarial.<\/p>\n<p>&nbsp;<\/p>\n<p>Durante el acto inaugural de este Congreso, la Dra. Sandra Yesenia Pinz\u00f3n Castro, rectora de la UAA, dirigi\u00f3 un mensaje a los estudiantes y profesores presentes, en el que destac\u00f3, ante todo, el valor y significado de la palabra resiliencia, entendida dentro del mundo empresarial como la capacidad de generar estrategias y acciones adecuadas para sortear las dificultades que puedan poner en riesgo un modelo de negocio, la econom\u00eda o la viabilidad de alguna empresa u organizaci\u00f3n.<\/p>\n<p>&nbsp;<\/p>\n<p>La Dra. Pinz\u00f3n destac\u00f3 c\u00f3mo, precisamente gracias a la resiliencia, algunas de las empresas m\u00e1s grandes del planeta que estuvieron a punto de declararse en bancarrota y cerrar sus puertas, lograron incluso, tomar un segundo aire y fortalecerse. Mencion\u00f3 que por ejemplo, la crisis derivada de la pandemia por la COVID-19 supone nuevos retos, as\u00ed tambi\u00e9n la llegada de las inteligencias artificiales, que est\u00e1n ofreciendo nuevas oportunidades para desarrollar nuestra capacidad resiliente.<\/p>\n<p>&nbsp;<\/p>\n<p>Finalmente, la rectora consider\u00f3 de gran tino que la organizaci\u00f3n de este congreso -con el respaldo de m\u00e1s de una d\u00e9cada de llevarse a cabo-, haya escogido como tema central el concepto de resiliencia. Se dijo segura de que los di\u00e1logos, conferencias y talleres de este espacio, suman al desarrollo integral de los profesionistas que se dieron cita, as\u00ed como al de los estudiantes que se inscribieron.<\/p>\n<p>&nbsp;<\/p>\n<p>Adicionalmente, el Dr. Jos\u00e9 Manuel Barrera Casta\u00f1eda, decano sustituto del Centro de Ciencias Empresariales (CCE) refiri\u00f3 que, con el XI Congreso de Ciencias Empresariales, se busca ayudar a la comunidad universitaria con actividades que les permitan conocer aspectos de la resiliencia en el \u00e1mbito educativo, empresarial y profesional conociendo experiencias de otros estudiantes y profesionistas que han superado situaciones complejas.<\/p>\n<p>&nbsp;<\/p>\n<p>Cabe hacer menci\u00f3n que, como parte de este congreso, tambi\u00e9n se llev\u00f3 a cabo la \u201cExpo Carteles Civismo Fiscal\u201d, proyecto en el que los alumnos de 7\u00ba semestre de la Lic. en Administraci\u00f3n y Gesti\u00f3n Fiscal de PyMes tuvieron la oportunidad de elaborar un tr\u00edptico y un cartel de fomento de una cultura fiscal y contributiva dirigidos a la poblaci\u00f3n en general.\u00a0 En esta edici\u00f3n se recibieron 20 trabajos, resultando ganadores Erik Alejandro Rangel Gonz\u00e1lez (3er. Lugar), Ximena Estefan\u00eda Escobar Salgado (2do. Lugar) y Am\u00e9rica Michell Silva Ibarra (1er lugar).<\/p>\n<p>&nbsp;<\/p>\n<p>&nbsp;<\/p>\n","protected":false},"excerpt":{"rendered":"<p>#informativoelvalledeaguascalientes #novaradioaguascalientes &nbsp; &nbsp; Los programas de Lic. en Agronegocios y Lic. en Comercio Electr\u00f3nico celebraron 11 a\u00f1os, mientras que la Lic. en Administraci\u00f3n y Gesti\u00f3n Fiscal de PyMes y la Lic. en Log\u00edstica Empresarial conmemoraron su d\u00e9cimo aniversario. &nbsp; Bajo el lema \u201cResiliencia y oportunidades en el mundo empresarial\u201d, la Universidad Aut\u00f3noma de Aguascalientes [&hellip;]<\/p>\n","protected":false},"author":1,"featured_media":49630,"comment_status":"closed","ping_status":"open","sticky":false,"template":"","format":"standard","meta":{"advanced_seo_description":"","jetpack_seo_html_title":"","jetpack_seo_noindex":false,"_jetpack_memberships_contains_paid_content":false,"footnotes":"","jetpack_publicize_message":"","jetpack_publicize_feature_enabled":true,"jetpack_social_post_already_shared":true,"jetpack_social_options":{"image_generator_settings":{"template":"highway","default_image_id":0,"font":"","enabled":false},"version":2}},"categories":[21,629],"tags":[22,142],"class_list":["post-49629","post","type-post","status-publish","format-standard","has-post-thumbnail","hentry","category-aguascalientes","category-universidad-autonoma-de-aguascalientes","tag-aguascalientes","tag-uaa"],"jetpack_publicize_connections":[],"jetpack_featured_media_url":"https:\/\/i0.wp.com\/informativoelvalledeaguascalientes.online\/wp-content\/uploads\/2023\/10\/XI-Congreso-de-Ciencias-Empresariales_1.jpeg?fit=1600%2C579&ssl=1","jetpack-related-posts":[],"jetpack_sharing_enabled":true,"jetpack_likes_enabled":true,"_links":{"self":[{"href":"https:\/\/informativoelvalledeaguascalientes.online\/index.php?rest_route=\/wp\/v2\/posts\/49629","targetHints":{"allow":["GET"]}}],"collection":[{"href":"https:\/\/informativoelvalledeaguascalientes.online\/index.php?rest_route=\/wp\/v2\/posts"}],"about":[{"href":"https:\/\/informativoelvalledeaguascalientes.online\/index.php?rest_route=\/wp\/v2\/types\/post"}],"author":[{"embeddable":true,"href":"https:\/\/informativoelvalledeaguascalientes.online\/index.php?rest_route=\/wp\/v2\/users\/1"}],"replies":[{"embeddable":true,"href":"https:\/\/informativoelvalledeaguascalientes.online\/index.php?rest_route=%2Fwp%2Fv2%2Fcomments&post=49629"}],"version-history":[{"count":1,"href":"https:\/\/informativoelvalledeaguascalientes.online\/index.php?rest_route=\/wp\/v2\/posts\/49629\/revisions"}],"predecessor-version":[{"id":49631,"href":"https:\/\/informativoelvalledeaguascalientes.online\/index.php?rest_route=\/wp\/v2\/posts\/49629\/revisions\/49631"}],"wp:featuredmedia":[{"embeddable":true,"href":"https:\/\/informativoelvalledeaguascalientes.online\/index.php?rest_route=\/wp\/v2\/media\/49630"}],"wp:attachment":[{"href":"https:\/\/informativoelvalledeaguascalientes.online\/index.php?rest_route=%2Fwp%2Fv2%2Fmedia&parent=49629"}],"wp:term":[{"taxonomy":"category","embeddable":true,"href":"https:\/\/informativoelvalledeaguascalientes.online\/index.php?rest_route=%2Fwp%2Fv2%2Fcategories&post=49629"},{"taxonomy":"post_tag","embeddable":true,"href":"https:\/\/informativoelvalledeaguascalientes.online\/index.php?rest_route=%2Fwp%2Fv2%2Ftags&post=49629"}],"curies":[{"name":"wp","href":"https:\/\/api.w.org\/{rel}","templated":true}]}}