{"id":49600,"date":"2023-10-04T17:01:52","date_gmt":"2023-10-04T23:01:52","guid":{"rendered":"https:\/\/informativoelvalledeaguascalientes.online\/?p=49600"},"modified":"2023-10-04T17:01:52","modified_gmt":"2023-10-04T23:01:52","slug":"segundo-festival-a-beneficio-de-la-academia-taurina-municipal-alfonso-ramirez-el-calesero","status":"publish","type":"post","link":"https:\/\/informativoelvalledeaguascalientes.online\/?p=49600","title":{"rendered":"SEGUNDO FESTIVAL A BENEFICIO DE LA ACADEMIA TAURINA MUNICIPAL ALFONSO RAM\u00cdREZ \u00abEL CALESERO\u00bb"},"content":{"rendered":"<p><strong><a href=\"https:\/\/www.facebook.com\/hashtag\/informativoelvalledeaguascalientes\">#informativoelvalledeaguascalientes<\/a><\/strong><\/p>\n<p><strong><a href=\"https:\/\/www.facebook.com\/hashtag\/novaradioaguascalientes\">#novaradioaguascalientes<\/a><\/strong><\/p>\n<p><strong><a class=\"x1i10hfl xjbqb8w x6umtig x1b1mbwd xaqea5y xav7gou x9f619 x1ypdohk xt0psk2 xe8uvvx xdj266r x11i5rnm xat24cr x1mh8g0r xexx8yu x4uap5 x18d9i69 xkhd6sd x16tdsg8 x1hl2dhg xggy1nq x1a2a7pz xt0b8zv x1qq9wsj xo1l8bm\" tabindex=\"0\" role=\"link\" href=\"https:\/\/www.facebook.com\/hashtag\/laciudaddetuvida?__eep__=6&amp;__cft__[0]=AZVUzG-uzEgkHBxlWi4clX4-qXx_nfGicugdShvx3oYxvDeUIl1My5bfFXiXTmVU7O9FCNwHdVuQiVqIjO99-u7dxeUq1S3CqcB1PNpBXLQtm-Q1JLiRFFX8c4SEMe3VqRRgSs9kS8-Ajp6HnW6ebLd3GeB3j-SCsEGrTUVXz1WdbDeQs8bs0Dry33nLaV6fVU4&amp;__tn__=*NK-R\">#LaCiudadDeTuVida<\/a><\/strong><\/p>\n<p>&nbsp;<\/p>\n<p><strong>Se llevar\u00e1 a cabo el 3 de noviembre de 2023 en la Plaza de Toros Monumental de Aguascalientes, con un cartel internacional<\/strong><\/p>\n<p>&nbsp;<\/p>\n<p>En el marco del Festival de las Calaveras 2023, el viernes 3 de noviembre se celebrar\u00e1 en la Plaza Monumental de Aguascalientes, el Segundo Festival Taurino a beneficio de los alumnos de la Academia Taurina Municipal, Alfonso Ram\u00edrez \u00abEl Calesero\u00bb.<\/p>\n<p>Con un cartel internacional de post\u00edn se presentar\u00e1 la figura del rejoneo\u00a0<strong>Guillermo Hermoso de Mendoza<\/strong>, en este magno evento, se presentar\u00e1n los matadores\u00a0<strong>Juan Pablo S\u00e1nchez, Luis David, Jos\u00e9 Mar\u00eda Hermosillo, Alejandro Adame<\/strong>\u00a0y el joven prodigio de Espa\u00f1a\u00a0<strong>Marco P\u00e9rez<\/strong>, con seis astados de la ganader\u00eda La Punta, en una tarde en la que se rendir\u00e1 tambi\u00e9n un homenaje p\u00f3stumo al ganadero\u00a0<strong>Jos\u00e9 Vaca<\/strong>.<\/p>\n<p>Estos festejos ser\u00e1n posibles gracias a la empresa Espect\u00e1culos Monterrey, EMSA, refrendando as\u00ed a Aguascalientes como impulsor de la fiesta brava en M\u00e9xico y el mundo.<\/p>\n<p>El festejo se realizar\u00e1 a las 19:30 horas, prometiendo un espect\u00e1culo de primer nivel, refrendando la categor\u00eda del festival del a\u00f1o anterior y sobre todo una buena causa a favor de las nuevas generaciones\u00a0del\u00a0toreo.<\/p>\n","protected":false},"excerpt":{"rendered":"<p>#informativoelvalledeaguascalientes #novaradioaguascalientes #LaCiudadDeTuVida &nbsp; Se llevar\u00e1 a cabo el 3 de noviembre de 2023 en la Plaza de Toros Monumental de Aguascalientes, con un cartel internacional &nbsp; En el marco del Festival de las Calaveras 2023, el viernes 3 de noviembre se celebrar\u00e1 en la Plaza Monumental de Aguascalientes, el Segundo Festival Taurino a beneficio [&hellip;]<\/p>\n","protected":false},"author":1,"featured_media":49601,"comment_status":"closed","ping_status":"open","sticky":false,"template":"","format":"standard","meta":{"_monsterinsights_skip_tracking":false,"advanced_seo_description":"","jetpack_seo_html_title":"","jetpack_seo_noindex":false,"jetpack_seo_schema_type":"","_jetpack_newsletter_access":"","_jetpack_dont_email_post_to_subs":false,"_jetpack_newsletter_tier_id":0,"_jetpack_memberships_contains_paywalled_content":false,"_jetpack_feature_clip_id":0,"_jetpack_memberships_contains_paid_content":false,"footnotes":"","jetpack_publicize_message":"","jetpack_publicize_feature_enabled":true,"jetpack_social_post_already_shared":true,"jetpack_social_options":{"image_generator_settings":{"template":"highway","default_image_id":0,"font":"","enabled":false},"version":2},"jetpack_post_was_ever_published":false},"categories":[21,3],"tags":[22,25],"class_list":["post-49600","post","type-post","status-publish","format-standard","has-post-thumbnail","hentry","category-aguascalientes","category-municipio-aguascalientes","tag-aguascalientes","tag-mpio-aguascalientes"],"jetpack_publicize_connections":[],"jetpack_featured_media_url":"https:\/\/i0.wp.com\/informativoelvalledeaguascalientes.online\/wp-content\/uploads\/2023\/10\/Imagen-de-WhatsApp-2023-09-28-a-las-21.56.18_1f4a2767-332x222-1.jpg?fit=332%2C222&ssl=1","jetpack-related-posts":[],"jetpack_sharing_enabled":true,"jetpack_likes_enabled":true,"_links":{"self":[{"href":"https:\/\/informativoelvalledeaguascalientes.online\/index.php?rest_route=\/wp\/v2\/posts\/49600","targetHints":{"allow":["GET"]}}],"collection":[{"href":"https:\/\/informativoelvalledeaguascalientes.online\/index.php?rest_route=\/wp\/v2\/posts"}],"about":[{"href":"https:\/\/informativoelvalledeaguascalientes.online\/index.php?rest_route=\/wp\/v2\/types\/post"}],"author":[{"embeddable":true,"href":"https:\/\/informativoelvalledeaguascalientes.online\/index.php?rest_route=\/wp\/v2\/users\/1"}],"replies":[{"embeddable":true,"href":"https:\/\/informativoelvalledeaguascalientes.online\/index.php?rest_route=%2Fwp%2Fv2%2Fcomments&post=49600"}],"version-history":[{"count":1,"href":"https:\/\/informativoelvalledeaguascalientes.online\/index.php?rest_route=\/wp\/v2\/posts\/49600\/revisions"}],"predecessor-version":[{"id":49602,"href":"https:\/\/informativoelvalledeaguascalientes.online\/index.php?rest_route=\/wp\/v2\/posts\/49600\/revisions\/49602"}],"wp:featuredmedia":[{"embeddable":true,"href":"https:\/\/informativoelvalledeaguascalientes.online\/index.php?rest_route=\/wp\/v2\/media\/49601"}],"wp:attachment":[{"href":"https:\/\/informativoelvalledeaguascalientes.online\/index.php?rest_route=%2Fwp%2Fv2%2Fmedia&parent=49600"}],"wp:term":[{"taxonomy":"category","embeddable":true,"href":"https:\/\/informativoelvalledeaguascalientes.online\/index.php?rest_route=%2Fwp%2Fv2%2Fcategories&post=49600"},{"taxonomy":"post_tag","embeddable":true,"href":"https:\/\/informativoelvalledeaguascalientes.online\/index.php?rest_route=%2Fwp%2Fv2%2Ftags&post=49600"}],"curies":[{"name":"wp","href":"https:\/\/api.w.org\/{rel}","templated":true}]}}