{"id":49496,"date":"2023-09-23T16:12:11","date_gmt":"2023-09-23T22:12:11","guid":{"rendered":"https:\/\/informativoelvalledeaguascalientes.online\/?p=49496"},"modified":"2023-10-01T16:23:07","modified_gmt":"2023-10-01T22:23:07","slug":"%f0%9f%8f%83%f0%9f%8f%bb%f0%9f%a5%87%f0%9f%8f%83%f0%9f%8f%bb%e2%99%80-se-realizo-en-calvillo-la-premiacion-del-%f0%9d%90%94%f0%9d%90%a5%f0%9d%90%ad%f0%9d%90%ab%f0%9d%90%9a-%f0%9d%90%93","status":"publish","type":"post","link":"https:\/\/informativoelvalledeaguascalientes.online\/?p=49496","title":{"rendered":"\ud83c\udfc3\ud83c\udffb\ud83e\udd47\ud83c\udfc3\ud83c\udffb\u200d\u2640 Se realiz\u00f3 en Calvillo la premiaci\u00f3n del \ud835\udc14\ud835\udc25\ud835\udc2d\ud835\udc2b\ud835\udc1a \ud835\udc13\ud835\udc2b\ud835\udc1a\ud835\udc22\ud835\udc25 \ud835\udc12\ud835\udc22\ud835\udc1e\ud835\udc2b\ud835\udc2b\ud835\udc1a \ud835\udc1d\ud835\udc1e\ud835\udc25 \ud835\udc0b\ud835\udc1a\ud835\udc2e\ud835\udc2b\ud835\udc1e\ud835\udc25 \ud835\udfd0\ud835\udfce\ud835\udfd0\ud835\udfd1"},"content":{"rendered":"<p><strong><a href=\"https:\/\/www.facebook.com\/hashtag\/informativoelvalledeaguascalientes\">#informativoelvalledeaguascalientes<\/a><\/strong><\/p>\n<p><strong><a href=\"https:\/\/www.facebook.com\/hashtag\/novaradioaguascalientes\">#novaradioaguascalientes<\/a><\/strong><\/p>\n<p>Daniel Romo Urrutia, presidente municipal de Calvillo, reconoci\u00f3 el esfuerzo y empe\u00f1o que cada participante de est\u00e1 carrera puso para llegar a la meta, as\u00ed mismo, refrend\u00f3 el compromiso de seguir trabajando para fomentar la actividad f\u00edsica y promover el deporte en Calvillo.<\/p>\n<p>Durante el transcurso del d\u00eda se realizaron las premiaciones tanto varonil como femenil en categor\u00eda libres y m\u00e1ster de los 13k, 22k, 42k y 62k, entre los diferentes ganadores de cada carrera resalt\u00f3 la atleta rar\u00e1muri Lorena Ram\u00edrez, quien orgullosamente obtuvo el primer lugar en la categor\u00eda femenil 42k.<\/p>\n<p>Romo Urrutia, felicit\u00f3 a las y los ganadores de cada etapa, a quienes motivo a seguir practicando la actividad f\u00edsica, as\u00ed mismo, les invit\u00f3 a disfrutar la cultura, naturaleza y gastronom\u00eda que #CalvilloPurbloM\u00e1gico ofrece.<\/p>\n<p>\u00a1Enhorabuena para todos!<\/p>\n<p>#TierraQueTrasciende<\/p>\n","protected":false},"excerpt":{"rendered":"<p>#informativoelvalledeaguascalientes #novaradioaguascalientes Daniel Romo Urrutia, presidente municipal de Calvillo, reconoci\u00f3 el esfuerzo y empe\u00f1o que cada participante de est\u00e1 carrera puso para llegar a la meta, as\u00ed mismo, refrend\u00f3 el compromiso de seguir trabajando para fomentar la actividad f\u00edsica y promover el deporte en Calvillo. Durante el transcurso del d\u00eda se realizaron las premiaciones tanto [&hellip;]<\/p>\n","protected":false},"author":1,"featured_media":49497,"comment_status":"closed","ping_status":"open","sticky":false,"template":"","format":"standard","meta":{"_monsterinsights_skip_tracking":false,"advanced_seo_description":"","jetpack_seo_html_title":"","jetpack_seo_noindex":false,"jetpack_seo_schema_type":"","_jetpack_newsletter_access":"","_jetpack_dont_email_post_to_subs":false,"_jetpack_newsletter_tier_id":0,"_jetpack_memberships_contains_paywalled_content":false,"_jetpack_feature_clip_id":0,"_jetpack_memberships_contains_paid_content":false,"footnotes":"","jetpack_publicize_message":"","jetpack_publicize_feature_enabled":true,"jetpack_social_post_already_shared":true,"jetpack_social_options":{"image_generator_settings":{"template":"highway","default_image_id":0,"font":"","enabled":false},"version":2},"jetpack_post_was_ever_published":false},"categories":[21,13],"tags":[22,88,29],"class_list":["post-49496","post","type-post","status-publish","format-standard","has-post-thumbnail","hentry","category-aguascalientes","category-calvillo-aguascalientes","tag-aguascalientes","tag-calvillo","tag-calvillo-aguascalientes"],"jetpack_publicize_connections":[],"jetpack_featured_media_url":"https:\/\/i0.wp.com\/informativoelvalledeaguascalientes.online\/wp-content\/uploads\/2023\/10\/d7d8420b-522c-47ab-89c1-cc9b2c641dc3.jpeg?fit=1250%2C833&ssl=1","jetpack-related-posts":[],"jetpack_sharing_enabled":true,"jetpack_likes_enabled":true,"_links":{"self":[{"href":"https:\/\/informativoelvalledeaguascalientes.online\/index.php?rest_route=\/wp\/v2\/posts\/49496","targetHints":{"allow":["GET"]}}],"collection":[{"href":"https:\/\/informativoelvalledeaguascalientes.online\/index.php?rest_route=\/wp\/v2\/posts"}],"about":[{"href":"https:\/\/informativoelvalledeaguascalientes.online\/index.php?rest_route=\/wp\/v2\/types\/post"}],"author":[{"embeddable":true,"href":"https:\/\/informativoelvalledeaguascalientes.online\/index.php?rest_route=\/wp\/v2\/users\/1"}],"replies":[{"embeddable":true,"href":"https:\/\/informativoelvalledeaguascalientes.online\/index.php?rest_route=%2Fwp%2Fv2%2Fcomments&post=49496"}],"version-history":[{"count":1,"href":"https:\/\/informativoelvalledeaguascalientes.online\/index.php?rest_route=\/wp\/v2\/posts\/49496\/revisions"}],"predecessor-version":[{"id":49498,"href":"https:\/\/informativoelvalledeaguascalientes.online\/index.php?rest_route=\/wp\/v2\/posts\/49496\/revisions\/49498"}],"wp:featuredmedia":[{"embeddable":true,"href":"https:\/\/informativoelvalledeaguascalientes.online\/index.php?rest_route=\/wp\/v2\/media\/49497"}],"wp:attachment":[{"href":"https:\/\/informativoelvalledeaguascalientes.online\/index.php?rest_route=%2Fwp%2Fv2%2Fmedia&parent=49496"}],"wp:term":[{"taxonomy":"category","embeddable":true,"href":"https:\/\/informativoelvalledeaguascalientes.online\/index.php?rest_route=%2Fwp%2Fv2%2Fcategories&post=49496"},{"taxonomy":"post_tag","embeddable":true,"href":"https:\/\/informativoelvalledeaguascalientes.online\/index.php?rest_route=%2Fwp%2Fv2%2Ftags&post=49496"}],"curies":[{"name":"wp","href":"https:\/\/api.w.org\/{rel}","templated":true}]}}