{"id":49475,"date":"2023-09-27T21:05:35","date_gmt":"2023-09-28T03:05:35","guid":{"rendered":"https:\/\/informativoelvalledeaguascalientes.online\/?p=49475"},"modified":"2023-09-29T21:09:49","modified_gmt":"2023-09-30T03:09:49","slug":"tere-jimenez-y-leo-montanez-entregan-mega-tanque-que-mejorara-el-servicio-del-agua-en-el-oriente-de-la-capital","status":"publish","type":"post","link":"https:\/\/informativoelvalledeaguascalientes.online\/?p=49475","title":{"rendered":"TERE JIM\u00c9NEZ Y LEO MONTA\u00d1EZ ENTREGAN MEGA TANQUE QUE MEJORAR\u00c1 EL SERVICIO DEL AGUA EN EL ORIENTE DE LA CAPITAL"},"content":{"rendered":"<div>\n<p><strong><a href=\"https:\/\/www.facebook.com\/hashtag\/informativoelvalledeaguascalientes\">#informativoelvalledeaguascalientes<\/a><\/strong><\/p>\n<p><strong><a href=\"https:\/\/www.facebook.com\/hashtag\/novaradioaguascalientes\">#novaradioaguascalientes<\/a><\/strong><\/p>\n<p><strong><a href=\"https:\/\/www.facebook.com\/GobiernodeAguascalientes\">#ElGiganteDeMexico<\/a><\/strong><\/p>\n<p>&nbsp;<\/p>\n<ul>\n<li id=\"viewer-foo\" class=\"-Zro6 -ZADH vVfzz AnCKd _57WYp\"><span class=\"d0767 vVfzz\"><strong>La<em> inversi\u00f3n para esta infraestructura fue de 17 mdp y tendr\u00e1 una capacidad de 1,500 metros c\u00fabicos para beneficio de 205 mil personas<\/em><\/strong><\/span><\/li>\n<\/ul>\n<\/div>\n<ul class=\"xErDo AnCKd\">\n<li class=\"_04hd2 vVfzz\" dir=\"auto\">\n<div>\n<p id=\"viewer-g4s9t471\" class=\"-Zro6 -ZADH vVfzz AnCKd _57WYp\"><span class=\"d0767 vVfzz\"><strong><em>Permitir\u00e1 que los habitantes de Haciendas de Aguascalientes, Ojocaliente I, II y III, Viller\u00edas y Real de Haciendas tengan agua de calidad y de manera permanente<\/em><\/strong><\/span><\/p>\n<\/div>\n<\/li>\n<\/ul>\n<div id=\"viewer-acjca473\" class=\"-Zro6 -ZADH vVfzz _57WYp\"><span class=\"d0767 vVfzz\">\u00a0<\/span><\/div>\n<p id=\"viewer-x4k3l475\" class=\"-Zro6 -ZADH vVfzz AnCKd _57WYp\"><span class=\"d0767 vVfzz\">Como resultado de la suma de esfuerzos entre la gobernadora de Aguascalientes, Tere Jim\u00e9nez, y el presidente municipal de la capital, Leo Monta\u00f1ez, para brindar soluciones a la ciudadan\u00eda en materia hidr\u00e1ulica, hoy entregaron un mega tanque de agua en el Ojocaliente III, que beneficiar\u00e1 a 205 mil personas.<\/span><\/p>\n<div id=\"viewer-2w9m5477\" class=\"-Zro6 -ZADH vVfzz _57WYp\"><span class=\"d0767 vVfzz\">\u00a0<\/span><\/div>\n<p id=\"viewer-ucjki478\" class=\"-Zro6 -ZADH vVfzz AnCKd _57WYp\"><span class=\"d0767 vVfzz\">Este tanque permitir\u00e1 que los habitantes de Haciendas de Aguascalientes, Ojocaliente I, II y III, Viller\u00edas y Real de Haciendas tengan agua de calidad y de manera permanente.<\/span><\/p>\n<div id=\"viewer-di3n6480\" class=\"-Zro6 -ZADH vVfzz _57WYp\"><span class=\"d0767 vVfzz\">\u00a0<\/span><\/div>\n<p id=\"viewer-qv4cq481\" class=\"-Zro6 -ZADH vVfzz AnCKd _57WYp\"><span class=\"d0767 vVfzz\">Tere Jim\u00e9nez se\u00f1al\u00f3 que su gesti\u00f3n apoyar\u00e1 el desarrollo de proyectos que mejoren los servicios en todos los municipios del estado, pero sobre todo, que eleven la calidad de vida de todas y todos.<\/span><\/p>\n<div id=\"viewer-fnqc0483\" class=\"-Zro6 -ZADH vVfzz _57WYp\"><span class=\"d0767 vVfzz\">\u00a0<\/span><\/div>\n<p id=\"viewer-j1hjr484\" class=\"-Zro6 -ZADH vVfzz AnCKd _57WYp\"><span class=\"d0767 vVfzz\">\u201cEn el tema del agua potable, el Gobierno del Estado trabaja en el proyecto del Distrito de Riego 01 porque en el campo se gasta el 70 por ciento del agua, y lo que vamos a hacer es crear un sistema m\u00e1s eficiente para poder ahorrar y reutilizar el agua; ustedes deben apoyarnos en estas buenas estrategias que beneficiar\u00e1n a todos, pues el agua es un recurso vital\u201d, mencion\u00f3 la gobernadora.<\/span><\/p>\n<div id=\"viewer-b3d0y486\" class=\"-Zro6 -ZADH vVfzz _57WYp\"><span class=\"d0767 vVfzz\">\u00a0<\/span><\/div>\n<p id=\"viewer-zvwub487\" class=\"-Zro6 -ZADH vVfzz AnCKd _57WYp\"><span class=\"d0767 vVfzz\">Por su parte, el presidente municipal, Leo Monta\u00f1ez, agradeci\u00f3 a la gobernadora Tere Jim\u00e9nez por apoyar este tipo de soluciones a los problemas del agua que se presentan en el oriente de la capital, y que se lograron concretar en el primer a\u00f1o de su administraci\u00f3n; dijo que este mega tanque de agua es una muestra de voluntad y generosidad por hacer grandes proyectos.<\/span><\/p>\n<div id=\"viewer-bdeiw489\" class=\"-Zro6 -ZADH vVfzz _57WYp\"><span class=\"d0767 vVfzz\">\u00a0<\/span><\/div>\n<p id=\"viewer-l198j490\" class=\"-Zro6 -ZADH vVfzz AnCKd _57WYp\"><span class=\"d0767 vVfzz\">Reiter\u00f3 que a partir del 22 de octubre, las autoridades municipales asumir\u00e1n, con responsabilidad y madurez, el control del servicio del agua, por lo que se requiere del apoyo de la sociedad y del acompa\u00f1amiento de la gobernadora Tere Jim\u00e9nez para hacer m\u00e1s infraestructura que permita otorgar un servicio de calidad.<\/span><\/p>\n<div id=\"viewer-4047d492\" class=\"-Zro6 -ZADH vVfzz _57WYp\"><span class=\"d0767 vVfzz\">\u00a0<\/span><\/div>\n<p id=\"viewer-u3tj7493\" class=\"-Zro6 -ZADH vVfzz AnCKd _57WYp\"><span class=\"d0767 vVfzz\">Al hacer uso de la voz, Mauricio Regalado Gonz\u00e1lez, director t\u00e9cnico de la Comisi\u00f3n Ciudadana de Agua Potable y Alcantarillado del Municipio de Aguascalientes (CCAPAMA), agradeci\u00f3 a la gobernadora Tere Jim\u00e9nez y al alcalde Leo Monta\u00f1ez, quienes se han encargado de instruirlos para brindar un servicio eficiente en materia del agua a los ciudadanos; detall\u00f3 que la inversi\u00f3n para este tanque fue de 17 millones de pesos y tendr\u00e1 una capacidad de 1,500 metros c\u00fabicos.<\/span><\/p>\n<div id=\"viewer-dnc8u495\" class=\"-Zro6 -ZADH vVfzz _57WYp\"><span class=\"d0767 vVfzz\">\u00a0<\/span><\/div>\n<p id=\"viewer-n57hd496\" class=\"-Zro6 -ZADH vVfzz AnCKd _57WYp\"><span class=\"d0767 vVfzz\">En el evento tambi\u00e9n estuvieron presentes la diputada federal M\u00f3nica Becerra Moreno; la diputada Mayra Guadalupe Torres Mercado, presidenta de la Comisi\u00f3n de Transporte P\u00fablico del H. Congreso del Estado; Evaristo Pedroza Reyes, director general del Instituto del Agua del Estado (Inagua); el regidor Luis Armando Salazar Mora, presidente de la Comisi\u00f3n Permanente de Agua Potable, Alcantarillado y Saneamiento del H. Ayuntamiento de Aguascalientes;\u00a0 Martha Elisa Gonz\u00e1lez Estrada, s\u00edndica de Hacienda del H. Ayuntamiento de Aguascalientes; y los regidores Edith Citlalli Rodr\u00edguez Gonz\u00e1lez, Mar\u00eda Guadalupe Arellano Espinoza, Mar\u00eda Dolores Verd\u00edn Almanza, Mirna Medina Ruvalcaba y Gustavo Adolfo Granados Corzo.<\/span><\/p>\n<div id=\"viewer-xhxna498\" class=\"-Zro6 -ZADH vVfzz _57WYp\"><span class=\"d0767 vVfzz\">\u00a0<\/span><\/div>\n<p id=\"viewer-vnheb499\" class=\"-Zro6 -ZADH IjV6v _57WYp\"><span class=\"d0767\">\u00a0<\/span><\/p>\n","protected":false},"excerpt":{"rendered":"<p>#informativoelvalledeaguascalientes #novaradioaguascalientes #ElGiganteDeMexico &nbsp; La inversi\u00f3n para esta infraestructura fue de 17 mdp y tendr\u00e1 una capacidad de 1,500 metros c\u00fabicos para beneficio de 205 mil personas Permitir\u00e1 que los habitantes de Haciendas de Aguascalientes, Ojocaliente I, II y III, Viller\u00edas y Real de Haciendas tengan agua de calidad y de manera permanente \u00a0 Como [&hellip;]<\/p>\n","protected":false},"author":1,"featured_media":49476,"comment_status":"closed","ping_status":"open","sticky":false,"template":"","format":"standard","meta":{"advanced_seo_description":"","jetpack_seo_html_title":"","jetpack_seo_noindex":false,"_jetpack_memberships_contains_paid_content":false,"footnotes":"","jetpack_publicize_message":"","jetpack_publicize_feature_enabled":true,"jetpack_social_post_already_shared":true,"jetpack_social_options":{"image_generator_settings":{"template":"highway","default_image_id":0,"font":"","enabled":false},"version":2}},"categories":[21,4],"tags":[22,615,320],"class_list":["post-49475","post","type-post","status-publish","format-standard","has-post-thumbnail","hentry","category-aguascalientes","category-gobierno-del-estado-aguascalientes","tag-aguascalientes","tag-gobierno-del-estado-de-aguascalientes","tag-tere-jimenez"],"jetpack_publicize_connections":[],"jetpack_featured_media_url":"https:\/\/i0.wp.com\/informativoelvalledeaguascalientes.online\/wp-content\/uploads\/2023\/09\/382233397_869886061161264_3459651335923407663_n.jpeg?fit=1440%2C976&ssl=1","jetpack-related-posts":[],"jetpack_sharing_enabled":true,"jetpack_likes_enabled":true,"_links":{"self":[{"href":"https:\/\/informativoelvalledeaguascalientes.online\/index.php?rest_route=\/wp\/v2\/posts\/49475","targetHints":{"allow":["GET"]}}],"collection":[{"href":"https:\/\/informativoelvalledeaguascalientes.online\/index.php?rest_route=\/wp\/v2\/posts"}],"about":[{"href":"https:\/\/informativoelvalledeaguascalientes.online\/index.php?rest_route=\/wp\/v2\/types\/post"}],"author":[{"embeddable":true,"href":"https:\/\/informativoelvalledeaguascalientes.online\/index.php?rest_route=\/wp\/v2\/users\/1"}],"replies":[{"embeddable":true,"href":"https:\/\/informativoelvalledeaguascalientes.online\/index.php?rest_route=%2Fwp%2Fv2%2Fcomments&post=49475"}],"version-history":[{"count":1,"href":"https:\/\/informativoelvalledeaguascalientes.online\/index.php?rest_route=\/wp\/v2\/posts\/49475\/revisions"}],"predecessor-version":[{"id":49477,"href":"https:\/\/informativoelvalledeaguascalientes.online\/index.php?rest_route=\/wp\/v2\/posts\/49475\/revisions\/49477"}],"wp:featuredmedia":[{"embeddable":true,"href":"https:\/\/informativoelvalledeaguascalientes.online\/index.php?rest_route=\/wp\/v2\/media\/49476"}],"wp:attachment":[{"href":"https:\/\/informativoelvalledeaguascalientes.online\/index.php?rest_route=%2Fwp%2Fv2%2Fmedia&parent=49475"}],"wp:term":[{"taxonomy":"category","embeddable":true,"href":"https:\/\/informativoelvalledeaguascalientes.online\/index.php?rest_route=%2Fwp%2Fv2%2Fcategories&post=49475"},{"taxonomy":"post_tag","embeddable":true,"href":"https:\/\/informativoelvalledeaguascalientes.online\/index.php?rest_route=%2Fwp%2Fv2%2Ftags&post=49475"}],"curies":[{"name":"wp","href":"https:\/\/api.w.org\/{rel}","templated":true}]}}