{"id":49429,"date":"2023-09-28T17:12:32","date_gmt":"2023-09-28T23:12:32","guid":{"rendered":"https:\/\/informativoelvalledeaguascalientes.online\/?p=49429"},"modified":"2023-09-28T17:47:44","modified_gmt":"2023-09-28T23:47:44","slug":"xiii-congreso-internacional-universitario-de-enfermeria-de-la-uaa-reune-a-especialistas-de-finlandia-eslovenia-y-el-salvador","status":"publish","type":"post","link":"https:\/\/informativoelvalledeaguascalientes.online\/?p=49429","title":{"rendered":"XIII Congreso Internacional Universitario de Enfermer\u00eda de la UAA re\u00fane a especialistas de Finlandia, Eslovenia y El Salvador"},"content":{"rendered":"<p><strong><a href=\"https:\/\/www.facebook.com\/hashtag\/informativoelvalledeaguascalientes\">#informativoelvalledeaguascalientes<\/a><\/strong><\/p>\n<p><strong><a href=\"https:\/\/www.facebook.com\/hashtag\/novaradioaguascalientes\">#novaradioaguascalientes<\/a><\/strong><\/p>\n<p>&nbsp;<\/p>\n<p>&nbsp;<\/p>\n<ul>\n<li>La edici\u00f3n 2023 de este congreso lleva por t\u00edtulo \u201cDesarrollo de competencias de profesionales, investigadores, profesores y estudiantes de enfermer\u00eda\u201d.<\/li>\n<li>El foro acad\u00e9mico congreg\u00f3 a m\u00e1s de 500 asistentes entre alumnos, docentes e investigadores.<\/li>\n<\/ul>\n<p>&nbsp;<\/p>\n<p>&nbsp;<\/p>\n<p>Con el prop\u00f3sito de apoyar a la actualizaci\u00f3n de los conocimientos de estudiantes y profesionales de enfermer\u00eda del estado y del pa\u00eds, as\u00ed como estrechar v\u00ednculos internacionales, la Universidad Aut\u00f3noma de Aguascalientes, a trav\u00e9s del Departamento de Enfermer\u00eda del Centro de Ciencias de la Salud (CCS), inaugur\u00f3 su d\u00e9cimo tercer Congreso Internacional Universitario de Enfermer\u00eda con la presencia de m\u00e1s de 500 asistentes.<\/p>\n<p>&nbsp;<\/p>\n<p>En el marco del inicio oficial de estos trabajos que llevan por t\u00edtulo \u201cDesarrollo de competencias de profesionales, investigadores, profesores y estudiantes de enfermer\u00eda\u201d, el Dr. Sergio Ram\u00edrez Gonz\u00e1lez, decano del CCS y representante de la Dra. Sandra Yesenia Pinz\u00f3n Castro, rectora de la UAA, expres\u00f3 que es primordial que las casas de estudios promuevan foros acad\u00e9micos con nuevas metodolog\u00edas de ense\u00f1anza y trabajo conjunto interinstitucional que aporten conocimientos a los profesionistas.<\/p>\n<p>&nbsp;<\/p>\n<p>Por su parte, la Dra. Mariely Acosta \u00c1lvarez,\u00a0coordinadora general del evento, se\u00f1al\u00f3 la importancia de formar profesionistas mejor preparados y capaces de encontrar nuevas formas de otorgar cuidados integrales a la poblaci\u00f3n.<\/p>\n<p>&nbsp;<\/p>\n<p>La Dra. Acosta \u00c1lvarez reconoci\u00f3 que este congreso es una muestra del compromiso que tiene la UAA de mantenerse a la vanguardia, de posibilitar la forma de transformar el conocimiento y transmitirlo a las nuevas generaciones y profesionales de la salud con la intenci\u00f3n de prevalecer actualizados ante los desaf\u00edos de hoy en d\u00eda.<\/p>\n<p>&nbsp;<\/p>\n<p>En su momento, la Mtra. Annukka Huuskonen, directora del proyecto Smart Nurse de la Universidad de Tampere, expres\u00f3 su agradecimiento por el trabajo conjunto con la Aut\u00f3noma de Aguascalientes para la realizaci\u00f3n del Congreso Internacional Universitario de Enfermer\u00eda e hizo hincapi\u00e9 en la vinculaci\u00f3n que la UAA busca de manera permanente para favorecer a la formaci\u00f3n de los universitarios con humanismo, pero en especial, conscientes de su papel como agentes de cambio.<\/p>\n<p>&nbsp;<\/p>\n<p>Es importante destacar que, este a\u00f1o el evento cuenta con la participaci\u00f3n de profesores integrantes del proyecto Smart Nurse de la Universidad de Tampere, en Finlandia; de la Universidad de Liubliana en Eslovenia; la Universidad de El Salvador; Universidad Gerardo Barrios y el Instituto de Especializado de Profesionales de la salud (estas tres \u00faltimas de El Salvador), Universidad<\/p>\n<p>&nbsp;<\/p>\n<p>Aut\u00f3noma de San Luis Potos\u00ed y profesores del Departamento de Sistemas de la Informaci\u00f3n y del Departamento de Enfermer\u00eda de la UAA.<\/p>\n","protected":false},"excerpt":{"rendered":"<p>#informativoelvalledeaguascalientes #novaradioaguascalientes &nbsp; &nbsp; La edici\u00f3n 2023 de este congreso lleva por t\u00edtulo \u201cDesarrollo de competencias de profesionales, investigadores, profesores y estudiantes de enfermer\u00eda\u201d. El foro acad\u00e9mico congreg\u00f3 a m\u00e1s de 500 asistentes entre alumnos, docentes e investigadores. &nbsp; &nbsp; Con el prop\u00f3sito de apoyar a la actualizaci\u00f3n de los conocimientos de estudiantes y profesionales [&hellip;]<\/p>\n","protected":false},"author":1,"featured_media":49430,"comment_status":"closed","ping_status":"open","sticky":false,"template":"","format":"standard","meta":{"advanced_seo_description":"","jetpack_seo_html_title":"","jetpack_seo_noindex":false,"_jetpack_memberships_contains_paid_content":false,"footnotes":"","jetpack_publicize_message":"","jetpack_publicize_feature_enabled":true,"jetpack_social_post_already_shared":true,"jetpack_social_options":{"image_generator_settings":{"template":"highway","default_image_id":0,"font":"","enabled":false},"version":2}},"categories":[21,629],"tags":[22,142],"class_list":["post-49429","post","type-post","status-publish","format-standard","has-post-thumbnail","hentry","category-aguascalientes","category-universidad-autonoma-de-aguascalientes","tag-aguascalientes","tag-uaa"],"jetpack_publicize_connections":[],"jetpack_featured_media_url":"https:\/\/i0.wp.com\/informativoelvalledeaguascalientes.online\/wp-content\/uploads\/2023\/09\/Boletin_381_.jpg?fit=1024%2C683&ssl=1","jetpack-related-posts":[],"jetpack_sharing_enabled":true,"jetpack_likes_enabled":true,"_links":{"self":[{"href":"https:\/\/informativoelvalledeaguascalientes.online\/index.php?rest_route=\/wp\/v2\/posts\/49429","targetHints":{"allow":["GET"]}}],"collection":[{"href":"https:\/\/informativoelvalledeaguascalientes.online\/index.php?rest_route=\/wp\/v2\/posts"}],"about":[{"href":"https:\/\/informativoelvalledeaguascalientes.online\/index.php?rest_route=\/wp\/v2\/types\/post"}],"author":[{"embeddable":true,"href":"https:\/\/informativoelvalledeaguascalientes.online\/index.php?rest_route=\/wp\/v2\/users\/1"}],"replies":[{"embeddable":true,"href":"https:\/\/informativoelvalledeaguascalientes.online\/index.php?rest_route=%2Fwp%2Fv2%2Fcomments&post=49429"}],"version-history":[{"count":1,"href":"https:\/\/informativoelvalledeaguascalientes.online\/index.php?rest_route=\/wp\/v2\/posts\/49429\/revisions"}],"predecessor-version":[{"id":49431,"href":"https:\/\/informativoelvalledeaguascalientes.online\/index.php?rest_route=\/wp\/v2\/posts\/49429\/revisions\/49431"}],"wp:featuredmedia":[{"embeddable":true,"href":"https:\/\/informativoelvalledeaguascalientes.online\/index.php?rest_route=\/wp\/v2\/media\/49430"}],"wp:attachment":[{"href":"https:\/\/informativoelvalledeaguascalientes.online\/index.php?rest_route=%2Fwp%2Fv2%2Fmedia&parent=49429"}],"wp:term":[{"taxonomy":"category","embeddable":true,"href":"https:\/\/informativoelvalledeaguascalientes.online\/index.php?rest_route=%2Fwp%2Fv2%2Fcategories&post=49429"},{"taxonomy":"post_tag","embeddable":true,"href":"https:\/\/informativoelvalledeaguascalientes.online\/index.php?rest_route=%2Fwp%2Fv2%2Ftags&post=49429"}],"curies":[{"name":"wp","href":"https:\/\/api.w.org\/{rel}","templated":true}]}}