{"id":49380,"date":"2023-09-26T16:45:31","date_gmt":"2023-09-26T22:45:31","guid":{"rendered":"https:\/\/informativoelvalledeaguascalientes.online\/?p=49380"},"modified":"2023-09-26T16:45:31","modified_gmt":"2023-09-26T22:45:31","slug":"conjuntan-esfuerzos-municipio-y-minklusion-para-capacitar-al-personal-del-aeropuerto-en-lenguaje-incluyente","status":"publish","type":"post","link":"https:\/\/informativoelvalledeaguascalientes.online\/?p=49380","title":{"rendered":"CONJUNTAN ESFUERZOS MUNICIPIO Y MINKLUSI\u00d3N PARA CAPACITAR AL PERSONAL DEL AEROPUERTO EN LENGUAJE INCLUYENTE"},"content":{"rendered":"<p><strong><a href=\"https:\/\/www.facebook.com\/hashtag\/informativoelvalledeaguascalientes\">#informativoelvalledeaguascalientes<\/a><\/strong><\/p>\n<p><strong><a href=\"https:\/\/www.facebook.com\/hashtag\/novaradioaguascalientes\">#novaradioaguascalientes<\/a><\/strong><\/p>\n<p><strong><a class=\"x1i10hfl xjbqb8w x6umtig x1b1mbwd xaqea5y xav7gou x9f619 x1ypdohk xt0psk2 xe8uvvx xdj266r x11i5rnm xat24cr x1mh8g0r xexx8yu x4uap5 x18d9i69 xkhd6sd x16tdsg8 x1hl2dhg xggy1nq x1a2a7pz xt0b8zv x1qq9wsj xo1l8bm\" tabindex=\"0\" role=\"link\" href=\"https:\/\/www.facebook.com\/hashtag\/laciudaddetuvida?__eep__=6&amp;__cft__[0]=AZVUzG-uzEgkHBxlWi4clX4-qXx_nfGicugdShvx3oYxvDeUIl1My5bfFXiXTmVU7O9FCNwHdVuQiVqIjO99-u7dxeUq1S3CqcB1PNpBXLQtm-Q1JLiRFFX8c4SEMe3VqRRgSs9kS8-Ajp6HnW6ebLd3GeB3j-SCsEGrTUVXz1WdbDeQs8bs0Dry33nLaV6fVU4&amp;__tn__=*NK-R\">#LaCiudadDeTuVida<\/a><\/strong><\/p>\n<p>&nbsp;<\/p>\n<ul>\n<li><strong>Se promueve la cultura de la discapacidad y se eficienta el servicio y atenci\u00f3n<\/strong><\/li>\n<\/ul>\n<p>En un esfuerzo conjunto por promover la inclusi\u00f3n en el \u00e1mbito laboral y de servicios, la Secretar\u00eda de Econom\u00eda Social y Turismo Municipal de Aguascalientes (Setum) y la organizaci\u00f3n Minklusi\u00f3n, llevaron a cabo una capacitaci\u00f3n especializada en Lenguaje Incluyente, dirigida al personal del Aeropuerto Internacional de Aguascalientes.<\/p>\n<p>El titular de Setum,\u00a0<strong>Humberto Montero de Alba,\u00a0<\/strong>mencion\u00f3 que el objetivo principal de esta iniciativa es sensibilizar al personal sobre la importancia de la inclusi\u00f3n en su entorno laboral y en la atenci\u00f3n al p\u00fablico. Explic\u00f3 que se cont\u00f3 con la participaci\u00f3n de m\u00e1s de 60 personas que desempe\u00f1an roles cruciales en el funcionamiento del aeropuerto, incluyendo miembros del equipo de seguridad y de atenci\u00f3n.<\/p>\n<p>El curso Lenguaje Incluyente crea una conciencia profunda y comprensiva sobre la discapacidad y la inclusi\u00f3n. Est\u00e1 dise\u00f1ado para que las personas que brindan alg\u00fan servicio, conozcan los diferentes tipos de discapacidad y las necesidades espec\u00edficas asociadas a cada una.<\/p>\n<p>Es impartido por el equipo altamente calificado de Minklusion, compuesto por\u00a0<strong>\u00c1<\/strong><strong>ngeles L<\/strong><strong>\u00f3<\/strong><strong>pez, Ricardo Mart<\/strong><strong>\u00ednez\u00a0<\/strong>y<strong>\u00a0Karla Mar\u00eda Garc\u00eda<\/strong>; expertos que compartieron su conocimiento y experiencias para enriquecer la comprensi\u00f3n y promoci\u00f3n de la inclusi\u00f3n en nuestra comunidad, pues gracias a esta capacitaci\u00f3n se proporciona el conocimiento necesario para ofrecer un servicio m\u00e1s inclusivo y de calidad.<\/p>\n<p>El secretario de Econom\u00eda Social y Turismo Municipal, resalt\u00f3 que la capacitaci\u00f3n se efectu\u00f3 de manera exitosa y habl\u00f3 de la importancia de promover la inclusi\u00f3n en el sector tur\u00edstico y de servicios. Agradeci\u00f3 en este sentido a la organizaci\u00f3n Minklusi\u00f3n por su colaboraci\u00f3n en esta iniciativa.<\/p>\n<p>Este esfuerzo conjunto refleja el compromiso del Municipio de Aguascalientes de crear un entorno incluyente y respetuoso, comenzando por lugares que albergan miles de visitantes como el Aeropuerto Internacional de Aguascalientes.<\/p>\n","protected":false},"excerpt":{"rendered":"<p>#informativoelvalledeaguascalientes #novaradioaguascalientes #LaCiudadDeTuVida &nbsp; Se promueve la cultura de la discapacidad y se eficienta el servicio y atenci\u00f3n En un esfuerzo conjunto por promover la inclusi\u00f3n en el \u00e1mbito laboral y de servicios, la Secretar\u00eda de Econom\u00eda Social y Turismo Municipal de Aguascalientes (Setum) y la organizaci\u00f3n Minklusi\u00f3n, llevaron a cabo una capacitaci\u00f3n especializada en [&hellip;]<\/p>\n","protected":false},"author":1,"featured_media":49381,"comment_status":"closed","ping_status":"open","sticky":false,"template":"","format":"standard","meta":{"_monsterinsights_skip_tracking":false,"advanced_seo_description":"","jetpack_seo_html_title":"","jetpack_seo_noindex":false,"jetpack_seo_schema_type":"","_jetpack_newsletter_access":"","_jetpack_dont_email_post_to_subs":false,"_jetpack_newsletter_tier_id":0,"_jetpack_memberships_contains_paywalled_content":false,"_jetpack_feature_clip_id":0,"_jetpack_memberships_contains_paid_content":false,"footnotes":"","jetpack_publicize_message":"","jetpack_publicize_feature_enabled":true,"jetpack_social_post_already_shared":true,"jetpack_social_options":{"image_generator_settings":{"template":"highway","default_image_id":0,"font":"","enabled":false},"version":2},"jetpack_post_was_ever_published":false},"categories":[21,3],"tags":[22,25,286],"class_list":["post-49380","post","type-post","status-publish","format-standard","has-post-thumbnail","hentry","category-aguascalientes","category-municipio-aguascalientes","tag-aguascalientes","tag-mpio-aguascalientes","tag-mpio-aguascalientes-sedesom"],"jetpack_publicize_connections":[],"jetpack_featured_media_url":"https:\/\/i0.wp.com\/informativoelvalledeaguascalientes.online\/wp-content\/uploads\/2023\/09\/mpio-ags-inclusion.jpg?fit=1920%2C2560&ssl=1","jetpack-related-posts":[],"jetpack_sharing_enabled":true,"jetpack_likes_enabled":true,"_links":{"self":[{"href":"https:\/\/informativoelvalledeaguascalientes.online\/index.php?rest_route=\/wp\/v2\/posts\/49380","targetHints":{"allow":["GET"]}}],"collection":[{"href":"https:\/\/informativoelvalledeaguascalientes.online\/index.php?rest_route=\/wp\/v2\/posts"}],"about":[{"href":"https:\/\/informativoelvalledeaguascalientes.online\/index.php?rest_route=\/wp\/v2\/types\/post"}],"author":[{"embeddable":true,"href":"https:\/\/informativoelvalledeaguascalientes.online\/index.php?rest_route=\/wp\/v2\/users\/1"}],"replies":[{"embeddable":true,"href":"https:\/\/informativoelvalledeaguascalientes.online\/index.php?rest_route=%2Fwp%2Fv2%2Fcomments&post=49380"}],"version-history":[{"count":1,"href":"https:\/\/informativoelvalledeaguascalientes.online\/index.php?rest_route=\/wp\/v2\/posts\/49380\/revisions"}],"predecessor-version":[{"id":49382,"href":"https:\/\/informativoelvalledeaguascalientes.online\/index.php?rest_route=\/wp\/v2\/posts\/49380\/revisions\/49382"}],"wp:featuredmedia":[{"embeddable":true,"href":"https:\/\/informativoelvalledeaguascalientes.online\/index.php?rest_route=\/wp\/v2\/media\/49381"}],"wp:attachment":[{"href":"https:\/\/informativoelvalledeaguascalientes.online\/index.php?rest_route=%2Fwp%2Fv2%2Fmedia&parent=49380"}],"wp:term":[{"taxonomy":"category","embeddable":true,"href":"https:\/\/informativoelvalledeaguascalientes.online\/index.php?rest_route=%2Fwp%2Fv2%2Fcategories&post=49380"},{"taxonomy":"post_tag","embeddable":true,"href":"https:\/\/informativoelvalledeaguascalientes.online\/index.php?rest_route=%2Fwp%2Fv2%2Ftags&post=49380"}],"curies":[{"name":"wp","href":"https:\/\/api.w.org\/{rel}","templated":true}]}}