{"id":4935,"date":"2020-04-03T20:06:37","date_gmt":"2020-04-04T02:06:37","guid":{"rendered":"https:\/\/informativoelvalledeaguascalientes.online\/?p=4935"},"modified":"2020-04-03T20:06:37","modified_gmt":"2020-04-04T02:06:37","slug":"entrega-dif-municipal-apoyos-a-integrantes-del-programa-taxistas-juntos-por-la-discapacidad","status":"publish","type":"post","link":"https:\/\/informativoelvalledeaguascalientes.online\/?p=4935","title":{"rendered":"ENTREGA DIF MUNICIPAL APOYOS A INTEGRANTES DEL PROGRAMA \u201cTAXISTAS JUNTOS POR LA DISCAPACIDAD\u201d"},"content":{"rendered":"<ul>\n<li><strong>Con estas acciones se beneficia a los trabajadores del volante que trasladan de manera gratuita a quienes padecen alguna discapacidad<\/strong><\/li>\n<\/ul>\n<p><strong>\u00a0<\/strong>Alrededor de 40 trabajadores del volante que colaboran en el programa \u201cTaxistas Juntos por la Discapacidad\u201d, recibieron apoyos alimenticios como parte de las acciones que realiza el DIF Municipal por la emergencia sanitaria, as\u00ed lo inform\u00f3\u00a0<strong>Alma Hilda Medina Mac\u00edas<\/strong>, directora general de esta Instituci\u00f3n.<\/p>\n<p>Expres\u00f3 que por indicaciones de la alcaldesa\u00a0<strong>Tere Jim\u00e9nez<\/strong>\u00a0y del Presidente de esta dependencia,\u00a0<strong>Ram\u00f3n Jim\u00e9nez Pe\u00f1aloza<\/strong>, se decidi\u00f3 entregar estos apoyos a los taxistas que han visto afectada su econom\u00eda por la falta de trabajo debido a la emergencia sanitaria que se ha registrado a nivel mundial por el COVID-19.<\/p>\n<p>La funcionaria municipal estableci\u00f3 que estos apoyos responden a un compromiso que se tiene con los taxistas que trasladan de manera gratuita a las personas con discapacidad a sus centros de rehabilitaci\u00f3n o a recibir atenci\u00f3n m\u00e9dica.<\/p>\n<p>Con este programa, asever\u00f3, se les brinda el servicio de auto de alquiler a las personas con discapacidad que no cuentan con un veh\u00edculo propio o se les dificulta utilizar el transporte p\u00fablico, para que de esta manera puedan desplazarse.<\/p>\n","protected":false},"excerpt":{"rendered":"<p>Con estas acciones se beneficia a los trabajadores del volante que trasladan de manera gratuita a quienes padecen alguna discapacidad \u00a0Alrededor de 40 trabajadores del volante que colaboran en el programa \u201cTaxistas Juntos por la Discapacidad\u201d, recibieron apoyos alimenticios como parte de las acciones que realiza el DIF Municipal por la emergencia sanitaria, as\u00ed lo [&hellip;]<\/p>\n","protected":false},"author":1,"featured_media":4938,"comment_status":"closed","ping_status":"open","sticky":false,"template":"","format":"standard","meta":{"_monsterinsights_skip_tracking":false,"advanced_seo_description":"","jetpack_seo_html_title":"","jetpack_seo_noindex":false,"jetpack_seo_schema_type":"","_jetpack_newsletter_access":"","_jetpack_dont_email_post_to_subs":false,"_jetpack_newsletter_tier_id":0,"_jetpack_memberships_contains_paywalled_content":false,"_jetpack_feature_clip_id":0,"_jetpack_memberships_contains_paid_content":false,"footnotes":"","jetpack_publicize_message":"","jetpack_publicize_feature_enabled":true,"jetpack_social_post_already_shared":true,"jetpack_social_options":{"image_generator_settings":{"template":"highway","default_image_id":0,"font":"","enabled":false},"version":2},"jetpack_post_was_ever_published":false},"categories":[21,3],"tags":[22,60,25],"class_list":["post-4935","post","type-post","status-publish","format-standard","has-post-thumbnail","hentry","category-aguascalientes","category-municipio-aguascalientes","tag-aguascalientes","tag-dif-municipal-aguascalientes","tag-mpio-aguascalientes"],"jetpack_publicize_connections":[],"jetpack_featured_media_url":"https:\/\/i0.wp.com\/informativoelvalledeaguascalientes.online\/wp-content\/uploads\/2020\/04\/DSC_8854-scaled-1.jpg?fit=640%2C438&ssl=1","jetpack-related-posts":[],"jetpack_sharing_enabled":true,"jetpack_likes_enabled":true,"_links":{"self":[{"href":"https:\/\/informativoelvalledeaguascalientes.online\/index.php?rest_route=\/wp\/v2\/posts\/4935","targetHints":{"allow":["GET"]}}],"collection":[{"href":"https:\/\/informativoelvalledeaguascalientes.online\/index.php?rest_route=\/wp\/v2\/posts"}],"about":[{"href":"https:\/\/informativoelvalledeaguascalientes.online\/index.php?rest_route=\/wp\/v2\/types\/post"}],"author":[{"embeddable":true,"href":"https:\/\/informativoelvalledeaguascalientes.online\/index.php?rest_route=\/wp\/v2\/users\/1"}],"replies":[{"embeddable":true,"href":"https:\/\/informativoelvalledeaguascalientes.online\/index.php?rest_route=%2Fwp%2Fv2%2Fcomments&post=4935"}],"version-history":[{"count":1,"href":"https:\/\/informativoelvalledeaguascalientes.online\/index.php?rest_route=\/wp\/v2\/posts\/4935\/revisions"}],"predecessor-version":[{"id":4939,"href":"https:\/\/informativoelvalledeaguascalientes.online\/index.php?rest_route=\/wp\/v2\/posts\/4935\/revisions\/4939"}],"wp:featuredmedia":[{"embeddable":true,"href":"https:\/\/informativoelvalledeaguascalientes.online\/index.php?rest_route=\/wp\/v2\/media\/4938"}],"wp:attachment":[{"href":"https:\/\/informativoelvalledeaguascalientes.online\/index.php?rest_route=%2Fwp%2Fv2%2Fmedia&parent=4935"}],"wp:term":[{"taxonomy":"category","embeddable":true,"href":"https:\/\/informativoelvalledeaguascalientes.online\/index.php?rest_route=%2Fwp%2Fv2%2Fcategories&post=4935"},{"taxonomy":"post_tag","embeddable":true,"href":"https:\/\/informativoelvalledeaguascalientes.online\/index.php?rest_route=%2Fwp%2Fv2%2Ftags&post=4935"}],"curies":[{"name":"wp","href":"https:\/\/api.w.org\/{rel}","templated":true}]}}