{"id":49330,"date":"2023-09-22T20:19:21","date_gmt":"2023-09-23T02:19:21","guid":{"rendered":"https:\/\/informativoelvalledeaguascalientes.online\/?p=49330"},"modified":"2023-09-22T20:19:21","modified_gmt":"2023-09-23T02:19:21","slug":"recibe-tere-jimenez-nuevas-ambulancias-y-cerca-de-700-apoyos-de-la-beneficencia-publica-para-aguascalientes","status":"publish","type":"post","link":"https:\/\/informativoelvalledeaguascalientes.online\/?p=49330","title":{"rendered":"RECIBE TERE JIM\u00c9NEZ NUEVAS AMBULANCIAS Y CERCA DE 700 APOYOS DE LA BENEFICENCIA P\u00daBLICA PARA AGUASCALIENTES"},"content":{"rendered":"<p><strong><a href=\"https:\/\/www.facebook.com\/hashtag\/informativoelvalledeaguascalientes\">#informativoelvalledeaguascalientes<\/a><\/strong><\/p>\n<p><strong><a href=\"https:\/\/www.facebook.com\/hashtag\/novaradioaguascalientes\">#novaradioaguascalientes<\/a><\/strong><\/p>\n<p><strong><a href=\"https:\/\/www.facebook.com\/GobiernodeAguascalientes\">#ElGiganteDeMexico<\/a><\/strong><\/p>\n<p>&nbsp;<\/p>\n<ul class=\"xErDo AnCKd\">\n<li class=\"_04hd2 vVfzz\" dir=\"auto\">\n<div>\n<p id=\"viewer-for2r105\" class=\"-Zro6 -ZADH vVfzz AnCKd _57WYp\"><span class=\"d0767 vVfzz\"><strong><em>El Centro Estatal de Emergencias M\u00e9dicas ya cuenta con 16 ambulancias, con lo que se disminuye el tiempo de respuesta de una hora a 10 minutos<\/em><\/strong><\/span><\/p>\n<\/div>\n<\/li>\n<li class=\"_04hd2 vVfzz\" dir=\"auto\">\n<div>\n<p id=\"viewer-8btlg108\" class=\"-Zro6 -ZADH vVfzz AnCKd _57WYp\"><span class=\"d0767 vVfzz\"><strong><em>\u201cNunca nos vamos a cansar de ayudar, seguiremos apoyando a la gente para que tenga una mejor calidad de vida\u201d: Tere Jim\u00e9nez<\/em><\/strong><\/span><\/p>\n<\/div>\n<\/li>\n<li class=\"_04hd2 vVfzz\" dir=\"auto\">\n<div>\n<p id=\"viewer-7z9v3111\" class=\"-Zro6 -ZADH vVfzz AnCKd _57WYp\"><span class=\"d0767 vVfzz\"><strong><em>Desde su creaci\u00f3n a la fecha, el Instituto de la Beneficencia P\u00fablica del Estado de Aguascalientes ha apoyado a m\u00e1s de 7 mil personas<\/em><\/strong><\/span><\/p>\n<\/div>\n<\/li>\n<\/ul>\n<div id=\"viewer-qmeth113\" class=\"-Zro6 -ZADH vVfzz _57WYp\"><span class=\"d0767 vVfzz\">\u00a0<\/span><\/div>\n<p id=\"viewer-hsvhr114\" class=\"-Zro6 -ZADH vVfzz AnCKd _57WYp\"><span class=\"d0767 vVfzz\">La gobernadora de Aguascalientes, Tere Jim\u00e9nez, recibi\u00f3 de parte de la Administraci\u00f3n del Patrimonio de la Beneficencia P\u00fablica nuevas ambulancias y cerca de 700 apoyos m\u00e9dicos, como sillas de ruedas, andaderas, auxiliares auditivos, lentes, entre otros dispositivos, en beneficio de la poblaci\u00f3n m\u00e1s necesitada.<\/span><\/p>\n<div id=\"viewer-ffj9a116\" class=\"-Zro6 -ZADH vVfzz _57WYp\"><span class=\"d0767 vVfzz\">\u00a0<\/span><\/div>\n<p id=\"viewer-7hqwe117\" class=\"-Zro6 -ZADH vVfzz AnCKd _57WYp\"><span class=\"d0767 vVfzz\">\u201cGracias a esa coordinaci\u00f3n que mantenemos con la Federaci\u00f3n, hemos podido ayudar a mucha gente que no tiene los recursos para comprar este tipo de herramientas, que son indispensables para tener una mejor calidad de vida; nunca nos vamos a cansar de ayudar, seguiremos apoyando a la gente para que viva mejor y llevaremos todos estos beneficios hasta los rincones m\u00e1s lejanos de Aguascalientes\u201d, destac\u00f3 la gobernadora durante el evento que se realiz\u00f3 en la explanada de la Plaza Patria.<\/span><\/p>\n<div id=\"viewer-bgf37119\" class=\"-Zro6 -ZADH vVfzz _57WYp\"><span class=\"d0767 vVfzz\">\u00a0<\/span><\/div>\n<p id=\"viewer-1x4hm120\" class=\"-Zro6 -ZADH vVfzz AnCKd _57WYp\"><span class=\"d0767 vVfzz\">Por su parte, el director general de la Administraci\u00f3n del Patrimonio de la Beneficencia P\u00fablica, Adri\u00e1n Ben\u00edtez Ruiz, reiter\u00f3 su apoyo al estado de Aguascalientes y dijo que seguir\u00e1 trabajando de la mano con la gobernadora Tere Jim\u00e9nez a favor de las personas que se encuentran en condici\u00f3n de vulnerabilidad en materia de salud; \u201cno dejaremos a nadie atr\u00e1s y no dejaremos a nadie afuera\u201d, subray\u00f3.<\/span><\/p>\n<div id=\"viewer-3m9n9122\" class=\"-Zro6 -ZADH vVfzz _57WYp\"><span class=\"d0767 vVfzz\">\u00a0<\/span><\/div>\n<p id=\"viewer-ea2n2123\" class=\"-Zro6 -ZADH vVfzz AnCKd _57WYp\"><span class=\"d0767 vVfzz\">En su intervenci\u00f3n, el secretario de Salud del Estado, Rub\u00e9n Galaviz Trist\u00e1n, detall\u00f3 que con las ambulancias que se recibieron hoy, ya son 16 unidades las que tiene el Centro Estatal de Emergencias M\u00e9dicas, \u00fanico en el pa\u00eds, con lo que en coordinaci\u00f3n con el C5i disminuy\u00f3 el tiempo de respuesta de una hora a 10\u00a0 minutos en la atenci\u00f3n de emergencias en todos los municipios del estado.<\/span><\/p>\n<div id=\"viewer-g95ky125\" class=\"-Zro6 -ZADH vVfzz _57WYp\"><span class=\"d0767 vVfzz\">\u00a0<\/span><\/div>\n<p id=\"viewer-fwfhk126\" class=\"-Zro6 -ZADH vVfzz AnCKd _57WYp\"><span class=\"d0767 vVfzz\">Finalmente, Jos\u00e9 Antonio Abad Mena, director general del Instituto de la Beneficencia P\u00fablica del Estado de Aguascalientes, precis\u00f3 que desde su creaci\u00f3n a la fecha, a trav\u00e9s de esta instituci\u00f3n se ha mejorado la vida de m\u00e1s de 7 mil personas de escasos recursos que recibieron apoyos que van desde un bast\u00f3n hasta cirug\u00edas para colocar pr\u00f3tesis de cadera y rodilla.<\/span><\/p>\n<div id=\"viewer-994dm128\" class=\"-Zro6 -ZADH vVfzz _57WYp\"><span class=\"d0767 vVfzz\">\u00a0<\/span><\/div>\n<p id=\"viewer-fvabr129\" class=\"-Zro6 -ZADH vVfzz AnCKd _57WYp\"><span class=\"d0767 vVfzz\">En el evento tambi\u00e9n estuvieron presentes Aurora Jim\u00e9nez Esquivel, primera voluntaria y presidenta del DIF Estatal; los diputados federales Roberto Valenzuela Corral y Paulo Gonzalo Mart\u00ednez L\u00f3pez; la diputada Ver\u00f3nica Romo S\u00e1nchez, presidenta de la Comisi\u00f3n de Salud del H. Congreso del Estado; el diputado Jaime Gonz\u00e1lez de Le\u00f3n, presidente de la Mesa Directiva del H. Congreso del Estado; Jos\u00e9 Manuel Gonz\u00e1lez Mota, presidente municipal de Asientos; Daniel Romo Urrutia, presidente municipal de Calvillo; Jos\u00e9 Alejandro Robledo Ibarra, param\u00e9dico, e Inez Moreno, beneficiario de una pr\u00f3tesis de cadera.<\/span><\/p>\n","protected":false},"excerpt":{"rendered":"<p>#informativoelvalledeaguascalientes #novaradioaguascalientes #ElGiganteDeMexico &nbsp; El Centro Estatal de Emergencias M\u00e9dicas ya cuenta con 16 ambulancias, con lo que se disminuye el tiempo de respuesta de una hora a 10 minutos \u201cNunca nos vamos a cansar de ayudar, seguiremos apoyando a la gente para que tenga una mejor calidad de vida\u201d: Tere Jim\u00e9nez Desde su creaci\u00f3n [&hellip;]<\/p>\n","protected":false},"author":1,"featured_media":49331,"comment_status":"closed","ping_status":"open","sticky":false,"template":"","format":"standard","meta":{"_monsterinsights_skip_tracking":false,"advanced_seo_description":"","jetpack_seo_html_title":"","jetpack_seo_noindex":false,"jetpack_seo_schema_type":"","_jetpack_newsletter_access":"","_jetpack_dont_email_post_to_subs":false,"_jetpack_newsletter_tier_id":0,"_jetpack_memberships_contains_paywalled_content":false,"_jetpack_feature_clip_id":0,"_jetpack_memberships_contains_paid_content":false,"footnotes":"","jetpack_publicize_message":"","jetpack_publicize_feature_enabled":true,"jetpack_social_post_already_shared":true,"jetpack_social_options":{"image_generator_settings":{"template":"highway","default_image_id":0,"font":"","enabled":false},"version":2},"jetpack_post_was_ever_published":false},"categories":[21,4],"tags":[22,724,615,723,30,320],"class_list":["post-49330","post","type-post","status-publish","format-standard","has-post-thumbnail","hentry","category-aguascalientes","category-gobierno-del-estado-aguascalientes","tag-aguascalientes","tag-centro-estatal-de-emergencias-medicas","tag-gobierno-del-estado-de-aguascalientes","tag-instituto-de-la-beneficencia-publica-del-estado-de-aguascalientes","tag-issea","tag-tere-jimenez"],"jetpack_publicize_connections":[],"jetpack_featured_media_url":"https:\/\/i0.wp.com\/informativoelvalledeaguascalientes.online\/wp-content\/uploads\/2023\/09\/emergencias-equipamiento.jpeg?fit=1440%2C960&ssl=1","jetpack-related-posts":[],"jetpack_sharing_enabled":true,"jetpack_likes_enabled":true,"_links":{"self":[{"href":"https:\/\/informativoelvalledeaguascalientes.online\/index.php?rest_route=\/wp\/v2\/posts\/49330","targetHints":{"allow":["GET"]}}],"collection":[{"href":"https:\/\/informativoelvalledeaguascalientes.online\/index.php?rest_route=\/wp\/v2\/posts"}],"about":[{"href":"https:\/\/informativoelvalledeaguascalientes.online\/index.php?rest_route=\/wp\/v2\/types\/post"}],"author":[{"embeddable":true,"href":"https:\/\/informativoelvalledeaguascalientes.online\/index.php?rest_route=\/wp\/v2\/users\/1"}],"replies":[{"embeddable":true,"href":"https:\/\/informativoelvalledeaguascalientes.online\/index.php?rest_route=%2Fwp%2Fv2%2Fcomments&post=49330"}],"version-history":[{"count":1,"href":"https:\/\/informativoelvalledeaguascalientes.online\/index.php?rest_route=\/wp\/v2\/posts\/49330\/revisions"}],"predecessor-version":[{"id":49332,"href":"https:\/\/informativoelvalledeaguascalientes.online\/index.php?rest_route=\/wp\/v2\/posts\/49330\/revisions\/49332"}],"wp:featuredmedia":[{"embeddable":true,"href":"https:\/\/informativoelvalledeaguascalientes.online\/index.php?rest_route=\/wp\/v2\/media\/49331"}],"wp:attachment":[{"href":"https:\/\/informativoelvalledeaguascalientes.online\/index.php?rest_route=%2Fwp%2Fv2%2Fmedia&parent=49330"}],"wp:term":[{"taxonomy":"category","embeddable":true,"href":"https:\/\/informativoelvalledeaguascalientes.online\/index.php?rest_route=%2Fwp%2Fv2%2Fcategories&post=49330"},{"taxonomy":"post_tag","embeddable":true,"href":"https:\/\/informativoelvalledeaguascalientes.online\/index.php?rest_route=%2Fwp%2Fv2%2Ftags&post=49330"}],"curies":[{"name":"wp","href":"https:\/\/api.w.org\/{rel}","templated":true}]}}