{"id":49016,"date":"2023-09-13T20:36:38","date_gmt":"2023-09-14T02:36:38","guid":{"rendered":"https:\/\/informativoelvalledeaguascalientes.online\/?p=49016"},"modified":"2023-09-13T20:36:38","modified_gmt":"2023-09-14T02:36:38","slug":"rescatistas-de-aguascalientes-se-suman-a-labores-de-busqueda-en-marruecos-2","status":"publish","type":"post","link":"https:\/\/informativoelvalledeaguascalientes.online\/?p=49016","title":{"rendered":"RESCATISTAS DE AGUASCALIENTES SE SUMAN A LABORES DE B\u00daSQUEDA EN MARRUECOS"},"content":{"rendered":"<p><strong><a href=\"https:\/\/www.facebook.com\/hashtag\/informativoelvalledeaguascalientes\">#informativoelvalledeaguascalientes<\/a><\/strong><\/p>\n<p><strong><a href=\"https:\/\/www.facebook.com\/hashtag\/novaradioaguascalientes\">#novaradioaguascalientes<\/a><\/strong><\/p>\n<p><strong><a href=\"https:\/\/www.facebook.com\/GobiernodeAguascalientes\">#ElGiganteDeMexico<\/a><\/strong><\/p>\n<p>&nbsp;<\/p>\n<ul class=\"xErDo AnCKd\">\n<li class=\"_04hd2 vVfzz\" dir=\"auto\">\n<div>\n<p id=\"viewer-6aq52113\" class=\"-Zro6 -ZADH vVfzz AnCKd _57WYp\"><span class=\"d0767 vVfzz\"><strong><em>Esto luego del devastador terremoto que se registr\u00f3 en ese pa\u00eds y que dej\u00f3 a miles de damnificados y edificaciones colapsadas<\/em><\/strong><\/span><\/p>\n<\/div>\n<\/li>\n<\/ul>\n<div id=\"viewer-55i33115\" class=\"-Zro6 -ZADH vVfzz _57WYp\"><span class=\"d0767 vVfzz\">\u00a0<\/span><\/div>\n<p id=\"viewer-f4lyn116\" class=\"-Zro6 -ZADH vVfzz AnCKd _57WYp\"><span class=\"d0767 vVfzz\">En un esfuerzo por apoyar las labores humanitarias de b\u00fasqueda y rescate que se realizan en Marruecos, la gobernadora Tere Jim\u00e9nez y el presidente municipal de Aguascalientes, Leo Monta\u00f1ez, enviaron un equipo conformado por siete rescatistas de la Coordinaci\u00f3n Municipal de Protecci\u00f3n Civil y el perro Ruger para sumarse a los trabajos que se realizan en ese pa\u00eds, luego del devastador terremoto que se registr\u00f3 el pasado 9 de septiembre.<\/span><\/p>\n<div id=\"viewer-tkd4y118\" class=\"-Zro6 -ZADH vVfzz _57WYp\"><span class=\"d0767 vVfzz\">\u00a0<\/span><\/div>\n<p id=\"viewer-uindx119\" class=\"-Zro6 -ZADH vVfzz AnCKd _57WYp\"><span class=\"d0767 vVfzz\">La gobernadora de Aguascalientes consider\u00f3 vital que los rescatistas participen lo antes posible para apoyar a las personas que necesitan la pronta intervenci\u00f3n en un momento cr\u00edtico y en el que se requiere la solidaridad por las v\u00edctimas del terremoto.<\/span><\/p>\n<div id=\"viewer-e33u2121\" class=\"-Zro6 -ZADH vVfzz _57WYp\"><span class=\"d0767 vVfzz\">\u00a0<\/span><\/div>\n<p id=\"viewer-vb36p122\" class=\"-Zro6 -ZADH vVfzz AnCKd _57WYp\"><span class=\"d0767 vVfzz\">El equipo se integra por el comandante Juan Refugio S\u00e1nchez Moreno y su binomio canino Ruger, un pastor alem\u00e1n de l\u00ednea checa; el comandante Miguel Murillo de la Rosa; el comandante Gerardo Medina Zepeda; el comandante Manuel Alejandro Colis Guerrero; el bombero param\u00e9dico Jonathan Morales Rodr\u00edguez, y los bomberos rescatistas, Alejandro Ceballos y Fernando Casta\u00f1eda.<\/span><\/p>\n<div id=\"viewer-9yskj124\" class=\"-Zro6 -ZADH vVfzz _57WYp\"><span class=\"d0767 vVfzz\">\u00a0<\/span><\/div>\n<p id=\"viewer-mhls1125\" class=\"-Zro6 -ZADH vVfzz AnCKd _57WYp\"><span class=\"d0767 vVfzz\">Al respecto, el coordinador municipal de Protecci\u00f3n Civil, Jos\u00e9 Gabino V\u00e1zquez Vega, dijo que a su llegada se les asignar\u00e1n las tareas y la zona de intervenci\u00f3n, en donde realizar\u00e1n labores de b\u00fasqueda y rescate para contribuir en los esfuerzos con las autoridades marroqu\u00edes, adem\u00e1s de trabajar en estrecha colaboraci\u00f3n con rescatistas de otras partes del mundo.<\/span><\/p>\n<div id=\"viewer-vvjb1127\" class=\"-Zro6 -ZADH vVfzz _57WYp\"><span class=\"d0767 vVfzz\">\u00a0<\/span><\/div>\n<p id=\"viewer-dybql128\" class=\"-Zro6 -ZADH vVfzz AnCKd _57WYp\"><span class=\"d0767 vVfzz\">Coment\u00f3 que los rescatistas viajar\u00e1n de Aguascalientes a la Ciudad de M\u00e9xico, donde abordar\u00e1n un avi\u00f3n que har\u00e1 escala en Francia, para finalmente arribar a Marruecos.<\/span><\/p>\n<div id=\"viewer-bzy3w130\" class=\"-Zro6 -ZADH vVfzz _57WYp\"><span class=\"d0767 vVfzz\">\u00a0<\/span><\/div>\n<p id=\"viewer-6y9sz131\" class=\"-Zro6 -ZADH vVfzz AnCKd _57WYp\"><span class=\"d0767 vVfzz\">Record\u00f3 que el pasado 9 de septiembre se registr\u00f3 un sismo de magnitud 6.8 en varias ciudades de Marruecos que dej\u00f3 miles de damnificados, personas atrapadas y edificios colapsados.<\/span><\/p>\n<div id=\"viewer-julu8133\" class=\"-Zro6 -ZADH vVfzz _57WYp\"><span class=\"d0767 vVfzz\">\u00a0<\/span><\/div>\n<p id=\"viewer-o1sm3134\" class=\"-Zro6 -ZADH vVfzz AnCKd _57WYp\"><span class=\"d0767 vVfzz\">Cabe hacer menci\u00f3n que los rescatistas que se dirigen a Marruecos, son los mismos que hace unos meses colaboraron en las labores de rescate tras el terremoto que se suscit\u00f3 en la ciudad de Malatya, Turqu\u00eda.<\/span><\/p>\n<div id=\"viewer-spkxi136\" class=\"-Zro6 -ZADH IjV6v _57WYp\"><\/div>\n","protected":false},"excerpt":{"rendered":"<p>#informativoelvalledeaguascalientes #novaradioaguascalientes #ElGiganteDeMexico &nbsp; Esto luego del devastador terremoto que se registr\u00f3 en ese pa\u00eds y que dej\u00f3 a miles de damnificados y edificaciones colapsadas \u00a0 En un esfuerzo por apoyar las labores humanitarias de b\u00fasqueda y rescate que se realizan en Marruecos, la gobernadora Tere Jim\u00e9nez y el presidente municipal de Aguascalientes, Leo Monta\u00f1ez, [&hellip;]<\/p>\n","protected":false},"author":1,"featured_media":49017,"comment_status":"closed","ping_status":"open","sticky":false,"template":"","format":"standard","meta":{"advanced_seo_description":"","jetpack_seo_html_title":"","jetpack_seo_noindex":false,"_jetpack_memberships_contains_paid_content":false,"footnotes":"","jetpack_publicize_message":"","jetpack_publicize_feature_enabled":true,"jetpack_social_post_already_shared":true,"jetpack_social_options":{"image_generator_settings":{"template":"highway","default_image_id":0,"font":"","enabled":false},"version":2}},"categories":[21,4],"tags":[22,615,25,320],"class_list":["post-49016","post","type-post","status-publish","format-standard","has-post-thumbnail","hentry","category-aguascalientes","category-gobierno-del-estado-aguascalientes","tag-aguascalientes","tag-gobierno-del-estado-de-aguascalientes","tag-mpio-aguascalientes","tag-tere-jimenez"],"jetpack_publicize_connections":[],"jetpack_featured_media_url":"https:\/\/i0.wp.com\/informativoelvalledeaguascalientes.online\/wp-content\/uploads\/2023\/09\/20230911_164503_edited.jpg?fit=1024%2C461&ssl=1","jetpack-related-posts":[],"jetpack_sharing_enabled":true,"jetpack_likes_enabled":true,"_links":{"self":[{"href":"https:\/\/informativoelvalledeaguascalientes.online\/index.php?rest_route=\/wp\/v2\/posts\/49016","targetHints":{"allow":["GET"]}}],"collection":[{"href":"https:\/\/informativoelvalledeaguascalientes.online\/index.php?rest_route=\/wp\/v2\/posts"}],"about":[{"href":"https:\/\/informativoelvalledeaguascalientes.online\/index.php?rest_route=\/wp\/v2\/types\/post"}],"author":[{"embeddable":true,"href":"https:\/\/informativoelvalledeaguascalientes.online\/index.php?rest_route=\/wp\/v2\/users\/1"}],"replies":[{"embeddable":true,"href":"https:\/\/informativoelvalledeaguascalientes.online\/index.php?rest_route=%2Fwp%2Fv2%2Fcomments&post=49016"}],"version-history":[{"count":1,"href":"https:\/\/informativoelvalledeaguascalientes.online\/index.php?rest_route=\/wp\/v2\/posts\/49016\/revisions"}],"predecessor-version":[{"id":49018,"href":"https:\/\/informativoelvalledeaguascalientes.online\/index.php?rest_route=\/wp\/v2\/posts\/49016\/revisions\/49018"}],"wp:featuredmedia":[{"embeddable":true,"href":"https:\/\/informativoelvalledeaguascalientes.online\/index.php?rest_route=\/wp\/v2\/media\/49017"}],"wp:attachment":[{"href":"https:\/\/informativoelvalledeaguascalientes.online\/index.php?rest_route=%2Fwp%2Fv2%2Fmedia&parent=49016"}],"wp:term":[{"taxonomy":"category","embeddable":true,"href":"https:\/\/informativoelvalledeaguascalientes.online\/index.php?rest_route=%2Fwp%2Fv2%2Fcategories&post=49016"},{"taxonomy":"post_tag","embeddable":true,"href":"https:\/\/informativoelvalledeaguascalientes.online\/index.php?rest_route=%2Fwp%2Fv2%2Ftags&post=49016"}],"curies":[{"name":"wp","href":"https:\/\/api.w.org\/{rel}","templated":true}]}}