{"id":49013,"date":"2023-09-13T20:32:14","date_gmt":"2023-09-14T02:32:14","guid":{"rendered":"https:\/\/informativoelvalledeaguascalientes.online\/?p=49013"},"modified":"2023-09-13T20:32:14","modified_gmt":"2023-09-14T02:32:14","slug":"el-operativo-de-seguridad-con-motivo-de-las-fiestas-patrias-esta-listo","status":"publish","type":"post","link":"https:\/\/informativoelvalledeaguascalientes.online\/?p=49013","title":{"rendered":"EL OPERATIVO DE SEGURIDAD CON MOTIVO DE LAS FIESTAS PATRIAS EST\u00c1 LISTO"},"content":{"rendered":"<p><strong><a href=\"https:\/\/www.facebook.com\/hashtag\/informativoelvalledeaguascalientes\">#informativoelvalledeaguascalientes<\/a><\/strong><\/p>\n<p><strong><a href=\"https:\/\/www.facebook.com\/hashtag\/novaradioaguascalientes\">#novaradioaguascalientes<\/a><\/strong><\/p>\n<p><strong><a href=\"https:\/\/www.facebook.com\/GobiernodeAguascalientes\">#ElGiganteDeMexico<\/a><\/strong><\/p>\n<p>&nbsp;<\/p>\n<p>* Como en a\u00f1os anteriores, habr\u00e1 puntos de acceso controlado en la plaza principal<br \/>\n* Los cuerpos de seguridad de los tres niveles de gobierno trabajar\u00e1n coordinadamente<br \/>\n* Se contar\u00e1 con el apoyo de dispositivos tecnol\u00f3gicos del C5i<\/p>\n<p>Con la finalidad de proteger la integridad y los bienes de quienes asistan al Grito de Independencia y al Desfile C\u00edvico-Militar, ya est\u00e1 listo el operativo de seguridad que se implementar\u00e1 en el primer cuadro de la ciudad los d\u00edas 15 y 16 de septiembre, y en el que los cuerpos de seguridad de los tres niveles de gobierno trabajar\u00e1n de manera coordinada.<\/p>\n<p>El secretario de Seguridad P\u00fablica del Estado, Manuel Alonso Garc\u00eda, indic\u00f3 que se sostuvieron reuniones previas con otras corporaciones para afinar los detalles del despliegue operativo en el que participar\u00e1n 400 efectivos de la Polic\u00eda Estatal y Penitenciaria, el personal de la Polic\u00eda Municipal, Vial y Polic\u00eda Ministerial, as\u00ed como miembros de la Guardia Nacional y cadetes de la Unpol; todos ubicados estrat\u00e9gicamente.<\/p>\n<p>Agreg\u00f3 que, como en a\u00f1os anteriores, se colocar\u00e1n arcos de acceso controlado en la plaza principal, a trav\u00e9s de los cuales se podr\u00e1 detectar objetos prohibidos o sustancias il\u00edcitas, para proteger a quienes asistan a este evento familiar, en el cual no est\u00e1 permitido ingerir bebidas embriagantes en la v\u00eda p\u00fablica.<\/p>\n<p>Alonso Garc\u00eda mencion\u00f3 que los dispositivos que forman parte del Centro de Control, Comando, Comunicaci\u00f3n, C\u00f3mputo, Coordinaci\u00f3n e Inteligencia (C5i) ser\u00e1n de gran utilidad, toda vez que se emplear\u00e1 la tecnolog\u00eda para detectar conductas il\u00edcitas y mantener el orden; tambi\u00e9n aclar\u00f3 que no se descuidar\u00e1 la vigilancia en el resto de la entidad.<\/p>\n<p>El jefe policial indic\u00f3 que integrantes del cuerpo de bomberos del estado y del municipio de Aguascalientes, as\u00ed como personal de Protecci\u00f3n Civil, param\u00e9dicos del ISSEA y la Cruz Roja, tambi\u00e9n estar\u00e1n presentes en el primer cuadro de la ciudad, donde se mantendr\u00e1n pendientes para auxiliar a la poblaci\u00f3n que lo requiera.<\/p>\n<p>Finalmente, indic\u00f3 que el d\u00eda 16 de septiembre se realizar\u00e1 el Desfile C\u00edvico-Militar, en el que participar\u00e1n integrantes de todos los grupos operativos de la SSPE, como del Grupo de Operaciones Especiales (Gopes), el Grupo Motorizado Dragones, K9, entre otros, as\u00ed como Bomberos del Estado.<\/p>\n","protected":false},"excerpt":{"rendered":"<p>#informativoelvalledeaguascalientes #novaradioaguascalientes #ElGiganteDeMexico &nbsp; * Como en a\u00f1os anteriores, habr\u00e1 puntos de acceso controlado en la plaza principal * Los cuerpos de seguridad de los tres niveles de gobierno trabajar\u00e1n coordinadamente * Se contar\u00e1 con el apoyo de dispositivos tecnol\u00f3gicos del C5i Con la finalidad de proteger la integridad y los bienes de quienes asistan [&hellip;]<\/p>\n","protected":false},"author":1,"featured_media":49014,"comment_status":"closed","ping_status":"open","sticky":false,"template":"","format":"standard","meta":{"advanced_seo_description":"","jetpack_seo_html_title":"","jetpack_seo_noindex":false,"_jetpack_memberships_contains_paid_content":false,"footnotes":"","jetpack_publicize_message":"","jetpack_publicize_feature_enabled":true,"jetpack_social_post_already_shared":true,"jetpack_social_options":{"image_generator_settings":{"template":"highway","default_image_id":0,"font":"","enabled":false},"version":2}},"categories":[21,4],"tags":[22,615,122],"class_list":["post-49013","post","type-post","status-publish","format-standard","has-post-thumbnail","hentry","category-aguascalientes","category-gobierno-del-estado-aguascalientes","tag-aguascalientes","tag-gobierno-del-estado-de-aguascalientes","tag-sspe-aguascalientes"],"jetpack_publicize_connections":[],"jetpack_featured_media_url":"https:\/\/i0.wp.com\/informativoelvalledeaguascalientes.online\/wp-content\/uploads\/2023\/09\/aa031102-ee8a-43dd-926a-9f4c85c61b16.jpg?fit=1600%2C1066&ssl=1","jetpack-related-posts":[],"jetpack_sharing_enabled":true,"jetpack_likes_enabled":true,"_links":{"self":[{"href":"https:\/\/informativoelvalledeaguascalientes.online\/index.php?rest_route=\/wp\/v2\/posts\/49013","targetHints":{"allow":["GET"]}}],"collection":[{"href":"https:\/\/informativoelvalledeaguascalientes.online\/index.php?rest_route=\/wp\/v2\/posts"}],"about":[{"href":"https:\/\/informativoelvalledeaguascalientes.online\/index.php?rest_route=\/wp\/v2\/types\/post"}],"author":[{"embeddable":true,"href":"https:\/\/informativoelvalledeaguascalientes.online\/index.php?rest_route=\/wp\/v2\/users\/1"}],"replies":[{"embeddable":true,"href":"https:\/\/informativoelvalledeaguascalientes.online\/index.php?rest_route=%2Fwp%2Fv2%2Fcomments&post=49013"}],"version-history":[{"count":1,"href":"https:\/\/informativoelvalledeaguascalientes.online\/index.php?rest_route=\/wp\/v2\/posts\/49013\/revisions"}],"predecessor-version":[{"id":49015,"href":"https:\/\/informativoelvalledeaguascalientes.online\/index.php?rest_route=\/wp\/v2\/posts\/49013\/revisions\/49015"}],"wp:featuredmedia":[{"embeddable":true,"href":"https:\/\/informativoelvalledeaguascalientes.online\/index.php?rest_route=\/wp\/v2\/media\/49014"}],"wp:attachment":[{"href":"https:\/\/informativoelvalledeaguascalientes.online\/index.php?rest_route=%2Fwp%2Fv2%2Fmedia&parent=49013"}],"wp:term":[{"taxonomy":"category","embeddable":true,"href":"https:\/\/informativoelvalledeaguascalientes.online\/index.php?rest_route=%2Fwp%2Fv2%2Fcategories&post=49013"},{"taxonomy":"post_tag","embeddable":true,"href":"https:\/\/informativoelvalledeaguascalientes.online\/index.php?rest_route=%2Fwp%2Fv2%2Ftags&post=49013"}],"curies":[{"name":"wp","href":"https:\/\/api.w.org\/{rel}","templated":true}]}}