{"id":49010,"date":"2023-09-13T20:28:35","date_gmt":"2023-09-14T02:28:35","guid":{"rendered":"https:\/\/informativoelvalledeaguascalientes.online\/?p=49010"},"modified":"2023-09-13T20:28:35","modified_gmt":"2023-09-14T02:28:35","slug":"presentan-el-festival-motoclista-fma-jesus-maria-2023","status":"publish","type":"post","link":"https:\/\/informativoelvalledeaguascalientes.online\/?p=49010","title":{"rendered":"PRESENTAN EL FESTIVAL MOTOCLISTA FMA JES\u00daS MAR\u00cdA 2023"},"content":{"rendered":"<p><strong><a href=\"https:\/\/www.facebook.com\/hashtag\/informativoelvalledeaguascalientes\">#informativoelvalledeaguascalientes<\/a><\/strong><\/p>\n<p><strong><a href=\"https:\/\/www.facebook.com\/hashtag\/novaradioaguascalientes\">#novaradioaguascalientes<\/a><\/strong><\/p>\n<p>&nbsp;<\/p>\n<p>El presidente municipal Antonio Ar\u00e1mbula y Carlos Rodrigo Ram\u00edrez Rivera presidente del Festival Motociclista de Aguascalientes FMA, presentaron este d\u00eda el programa general de este evento en su edici\u00f3n 2023, del que por segundo a\u00f1o consecutivo Jes\u00fas Mar\u00eda ser\u00e1 sede, y se llevar\u00e1 a cabo del 29 de septiembre al 2 de octubre en las instalaciones del Parque Acuarama.<\/p>\n<p>\u201cJes\u00fas Mar\u00eda ha ido diversificando su oferta tur\u00edstica y sus atractivos locales. Hoy gracias al FMA, el municipio ahora es referencia para los bikers con este festival motociclista. El municipio ya no s\u00f3lo es la Feria de los Chicahuales, porque ya incluimos m\u00e1s programas y festivales como el D\u00eda de Muertos, el de las fiestas patrias, el Aniversario de la Ciudad y ahora el festival de la FMA\u201d, expres\u00f3 To\u00f1o Ar\u00e1mbula.<\/p>\n<p>El alcalde agreg\u00f3 que en esta nueva edici\u00f3n, el municipio que participa como parte organizadora a trav\u00e9s de la Instancia de Feria de los Chicahuales, espera una derrama econ\u00f3mica de m\u00e1s de 15 millones de pesos y estiman m\u00e1s de 12 mil visitantes, incluyendo algunos clubes de motociclistas provenientes de Estados Unidos.<\/p>\n<p>Por su parte, Carlos Ram\u00edrez, indic\u00f3 que el Festival Motociclista es de talla nacional e internacional, que va dirigido a la familia biker pero tambi\u00e9n est\u00e1 abierto al p\u00fablico en general, ya que ofrece eventos art\u00edsticos e interactivos adem\u00e1s de un \u00e1rea comercial y gastron\u00f3mica, sin contar la variedad de presentaciones art\u00edsticas integradas en su programa general.<\/p>\n<p>\u201cFMA Jes\u00fas Mar\u00eda 2023 contar\u00e1 con la participaci\u00f3n de la comunidad de motocicletas nacional e internacional y p\u00fablico general, y contar\u00e1 con un foro art\u00edstico para la presentaci\u00f3n de grupos locales y nacionales como Ara\u00f1as; Legendary; Fortunados Zac; Paralelos; Los Chulitos; Rebelmate; Grupo 50-50; Sociedad Capitol; Liran Roll. Tambi\u00e9n Jos\u00e9 Mangar; Voltaje Alterno; Vega; Coco Ska; La Pura Vida; Harem; Maskatesta; Harag\u00e1n y Cia; Norte\u00f1os del Rock.<\/p>\n<p>Adem\u00e1s, habr\u00e1 \u00e1rea deportiva, recreativa y de camping; zona gastron\u00f3mica y bares; pabell\u00f3n artesanal y del auto antiguo, as\u00ed como una rodada \u201cRincones Tur\u00edsticos de Jes\u00fas Mar\u00eda; zona de Rodeo Biker y garantizan un espacio seguro y completamente familiar.<\/p>\n<p>En la presentaci\u00f3n de este festival, tambi\u00e9n estuvieron presentes la diputada local, Laura Ponce, Rosario Aguilar L\u00f3pez, titular de la Instancia de Feria de los Chicahuales y Festividades Municipales; Rodrigo Cid Casta\u00f1eda, presidente de la Uni\u00f3n de Motociclistas de Aguascalientes UMA la m\u00e1s grande en la entidad; Armando Garc\u00eda Rodr\u00edguez del comit\u00e9 Organizador Festival Motociclista de Aguascalientes FMA; Fanny V\u00e1zquez Vargas Presidenta del Club \u00c1guilas Rodantes; Juan Armando Garc\u00eda Estrada, enlace Municipal Jes\u00fas Mar\u00eda Festival Motociclista de Aguascalientes FMA; Aar\u00f3n Elihu Huerta Montante Coordinador de Comercializaci\u00f3n Festival Motociclista de Aguascalientes FMA.<\/p>\n","protected":false},"excerpt":{"rendered":"<p>#informativoelvalledeaguascalientes #novaradioaguascalientes &nbsp; El presidente municipal Antonio Ar\u00e1mbula y Carlos Rodrigo Ram\u00edrez Rivera presidente del Festival Motociclista de Aguascalientes FMA, presentaron este d\u00eda el programa general de este evento en su edici\u00f3n 2023, del que por segundo a\u00f1o consecutivo Jes\u00fas Mar\u00eda ser\u00e1 sede, y se llevar\u00e1 a cabo del 29 de septiembre al 2 de [&hellip;]<\/p>\n","protected":false},"author":1,"featured_media":49011,"comment_status":"closed","ping_status":"open","sticky":false,"template":"","format":"standard","meta":{"advanced_seo_description":"","jetpack_seo_html_title":"","jetpack_seo_noindex":false,"_jetpack_memberships_contains_paid_content":false,"footnotes":"","jetpack_publicize_message":"","jetpack_publicize_feature_enabled":true,"jetpack_social_post_already_shared":true,"jetpack_social_options":{"image_generator_settings":{"template":"highway","default_image_id":0,"font":"","enabled":false},"version":2}},"categories":[21,14],"tags":[22,45],"class_list":["post-49010","post","type-post","status-publish","format-standard","has-post-thumbnail","hentry","category-aguascalientes","category-jesus-maria-aguascalientes","tag-aguascalientes","tag-jesus-maria-aguascalientes"],"jetpack_publicize_connections":[],"jetpack_featured_media_url":"https:\/\/i0.wp.com\/informativoelvalledeaguascalientes.online\/wp-content\/uploads\/2023\/09\/bcf0b63e-d060-4bd2-b545-7230f7bf619d.jpg?fit=1291%2C860&ssl=1","jetpack-related-posts":[],"jetpack_sharing_enabled":true,"jetpack_likes_enabled":true,"_links":{"self":[{"href":"https:\/\/informativoelvalledeaguascalientes.online\/index.php?rest_route=\/wp\/v2\/posts\/49010","targetHints":{"allow":["GET"]}}],"collection":[{"href":"https:\/\/informativoelvalledeaguascalientes.online\/index.php?rest_route=\/wp\/v2\/posts"}],"about":[{"href":"https:\/\/informativoelvalledeaguascalientes.online\/index.php?rest_route=\/wp\/v2\/types\/post"}],"author":[{"embeddable":true,"href":"https:\/\/informativoelvalledeaguascalientes.online\/index.php?rest_route=\/wp\/v2\/users\/1"}],"replies":[{"embeddable":true,"href":"https:\/\/informativoelvalledeaguascalientes.online\/index.php?rest_route=%2Fwp%2Fv2%2Fcomments&post=49010"}],"version-history":[{"count":1,"href":"https:\/\/informativoelvalledeaguascalientes.online\/index.php?rest_route=\/wp\/v2\/posts\/49010\/revisions"}],"predecessor-version":[{"id":49012,"href":"https:\/\/informativoelvalledeaguascalientes.online\/index.php?rest_route=\/wp\/v2\/posts\/49010\/revisions\/49012"}],"wp:featuredmedia":[{"embeddable":true,"href":"https:\/\/informativoelvalledeaguascalientes.online\/index.php?rest_route=\/wp\/v2\/media\/49011"}],"wp:attachment":[{"href":"https:\/\/informativoelvalledeaguascalientes.online\/index.php?rest_route=%2Fwp%2Fv2%2Fmedia&parent=49010"}],"wp:term":[{"taxonomy":"category","embeddable":true,"href":"https:\/\/informativoelvalledeaguascalientes.online\/index.php?rest_route=%2Fwp%2Fv2%2Fcategories&post=49010"},{"taxonomy":"post_tag","embeddable":true,"href":"https:\/\/informativoelvalledeaguascalientes.online\/index.php?rest_route=%2Fwp%2Fv2%2Ftags&post=49010"}],"curies":[{"name":"wp","href":"https:\/\/api.w.org\/{rel}","templated":true}]}}