{"id":49007,"date":"2023-09-13T20:25:58","date_gmt":"2023-09-14T02:25:58","guid":{"rendered":"https:\/\/informativoelvalledeaguascalientes.online\/?p=49007"},"modified":"2023-09-13T20:25:58","modified_gmt":"2023-09-14T02:25:58","slug":"congresistas-de-ags-analizan-iniciativa-para-prvenir-y-sancionar-la-tortura","status":"publish","type":"post","link":"https:\/\/informativoelvalledeaguascalientes.online\/?p=49007","title":{"rendered":"CONGRESISTAS DE AGS. ANALIZAN INICIATIVA PARA PRVENIR Y SANCIONAR LA TORTURA"},"content":{"rendered":"<p><strong><a href=\"https:\/\/www.facebook.com\/hashtag\/informativoelvalledeaguascalientes\">#informativoelvalledeaguascalientes<\/a><\/strong><\/p>\n<p><strong><a href=\"https:\/\/www.facebook.com\/hashtag\/novaradioaguascalientes\">#novaradioaguascalientes<\/a><\/strong><\/p>\n<p>&nbsp;<\/p>\n<p>&nbsp;<\/p>\n<p>Con el prop\u00f3sito de que la entidad cuente con un marco normativo que prevenga y sancione el delito de tortura, la Comisi\u00f3n de Derechos Humanos de la LXV Legislatura del Congreso de Aguascalientes que preside la diputada Leslie Figueroa Trevi\u00f1o, encabez\u00f3 una mesa de an\u00e1lisis de manera conjunta con diversas autoridades, sobre la iniciativa por la que se crea la Ley para Prevenir, Investigar y Sancionar la Tortura y Otros Tratos o Penas Crueles, Inhumanos o Degradantes del Estado de Aguascalientes.<\/p>\n<p>&nbsp;<\/p>\n<p>En el encuentro que tuvo verificativo en el Vest\u00edbulo de Palacio Legislativo, participaron Yessica P\u00e9rez Carre\u00f3n, presidenta de la Comisi\u00f3n Estatal de Derechos Humanos del Estado de Aguascalientes; Enrique Ruelas Garc\u00eda, representante de la Secretar\u00eda General de Gobierno; Arist\u00f3teles Agust\u00edn Gonz\u00e1lez Velasco, Juez del Supremo Tribunal de Justicia del Estado, entre otros especialistas.<\/p>\n<p>&nbsp;<\/p>\n<p>Durante la reuni\u00f3n de trabajo, destacaron algunas observaciones que emitieron las autoridades locales, entre las que destacan, la importancia de visibilizar esta problem\u00e1tica y reflejarla en la asignaci\u00f3n presupuestal para combatirla, adem\u00e1s de fortalecer las \u00e1reas gubernamentales y civiles que existen en esta materia, y crear m\u00e1s; y considerar la contrataci\u00f3n de m\u00e1s personal especializado, a la par de delimitar las competencias del Estado para atender e intervenir ante este tipo de casos.<\/p>\n<p>&nbsp;<\/p>\n<p>Al respecto, la legisladora Sanjuana Mart\u00ednez Mel\u00e9ndez, en su intervenci\u00f3n asegur\u00f3 que con este tipo de mesas se fortalecer\u00e1 el proyecto de esta iniciativa, al tiempo que se pronunci\u00f3 a favor de contar con perfiles m\u00e1s especializado y capacitados para cumplir con las funciones que requieren estas \u00e1reas.<\/p>\n<p>&nbsp;<\/p>\n<p>En este sentido, la diputada Leslie Figueroa, agradeci\u00f3 por la presentaci\u00f3n de propuestas que enriquecer\u00e1n el proyecto legislativo que ella plante\u00f3.<\/p>\n<p>&nbsp;<\/p>\n<p>&nbsp;<\/p>\n","protected":false},"excerpt":{"rendered":"<p>#informativoelvalledeaguascalientes #novaradioaguascalientes &nbsp; &nbsp; Con el prop\u00f3sito de que la entidad cuente con un marco normativo que prevenga y sancione el delito de tortura, la Comisi\u00f3n de Derechos Humanos de la LXV Legislatura del Congreso de Aguascalientes que preside la diputada Leslie Figueroa Trevi\u00f1o, encabez\u00f3 una mesa de an\u00e1lisis de manera conjunta con diversas autoridades, [&hellip;]<\/p>\n","protected":false},"author":1,"featured_media":49008,"comment_status":"closed","ping_status":"open","sticky":false,"template":"","format":"standard","meta":{"advanced_seo_description":"","jetpack_seo_html_title":"","jetpack_seo_noindex":false,"_jetpack_memberships_contains_paid_content":false,"footnotes":"","jetpack_publicize_message":"","jetpack_publicize_feature_enabled":true,"jetpack_social_post_already_shared":true,"jetpack_social_options":{"image_generator_settings":{"template":"highway","default_image_id":0,"font":"","enabled":false},"version":2}},"categories":[21,5],"tags":[22,520],"class_list":["post-49007","post","type-post","status-publish","format-standard","has-post-thumbnail","hentry","category-aguascalientes","category-h-congreso-del-estado-aguascalientes","tag-aguascalientes","tag-lxv-legislatura-aguascalientes"],"jetpack_publicize_connections":[],"jetpack_featured_media_url":"https:\/\/i0.wp.com\/informativoelvalledeaguascalientes.online\/wp-content\/uploads\/2023\/09\/DSC_2815.jpg?fit=977%2C651&ssl=1","jetpack-related-posts":[],"jetpack_sharing_enabled":true,"jetpack_likes_enabled":true,"_links":{"self":[{"href":"https:\/\/informativoelvalledeaguascalientes.online\/index.php?rest_route=\/wp\/v2\/posts\/49007","targetHints":{"allow":["GET"]}}],"collection":[{"href":"https:\/\/informativoelvalledeaguascalientes.online\/index.php?rest_route=\/wp\/v2\/posts"}],"about":[{"href":"https:\/\/informativoelvalledeaguascalientes.online\/index.php?rest_route=\/wp\/v2\/types\/post"}],"author":[{"embeddable":true,"href":"https:\/\/informativoelvalledeaguascalientes.online\/index.php?rest_route=\/wp\/v2\/users\/1"}],"replies":[{"embeddable":true,"href":"https:\/\/informativoelvalledeaguascalientes.online\/index.php?rest_route=%2Fwp%2Fv2%2Fcomments&post=49007"}],"version-history":[{"count":1,"href":"https:\/\/informativoelvalledeaguascalientes.online\/index.php?rest_route=\/wp\/v2\/posts\/49007\/revisions"}],"predecessor-version":[{"id":49009,"href":"https:\/\/informativoelvalledeaguascalientes.online\/index.php?rest_route=\/wp\/v2\/posts\/49007\/revisions\/49009"}],"wp:featuredmedia":[{"embeddable":true,"href":"https:\/\/informativoelvalledeaguascalientes.online\/index.php?rest_route=\/wp\/v2\/media\/49008"}],"wp:attachment":[{"href":"https:\/\/informativoelvalledeaguascalientes.online\/index.php?rest_route=%2Fwp%2Fv2%2Fmedia&parent=49007"}],"wp:term":[{"taxonomy":"category","embeddable":true,"href":"https:\/\/informativoelvalledeaguascalientes.online\/index.php?rest_route=%2Fwp%2Fv2%2Fcategories&post=49007"},{"taxonomy":"post_tag","embeddable":true,"href":"https:\/\/informativoelvalledeaguascalientes.online\/index.php?rest_route=%2Fwp%2Fv2%2Ftags&post=49007"}],"curies":[{"name":"wp","href":"https:\/\/api.w.org\/{rel}","templated":true}]}}