{"id":49001,"date":"2023-09-13T20:19:30","date_gmt":"2023-09-14T02:19:30","guid":{"rendered":"https:\/\/informativoelvalledeaguascalientes.online\/?p=49001"},"modified":"2023-09-13T20:19:30","modified_gmt":"2023-09-14T02:19:30","slug":"convoca-consejo-de-la-ciudad-del-municipio-de-aguascalientes-a-participar-en-el-premio-enriqueta-medellin-a-las-asociaciones-civiles-2023","status":"publish","type":"post","link":"https:\/\/informativoelvalledeaguascalientes.online\/?p=49001","title":{"rendered":"CONVOCA CONSEJO DE LA CIUDAD DEL MUNICIPIO DE AGUASCALIENTES A PARTICIPAR EN EL PREMIO ENRIQUETA MEDELL\u00cdN A LAS ASOCIACIONES CIVILES 2023"},"content":{"rendered":"<p><strong><a href=\"https:\/\/www.facebook.com\/hashtag\/informativoelvalledeaguascalientes\">#informativoelvalledeaguascalientes<\/a><\/strong><\/p>\n<p><strong><a href=\"https:\/\/www.facebook.com\/hashtag\/novaradioaguascalientes\">#novaradioaguascalientes<\/a><\/strong><\/p>\n<p><strong><a class=\"x1i10hfl xjbqb8w x6umtig x1b1mbwd xaqea5y xav7gou x9f619 x1ypdohk xt0psk2 xe8uvvx xdj266r x11i5rnm xat24cr x1mh8g0r xexx8yu x4uap5 x18d9i69 xkhd6sd x16tdsg8 x1hl2dhg xggy1nq x1a2a7pz xt0b8zv x1qq9wsj xo1l8bm\" tabindex=\"0\" role=\"link\" href=\"https:\/\/www.facebook.com\/hashtag\/laciudaddetuvida?__eep__=6&amp;__cft__[0]=AZVUzG-uzEgkHBxlWi4clX4-qXx_nfGicugdShvx3oYxvDeUIl1My5bfFXiXTmVU7O9FCNwHdVuQiVqIjO99-u7dxeUq1S3CqcB1PNpBXLQtm-Q1JLiRFFX8c4SEMe3VqRRgSs9kS8-Ajp6HnW6ebLd3GeB3j-SCsEGrTUVXz1WdbDeQs8bs0Dry33nLaV6fVU4&amp;__tn__=*NK-R\">#LaCiudadDeTuVida<\/a><\/strong><\/p>\n<p>&nbsp;<\/p>\n<ul>\n<li><strong>Se reconoce la labor de humanismo, valores y trabajo honor\u00edfico que realizan asociaciones civiles en beneficio de la ciudadan\u00eda<\/strong><\/li>\n<\/ul>\n<p>El Municipio de Aguascalientes, a trav\u00e9s del Consejo de la Ciudad, invita a participar en la convocatoria al Premio Enriqueta Medell\u00edn a las Asociaciones Civiles 2023, dirigida a las organizaciones que con sus acciones benefician a la ciudadan\u00eda.<\/p>\n<p>La titular del Secretariado de Enlace Ciudadano del Municipio de Aguascalientes,\u00a0<strong>Sylvia Garfias Cedillo,\u00a0<\/strong>destac\u00f3 que se reconocer\u00e1 la labor de las organizaciones como instituciones modelos de humanismo, valores y trabajo honor\u00edfico.<\/p>\n<p>La vicepresidenta del Consejo de la Ciudad,\u00a0<strong>Erika Mu\u00f1oz Vidrio,\u00a0<\/strong>enfatiz\u00f3 que con este premio se reconoce el legado y la ardua labor que la doctora\u00a0<strong>Enriqueta Medell\u00edn Legorreta<\/strong>\u00a0hizo durante su vida para sensibilizar a la poblaci\u00f3n sobre la importancia de cuidar el entorno.<\/p>\n<p>Al hacer uso de la voz<strong>\u00a0Netzahualc\u00f3yotl L\u00f3pez Flores,\u00a0<\/strong>integrante del Consejo de la Ciudad, indic\u00f3 que el periodo de recepci\u00f3n de las postulaciones ser\u00e1 del mi\u00e9rcoles 13 al viernes 29 de septiembre de 2023. Los documentos deber\u00e1n de entregarse impresos o en memoria USB en las oficinas del Secretariado de Enlace Ciudadano, ubicadas en andador Jos\u00e9 Mar\u00eda Ch\u00e1vez #105, 3er Piso, zona centro, tel\u00e9fono 449 918 1506, de lunes a viernes, de 9:00 a 14:00 horas. V\u00eda digital se podr\u00e1n enviar durante las 24 horas del d\u00eda al correo\u00a0<a href=\"mailto:enlaceciudadano@gmail.com\">enlaceciudadano@gmail.com<\/a>.<\/p>\n<p>Por su parte,<strong>\u00a0Ra\u00fal Gonz\u00e1lez Alonso<\/strong>, presidente del Consejo Coordinador Empresarial e integrante del Consejo de la Ciudad, explic\u00f3 que se podr\u00e1 participar en las categor\u00edas:<\/p>\n<ul>\n<li>Medio Ambiente<\/li>\n<li>Artes<\/li>\n<li>Mujeres<\/li>\n<li>Desarrollo Econ\u00f3mico<\/li>\n<li>Salud<\/li>\n<li>Inclusi\u00f3n<\/li>\n<li>Juventud<\/li>\n<li>Categor\u00eda especial por Trayectoria de Vida<\/li>\n<\/ul>\n<p>Destacaron que es importante que las asociaciones civiles cuenten con domicilio en el municipio de Aguascalientes y que acrediten un trabajo previo a la presente convocatoria de por lo menos dos a\u00f1os.<\/p>\n<p>Sylvia Garfias puntualiz\u00f3 que la ceremonia de premiaci\u00f3n se llevar\u00e1 a cabo como parte de las actividades por el Aniversario de la Fundaci\u00f3n de la Ciudad el jueves 19 de octubre de 2023 a las 19:00 horas, en la sede que el Consejo determine.<\/p>\n<p>La Convocatoria se puede consultar en redes sociales y en la p\u00e1gina de internet del Municipio de Aguascalientes\u00a0<a href=\"http:\/\/www.ags.gob.mx\/\">www.ags.gob.mx<\/a><\/p>\n<p>Se cont\u00f3 con la participaci\u00f3n en la rueda de prensa de presentaci\u00f3n efectuada en sal\u00f3n Cabildo de Palacio Municipal de integrantes del Consejo de la Ciudad:\u00a0<strong>Diana Lizeth P\u00e9rez Negrete, Edgar Buss\u00f3n Carrillo, Jos\u00e9 Epigmenio \u00c1lvarez Fern\u00e1ndez, Oscar Fernando Garc\u00eda Bernal, Martha Laura Dur\u00e1n Zaragoza, as\u00ed como Yahel Riveroll Vel\u00e1zquez.<\/strong><\/p>\n","protected":false},"excerpt":{"rendered":"<p>#informativoelvalledeaguascalientes #novaradioaguascalientes #LaCiudadDeTuVida &nbsp; Se reconoce la labor de humanismo, valores y trabajo honor\u00edfico que realizan asociaciones civiles en beneficio de la ciudadan\u00eda El Municipio de Aguascalientes, a trav\u00e9s del Consejo de la Ciudad, invita a participar en la convocatoria al Premio Enriqueta Medell\u00edn a las Asociaciones Civiles 2023, dirigida a las organizaciones que con [&hellip;]<\/p>\n","protected":false},"author":1,"featured_media":49002,"comment_status":"closed","ping_status":"open","sticky":false,"template":"","format":"standard","meta":{"advanced_seo_description":"","jetpack_seo_html_title":"","jetpack_seo_noindex":false,"_jetpack_memberships_contains_paid_content":false,"footnotes":"","jetpack_publicize_message":"","jetpack_publicize_feature_enabled":true,"jetpack_social_post_already_shared":true,"jetpack_social_options":{"image_generator_settings":{"template":"highway","default_image_id":0,"font":"","enabled":false},"version":2}},"categories":[21,3],"tags":[22,25,486],"class_list":["post-49001","post","type-post","status-publish","format-standard","has-post-thumbnail","hentry","category-aguascalientes","category-municipio-aguascalientes","tag-aguascalientes","tag-mpio-aguascalientes","tag-mpio-aguascalientes-secretariado-de-enlace-ciudadano"],"jetpack_publicize_connections":[],"jetpack_featured_media_url":"https:\/\/i0.wp.com\/informativoelvalledeaguascalientes.online\/wp-content\/uploads\/2023\/09\/mpio-premio-convocatoria.jpg?fit=1620%2C1080&ssl=1","jetpack-related-posts":[],"jetpack_sharing_enabled":true,"jetpack_likes_enabled":true,"_links":{"self":[{"href":"https:\/\/informativoelvalledeaguascalientes.online\/index.php?rest_route=\/wp\/v2\/posts\/49001","targetHints":{"allow":["GET"]}}],"collection":[{"href":"https:\/\/informativoelvalledeaguascalientes.online\/index.php?rest_route=\/wp\/v2\/posts"}],"about":[{"href":"https:\/\/informativoelvalledeaguascalientes.online\/index.php?rest_route=\/wp\/v2\/types\/post"}],"author":[{"embeddable":true,"href":"https:\/\/informativoelvalledeaguascalientes.online\/index.php?rest_route=\/wp\/v2\/users\/1"}],"replies":[{"embeddable":true,"href":"https:\/\/informativoelvalledeaguascalientes.online\/index.php?rest_route=%2Fwp%2Fv2%2Fcomments&post=49001"}],"version-history":[{"count":1,"href":"https:\/\/informativoelvalledeaguascalientes.online\/index.php?rest_route=\/wp\/v2\/posts\/49001\/revisions"}],"predecessor-version":[{"id":49003,"href":"https:\/\/informativoelvalledeaguascalientes.online\/index.php?rest_route=\/wp\/v2\/posts\/49001\/revisions\/49003"}],"wp:featuredmedia":[{"embeddable":true,"href":"https:\/\/informativoelvalledeaguascalientes.online\/index.php?rest_route=\/wp\/v2\/media\/49002"}],"wp:attachment":[{"href":"https:\/\/informativoelvalledeaguascalientes.online\/index.php?rest_route=%2Fwp%2Fv2%2Fmedia&parent=49001"}],"wp:term":[{"taxonomy":"category","embeddable":true,"href":"https:\/\/informativoelvalledeaguascalientes.online\/index.php?rest_route=%2Fwp%2Fv2%2Fcategories&post=49001"},{"taxonomy":"post_tag","embeddable":true,"href":"https:\/\/informativoelvalledeaguascalientes.online\/index.php?rest_route=%2Fwp%2Fv2%2Ftags&post=49001"}],"curies":[{"name":"wp","href":"https:\/\/api.w.org\/{rel}","templated":true}]}}