{"id":48998,"date":"2023-09-13T20:15:38","date_gmt":"2023-09-14T02:15:38","guid":{"rendered":"https:\/\/informativoelvalledeaguascalientes.online\/?p=48998"},"modified":"2023-09-13T20:15:38","modified_gmt":"2023-09-14T02:15:38","slug":"rescatistas-de-aguascalientes-se-suman-a-labores-de-busqueda-en-marruecos","status":"publish","type":"post","link":"https:\/\/informativoelvalledeaguascalientes.online\/?p=48998","title":{"rendered":"RESCATISTAS DE AGUASCALIENTES SE SUMAN A LABORES DE B\u00daSQUEDA EN MARRUECOS"},"content":{"rendered":"<p><strong><a href=\"https:\/\/www.facebook.com\/hashtag\/informativoelvalledeaguascalientes\">#informativoelvalledeaguascalientes<\/a><\/strong><\/p>\n<p><strong><a href=\"https:\/\/www.facebook.com\/hashtag\/novaradioaguascalientes\">#novaradioaguascalientes<\/a><\/strong><\/p>\n<p><strong><a class=\"x1i10hfl xjbqb8w x6umtig x1b1mbwd xaqea5y xav7gou x9f619 x1ypdohk xt0psk2 xe8uvvx xdj266r x11i5rnm xat24cr x1mh8g0r xexx8yu x4uap5 x18d9i69 xkhd6sd x16tdsg8 x1hl2dhg xggy1nq x1a2a7pz xt0b8zv x1qq9wsj xo1l8bm\" tabindex=\"0\" role=\"link\" href=\"https:\/\/www.facebook.com\/hashtag\/laciudaddetuvida?__eep__=6&amp;__cft__[0]=AZVUzG-uzEgkHBxlWi4clX4-qXx_nfGicugdShvx3oYxvDeUIl1My5bfFXiXTmVU7O9FCNwHdVuQiVqIjO99-u7dxeUq1S3CqcB1PNpBXLQtm-Q1JLiRFFX8c4SEMe3VqRRgSs9kS8-Ajp6HnW6ebLd3GeB3j-SCsEGrTUVXz1WdbDeQs8bs0Dry33nLaV6fVU4&amp;__tn__=*NK-R\">#LaCiudadDeTuVida<\/a><\/strong><\/p>\n<p>&nbsp;<\/p>\n<ul>\n<li><strong><em>Esto luego del devastador terremoto que se registr\u00f3 en ese pa\u00eds y que dej\u00f3 a miles de damnificados y edificaciones colapsadas<\/em><\/strong><\/li>\n<\/ul>\n<p>&nbsp;<\/p>\n<p>En un esfuerzo por apoyar las labores humanitarias de b\u00fasqueda y rescate que se realizan en Marruecos, la gobernadora\u00a0<strong>Tere Jim\u00e9nez<\/strong>\u00a0y el presidente municipal de Aguascalientes,\u00a0<strong>Leo Monta\u00f1ez<\/strong>, enviaron un equipo conformado por siete rescatistas de la Coordinaci\u00f3n Municipal de Protecci\u00f3n Civil y el perro Ruger para sumarse a los trabajos que se realizan en ese pa\u00eds, luego del devastador terremoto que se registr\u00f3 el pasado 9 de septiembre.<\/p>\n<p>&nbsp;<\/p>\n<p>La gobernadora de Aguascalientes consider\u00f3 vital que los rescatistas participen lo antes posible para apoyar a las personas que necesitan la pronta intervenci\u00f3n en un momento cr\u00edtico y en el que se requiere\u00a0 solidaridad por las v\u00edctimas del terremoto.<\/p>\n<p>&nbsp;<\/p>\n<p>El equipo se integra por el comandante\u00a0<strong>Juan Refugio S\u00e1nchez Moreno<\/strong>\u00a0y su binomio canino\u00a0<strong>Ruger<\/strong>, un pastor alem\u00e1n de l\u00ednea checa; el comandante\u00a0<strong>Miguel Murillo de la Rosa<\/strong>; el comandante G<strong>erardo Medina Zepeda<\/strong>; el comandante\u00a0<strong>Manuel Alejandro Colis Guerrero<\/strong>; el bombero param\u00e9dico\u00a0<strong>Jonathan Morales Rodr\u00edguez<\/strong>, y los bomberos rescatistas,\u00a0<strong>Alejandro Ceballos<\/strong>\u00a0y\u00a0<strong>Fernando Casta\u00f1eda<\/strong>.<\/p>\n<p>&nbsp;<\/p>\n<p>Al respecto, el coordinador municipal de Protecci\u00f3n Civil,\u00a0<strong>Jos\u00e9 Gabino V\u00e1zquez Vega<\/strong>, dijo que a su llegada se les asignar\u00e1n las tareas y la zona de intervenci\u00f3n, en donde realizar\u00e1n labores de b\u00fasqueda y rescate para contribuir en los esfuerzos con las autoridades marroqu\u00edes, adem\u00e1s de trabajar en estrecha colaboraci\u00f3n con rescatistas de otras partes del mundo.<\/p>\n<p>&nbsp;<\/p>\n<p>Coment\u00f3 que los rescatistas viajar\u00e1n de Aguascalientes a la Ciudad de M\u00e9xico, donde abordar\u00e1n un avi\u00f3n que har\u00e1 escala en Francia, para finalmente arribar a Marruecos.<\/p>\n<p>&nbsp;<\/p>\n<p>Record\u00f3 que el pasado 9 de septiembre se registr\u00f3 un sismo de magnitud 6.8 en varias ciudades de Marruecos que dej\u00f3 miles de damnificados, personas atrapadas y edificios colapsados.<\/p>\n<p>&nbsp;<\/p>\n<p>Cabe hacer menci\u00f3n que los rescatistas que se dirigen a Marruecos, son los mismos que hace unos meses colaboraron en las labores de rescate tras el terremoto que se suscit\u00f3 en la ciudad de Malatya, Turqu\u00eda.<\/p>\n<p>&nbsp;<\/p>\n","protected":false},"excerpt":{"rendered":"<p>#informativoelvalledeaguascalientes #novaradioaguascalientes #LaCiudadDeTuVida &nbsp; Esto luego del devastador terremoto que se registr\u00f3 en ese pa\u00eds y que dej\u00f3 a miles de damnificados y edificaciones colapsadas &nbsp; En un esfuerzo por apoyar las labores humanitarias de b\u00fasqueda y rescate que se realizan en Marruecos, la gobernadora\u00a0Tere Jim\u00e9nez\u00a0y el presidente municipal de Aguascalientes,\u00a0Leo Monta\u00f1ez, enviaron un equipo [&hellip;]<\/p>\n","protected":false},"author":1,"featured_media":48999,"comment_status":"closed","ping_status":"open","sticky":false,"template":"","format":"standard","meta":{"advanced_seo_description":"","jetpack_seo_html_title":"","jetpack_seo_noindex":false,"_jetpack_memberships_contains_paid_content":false,"footnotes":"","jetpack_publicize_message":"","jetpack_publicize_feature_enabled":true,"jetpack_social_post_already_shared":true,"jetpack_social_options":{"image_generator_settings":{"template":"highway","default_image_id":0,"font":"","enabled":false},"version":2}},"categories":[21,3],"tags":[22,25,336],"class_list":["post-48998","post","type-post","status-publish","format-standard","has-post-thumbnail","hentry","category-aguascalientes","category-municipio-aguascalientes","tag-aguascalientes","tag-mpio-aguascalientes","tag-mpio-aguascalientes-coordinacion-municipal-de-proteccion-civil"],"jetpack_publicize_connections":[],"jetpack_featured_media_url":"https:\/\/i0.wp.com\/informativoelvalledeaguascalientes.online\/wp-content\/uploads\/2023\/09\/mpio-ags-marruecos.jpg?fit=2560%2C1696&ssl=1","jetpack-related-posts":[],"jetpack_sharing_enabled":true,"jetpack_likes_enabled":true,"_links":{"self":[{"href":"https:\/\/informativoelvalledeaguascalientes.online\/index.php?rest_route=\/wp\/v2\/posts\/48998","targetHints":{"allow":["GET"]}}],"collection":[{"href":"https:\/\/informativoelvalledeaguascalientes.online\/index.php?rest_route=\/wp\/v2\/posts"}],"about":[{"href":"https:\/\/informativoelvalledeaguascalientes.online\/index.php?rest_route=\/wp\/v2\/types\/post"}],"author":[{"embeddable":true,"href":"https:\/\/informativoelvalledeaguascalientes.online\/index.php?rest_route=\/wp\/v2\/users\/1"}],"replies":[{"embeddable":true,"href":"https:\/\/informativoelvalledeaguascalientes.online\/index.php?rest_route=%2Fwp%2Fv2%2Fcomments&post=48998"}],"version-history":[{"count":1,"href":"https:\/\/informativoelvalledeaguascalientes.online\/index.php?rest_route=\/wp\/v2\/posts\/48998\/revisions"}],"predecessor-version":[{"id":49000,"href":"https:\/\/informativoelvalledeaguascalientes.online\/index.php?rest_route=\/wp\/v2\/posts\/48998\/revisions\/49000"}],"wp:featuredmedia":[{"embeddable":true,"href":"https:\/\/informativoelvalledeaguascalientes.online\/index.php?rest_route=\/wp\/v2\/media\/48999"}],"wp:attachment":[{"href":"https:\/\/informativoelvalledeaguascalientes.online\/index.php?rest_route=%2Fwp%2Fv2%2Fmedia&parent=48998"}],"wp:term":[{"taxonomy":"category","embeddable":true,"href":"https:\/\/informativoelvalledeaguascalientes.online\/index.php?rest_route=%2Fwp%2Fv2%2Fcategories&post=48998"},{"taxonomy":"post_tag","embeddable":true,"href":"https:\/\/informativoelvalledeaguascalientes.online\/index.php?rest_route=%2Fwp%2Fv2%2Ftags&post=48998"}],"curies":[{"name":"wp","href":"https:\/\/api.w.org\/{rel}","templated":true}]}}