{"id":48983,"date":"2023-09-13T19:46:59","date_gmt":"2023-09-14T01:46:59","guid":{"rendered":"https:\/\/informativoelvalledeaguascalientes.online\/?p=48983"},"modified":"2023-09-13T19:46:59","modified_gmt":"2023-09-14T01:46:59","slug":"regresa-de-manera-hibrida-el-iii-coloquio-internacional-de-arte-imagen-y-sonido-de-la-uaa","status":"publish","type":"post","link":"https:\/\/informativoelvalledeaguascalientes.online\/?p=48983","title":{"rendered":"Regresa de manera h\u00edbrida el III Coloquio Internacional de Arte Imagen y Sonido de la UAA"},"content":{"rendered":"<p><strong><a href=\"https:\/\/www.facebook.com\/hashtag\/informativoelvalledeaguascalientes\">#informativoelvalledeaguascalientes<\/a><\/strong><\/p>\n<p><strong><a href=\"https:\/\/www.facebook.com\/hashtag\/novaradioaguascalientes\">#novaradioaguascalientes<\/a><\/strong><\/p>\n<p>&nbsp;<\/p>\n<p><strong>\u00a0<\/strong><\/p>\n<ul>\n<li>Se contar\u00e1 con la presencia de ponentes reconocidos provenientes de los estados de Zacatecas, Guadalajara, Morelos, Puebla, Ciudad de M\u00e9xico; as\u00ed como de Espa\u00f1a y Brasil.<\/li>\n<\/ul>\n<p>&nbsp;<\/p>\n<p>En rueda de prensa, autoridades de la Universidad Aut\u00f3noma de Aguascalientes anunciaron que, luego de 2 a\u00f1os, del 19 al 22 de septiembre regresa de manera h\u00edbrida el Coloquio Internacional de Arte Imagen y Sonido en su tercera edici\u00f3n. El evento se conforma por un programa que incluye conferencias, mesas de trabajo y presentaciones de libro a cargo de destacados artistas provenientes de Espa\u00f1a, Brasil, as\u00ed como diversas entidades de la rep\u00fablica mexicana.<\/p>\n<p>&nbsp;<\/p>\n<p>Al encabezar este encuentro con los medios de comunicaci\u00f3n, la Dra. Blanca Elena Sanz Martin, decana del Centro de las Artes y la Cultura (CAC) se\u00f1al\u00f3 que este coloquio es una oportunidad para generar sinergias entre diversas l\u00edneas de investigaci\u00f3n, as\u00ed como adquirir o fortalecer nuevos conocimientos en t\u00f3picos relacionados con las \u00e1reas de la fotograf\u00eda, la cr\u00f3nica, el cine, el estudio de los cuerpos y la afectividad; as\u00ed como lectura, estudios de g\u00e9nero desde el arte y oralidad, s\u00f3lo por mencionar algunos.<\/p>\n<p>&nbsp;<\/p>\n<p>Por su parte, la Dra. Raquel Mercado Salas, coordinadora de la revista institucional \u201cArte, Imagen y Sonido\u201d, al igual que representante del Cuerpo Acad\u00e9mico en Estudios y Producci\u00f3n del Arte, Imagen y Sonido, resalt\u00f3 la importancia de generar conocimiento de acceso abierto entre la comunidad estudiantil y la sociedad en general, para que con ello, la producci\u00f3n art\u00edstica logre un mejor alcance.<\/p>\n<p>&nbsp;<\/p>\n<p>En su momento, el Dr. Armando Andrade Zamarripa, secretario de Investigaci\u00f3n y Posgrado del CAC, declar\u00f3 que la edici\u00f3n anterior del Coloquio Internacional de Arte Imagen y Sonido, realizado en 2021 de manera virtual, se obtuvo un alcance de alrededor de 1 mil personas. Adem\u00e1s, apunt\u00f3 que el v\u00ednculo directo con ponentes internacionales as\u00ed como la virtualidad, permiten la participaci\u00f3n de otros artistas no solo de la regi\u00f3n, sino tambi\u00e9n de otros estados e incluso pa\u00edses, que enriquecen el conocimiento de los asistentes.<\/p>\n<p><u>\u00a0<\/u><\/p>\n<p>El III Coloquio Internacional de Arte Imagen y Sonido de la UAA contar\u00e1 con cuatro conferencias magistrales, para el 19 de septiembre, la sociedad podr\u00e1 ser parte de \u201cSubjetividades desplazadas\u201d, impartida por la Dra. Rosa Mar\u00eda Blanca Cedillo de la Universidad de Santa Mar\u00eda en Brasil, as\u00ed como \u201cLa revoluci\u00f3n de las im\u00e1genes\u201d a cargo de Minerva Cuevas de la Universidad Nacional Aut\u00f3noma de M\u00e9xico (UNAM), artista reconocida por la realizaci\u00f3n de proyectos de arte a partir de la investigaci\u00f3n social y pr\u00e1cticas multidisciplinarias.<\/p>\n<p>&nbsp;<\/p>\n<p>Para el 21 de septiembre, ser\u00e1 el poeta mexicano Rojo C\u00f3rdova quien ofrezca la primer ponencia magistral \u201cLeer con los o\u00eddos, leer con los ojos, leer generando nosotrosidad\u201d, al igual que \u201cEl archivo como acontecimiento: investigaci\u00f3n art\u00edstica y pr\u00e1ctica documental\u201d que ser\u00e1 dictada por el cineasta, escritor y artista mexicano Pablo Mart\u00ednez Z\u00e1rate.<\/p>\n<p>&nbsp;<\/p>\n<p>Las actividades del coloquio podr\u00e1n ser vistas a trav\u00e9s del Facebook oficial: Coloquio Ais, para mayores detalles del programa se recomienda visitar <a href=\"http:\/\/www.uaa.mx\/portal\/wp-content\/uploads\/2023\/09\/Programa-3er.-Coloquio-AIS.pdf\">http:\/\/www.uaa.mx\/portal\/wp-content\/uploads\/2023\/09\/Programa-3er.-Coloquio-AIS.pdf<\/a>.<\/p>\n<p>&nbsp;<\/p>\n","protected":false},"excerpt":{"rendered":"<p>#informativoelvalledeaguascalientes #novaradioaguascalientes &nbsp; \u00a0 Se contar\u00e1 con la presencia de ponentes reconocidos provenientes de los estados de Zacatecas, Guadalajara, Morelos, Puebla, Ciudad de M\u00e9xico; as\u00ed como de Espa\u00f1a y Brasil. &nbsp; En rueda de prensa, autoridades de la Universidad Aut\u00f3noma de Aguascalientes anunciaron que, luego de 2 a\u00f1os, del 19 al 22 de septiembre regresa [&hellip;]<\/p>\n","protected":false},"author":1,"featured_media":48984,"comment_status":"closed","ping_status":"open","sticky":false,"template":"","format":"standard","meta":{"advanced_seo_description":"","jetpack_seo_html_title":"","jetpack_seo_noindex":false,"_jetpack_memberships_contains_paid_content":false,"footnotes":"","jetpack_publicize_message":"","jetpack_publicize_feature_enabled":true,"jetpack_social_post_already_shared":true,"jetpack_social_options":{"image_generator_settings":{"template":"highway","default_image_id":0,"font":"","enabled":false},"version":2}},"categories":[21,629],"tags":[22,142],"class_list":["post-48983","post","type-post","status-publish","format-standard","has-post-thumbnail","hentry","category-aguascalientes","category-universidad-autonoma-de-aguascalientes","tag-aguascalientes","tag-uaa"],"jetpack_publicize_connections":[],"jetpack_featured_media_url":"https:\/\/i0.wp.com\/informativoelvalledeaguascalientes.online\/wp-content\/uploads\/2023\/09\/uaa-13092023.jpg?fit=977%2C651&ssl=1","jetpack-related-posts":[],"jetpack_sharing_enabled":true,"jetpack_likes_enabled":true,"_links":{"self":[{"href":"https:\/\/informativoelvalledeaguascalientes.online\/index.php?rest_route=\/wp\/v2\/posts\/48983","targetHints":{"allow":["GET"]}}],"collection":[{"href":"https:\/\/informativoelvalledeaguascalientes.online\/index.php?rest_route=\/wp\/v2\/posts"}],"about":[{"href":"https:\/\/informativoelvalledeaguascalientes.online\/index.php?rest_route=\/wp\/v2\/types\/post"}],"author":[{"embeddable":true,"href":"https:\/\/informativoelvalledeaguascalientes.online\/index.php?rest_route=\/wp\/v2\/users\/1"}],"replies":[{"embeddable":true,"href":"https:\/\/informativoelvalledeaguascalientes.online\/index.php?rest_route=%2Fwp%2Fv2%2Fcomments&post=48983"}],"version-history":[{"count":1,"href":"https:\/\/informativoelvalledeaguascalientes.online\/index.php?rest_route=\/wp\/v2\/posts\/48983\/revisions"}],"predecessor-version":[{"id":48985,"href":"https:\/\/informativoelvalledeaguascalientes.online\/index.php?rest_route=\/wp\/v2\/posts\/48983\/revisions\/48985"}],"wp:featuredmedia":[{"embeddable":true,"href":"https:\/\/informativoelvalledeaguascalientes.online\/index.php?rest_route=\/wp\/v2\/media\/48984"}],"wp:attachment":[{"href":"https:\/\/informativoelvalledeaguascalientes.online\/index.php?rest_route=%2Fwp%2Fv2%2Fmedia&parent=48983"}],"wp:term":[{"taxonomy":"category","embeddable":true,"href":"https:\/\/informativoelvalledeaguascalientes.online\/index.php?rest_route=%2Fwp%2Fv2%2Fcategories&post=48983"},{"taxonomy":"post_tag","embeddable":true,"href":"https:\/\/informativoelvalledeaguascalientes.online\/index.php?rest_route=%2Fwp%2Fv2%2Ftags&post=48983"}],"curies":[{"name":"wp","href":"https:\/\/api.w.org\/{rel}","templated":true}]}}