{"id":48968,"date":"2023-09-11T22:12:59","date_gmt":"2023-09-12T04:12:59","guid":{"rendered":"https:\/\/informativoelvalledeaguascalientes.online\/?p=48968"},"modified":"2023-09-11T22:12:59","modified_gmt":"2023-09-12T04:12:59","slug":"encabeza-tere-jimenez-graduacion-de-la-primera-generacion-de-policias-de-la-unpol","status":"publish","type":"post","link":"https:\/\/informativoelvalledeaguascalientes.online\/?p=48968","title":{"rendered":"ENCABEZA TERE JIM\u00c9NEZ GRADUACI\u00d3N DE LA PRIMERA GENERACI\u00d3N DE POLIC\u00cdAS DE LA UNPOL"},"content":{"rendered":"<p><strong><a href=\"https:\/\/www.facebook.com\/hashtag\/informativoelvalledeaguascalientes\">#informativoelvalledeaguascalientes<\/a><\/strong><\/p>\n<p><strong><a href=\"https:\/\/www.facebook.com\/hashtag\/novaradioaguascalientes\">#novaradioaguascalientes<\/a><\/strong><\/p>\n<p><strong><a href=\"https:\/\/www.facebook.com\/GobiernodeAguascalientes\">#ElGiganteDeMexico<\/a><\/strong><\/p>\n<div id=\"bgLayers_comp-l7sh9ubr2\" class=\"MW5IWV\" data-hook=\"bgLayers\"><\/div>\n<div class=\"\" data-mesh-id=\"comp-l7sh9ubr2inlineContent\" data-testid=\"inline-content\">\n<div data-mesh-id=\"comp-l7sh9ubr2inlineContent-gridContainer\" data-testid=\"mesh-container-content\">\n<div id=\"comp-l7yvxqo2\" class=\"MazNVa comp-l7yvxqo2 wixui-image\">\n<div class=\"j7pOnl\" data-testid=\"linkElement\"><\/div>\n<\/div>\n<div id=\"comp-l7sh9ubx\" class=\"TWFxr5\">\n<div class=\"comp-l7sh9ubx\">\n<div class=\"siSdJK4 comp-l7sh9ubx\" data-hook=\"ricosviewer-wrapper\">\n<div class=\"U4I07\" dir=\"ltr\" data-id=\"content-viewer\">\n<div class=\"hl-xW\">\n<div>\n<p id=\"viewer-foo\" class=\"-Zro6 -ZADH vVfzz AnCKd _57WYp\"><span class=\"d0767 vVfzz\">La gobernadora de Aguascalientes, Tere Jim\u00e9nez, encabez\u00f3 la graduaci\u00f3n de 100 nuevos polic\u00edas que concluyeron su formaci\u00f3n inicial en la Universidad de la Polic\u00eda y Ciencias de la Seguridad (Unpol); los exhort\u00f3 a desempe\u00f1arse con lealtad, disciplina, honestidad, integridad y responsabilidad en su tarea de cuidar y servir a la sociedad.<\/span><\/p>\n<div id=\"viewer-2qw9g103\" class=\"-Zro6 -ZADH vVfzz _57WYp\"><span class=\"d0767 vVfzz\">\u00a0<\/span><\/div>\n<p id=\"viewer-s0ucz104\" class=\"-Zro6 -ZADH vVfzz AnCKd _57WYp\"><span class=\"d0767 vVfzz\">\u201cUstedes hoy tienen esa gran responsabilidad de cuidar a todas y todos; por eso, les doy las gracias por su fuerza, valor y entrega; pero sepan que no van a estar solos, yo los voy a acompa\u00f1ar siempre, porque unidos vamos a hacer equipo para que Aguascalientes tenga el primer lugar en seguridad p\u00fablica\u201d, les dijo la gobernadora.<\/span><\/p>\n<div id=\"viewer-n04mt106\" class=\"-Zro6 -ZADH vVfzz _57WYp\"><span class=\"d0767 vVfzz\">\u00a0<\/span><\/div>\n<p id=\"viewer-a4dcf107\" class=\"-Zro6 -ZADH vVfzz AnCKd _57WYp\"><span class=\"d0767 vVfzz\">Asimismo, reiter\u00f3 su compromiso de seguir trabajando para dignificar y profesionalizar a las corporaciones policiacas con mayor capacitaci\u00f3n, equipamiento e incentivos que les permitan desempe\u00f1ar su labor con m\u00e1s eficiencia y eficacia.<\/span><\/p>\n<div id=\"viewer-zsie7109\" class=\"-Zro6 -ZADH vVfzz _57WYp\"><span class=\"d0767 vVfzz\">\u00a0<\/span><\/div>\n<p id=\"viewer-2o1qh110\" class=\"-Zro6 -ZADH vVfzz AnCKd _57WYp\"><span class=\"d0767 vVfzz\">Por su parte, el titular de la Secretar\u00eda de Seguridad P\u00fablica del Estado, Manuel Alonso Garc\u00eda, felicit\u00f3 a los reci\u00e9n egresados y a sus familias por apoyarlos para alcanzar sus metas; pidi\u00f3 a los nuevos polic\u00edas servir con vocaci\u00f3n, disciplina y entrega para hacer de Aguascalientes el mejor estado para vivir y el que cuente con la mejor Polic\u00eda del pa\u00eds.<\/span><\/p>\n<div id=\"viewer-53zhk112\" class=\"-Zro6 -ZADH vVfzz _57WYp\"><span class=\"d0767 vVfzz\">\u00a0<\/span><\/div>\n<p id=\"viewer-t5ww3113\" class=\"-Zro6 -ZADH vVfzz AnCKd _57WYp\"><span class=\"d0767 vVfzz\">En su intervenci\u00f3n, la rectora de la Unpol, Cecilia Pacheco Rangel, dijo que gracias a la visi\u00f3n y respaldo de la gobernadora se cre\u00f3 esta universidad que hoy da sus primeros frutos, y donde los reci\u00e9n egresados adquirieron los conocimientos, habilidades y herramientas necesarias para enfrentar los desaf\u00edos y proteger el orden y la seguridad en el estado.\u00a0\u00a0\u00a0<\/span><\/p>\n<div id=\"viewer-ktjhl115\" class=\"-Zro6 -ZADH vVfzz _57WYp\"><span class=\"d0767 vVfzz\">\u00a0<\/span><\/div>\n<p id=\"viewer-nr0jw116\" class=\"-Zro6 -ZADH vVfzz AnCKd _57WYp\"><span class=\"d0767 vVfzz\">\u201cLa Universidad de la Polic\u00eda y Ciencias de la Seguridad siempre estar\u00e1 abierta para ustedes; los invito a seguir buscando oportunidades para crecer y expandir sus conocimientos, porque la excelencia en la seguridad y el servicio p\u00fablico requieren un compromiso constante con la mejora y el perfeccionamiento\u201d, les dijo.<\/span><\/p>\n<p id=\"viewer-79vie118\" class=\"-Zro6 -ZADH vVfzz _57WYp\"><span class=\"d0767 vVfzz\">\u00a0\u00a0\u00a0\u00a0\u00a0\u00a0\u00a0\u00a0\u00a0\u00a0\u00a0\u00a0\u00a0<\/span><\/p>\n<p id=\"viewer-23du8120\" class=\"-Zro6 -ZADH vVfzz AnCKd _57WYp\"><span class=\"d0767 vVfzz\">A nombre de los egresados, los nuevos polic\u00edas Jennifer Montserrat Mares Guti\u00e9rrez y Carlos Israel Garc\u00eda P\u00e9rez se comprometieron a trabajar con entusiasmo y profesionalismo por una sociedad m\u00e1s segura y justa; ser un buen ejemplo para las futuras generaciones, y colaborar en la construcci\u00f3n de un mejor Aguascalientes.<\/span><\/p>\n<div id=\"viewer-2sq8k122\" class=\"-Zro6 -ZADH vVfzz _57WYp\"><span class=\"d0767 vVfzz\">\u00a0<\/span><\/div>\n<p id=\"viewer-27ey7123\" class=\"-Zro6 -ZADH vVfzz AnCKd _57WYp\"><span class=\"d0767 vVfzz\">Durante la ceremonia, la gobernadora tom\u00f3 protesta a los 100 nuevos polic\u00edas, adem\u00e1s de que les entreg\u00f3 sus constancias y armas de cargo; asimismo, otorg\u00f3 reconocimientos especiales a los egresados que se distinguieron por su\u00a0 aprovechamiento, disciplina y tiro policial.<\/span><\/p>\n<div id=\"viewer-axco4125\" class=\"-Zro6 -ZADH vVfzz _57WYp\"><span class=\"d0767 vVfzz\">\u00a0<\/span><\/div>\n<p id=\"viewer-laetj126\" class=\"-Zro6 -ZADH vVfzz AnCKd _57WYp\"><span class=\"d0767 vVfzz\">En el evento tambi\u00e9n estuvieron presentes Aurora Jim\u00e9nez Esquivel, primera voluntaria y presidenta del DIF Estatal; la diputada local, Gladys Adriana Ram\u00edrez Aguilar; Jes\u00fas Figueroa Ortega, fiscal general del Estado; Alfredo Mart\u00ednez S\u00e1nchez, comandante del 4\u00ba Regimiento Mecanizado de la 14.a Zona Militar; David Ram\u00edrez Pi\u00f1\u00f3n, director general de la Guardia Nacional en Aguascalientes; Lorena Mart\u00ednez Rodr\u00edguez, directora general del Instituto de Educaci\u00f3n de Aguascalientes; Mauricio de la Serna Hern\u00e1ndez, secretario ejecutivo del Sistema Estatal de Seguridad P\u00fablica, y Antonio Mart\u00ednez Romo, secretario de Seguridad P\u00fablica del Municipio de Aguascalientes.\u00a0<\/span><\/p>\n<\/div>\n<\/div>\n<\/div>\n<\/div>\n<\/div>\n<\/div>\n<\/div>\n<\/div>\n","protected":false},"excerpt":{"rendered":"<p>#informativoelvalledeaguascalientes #novaradioaguascalientes #ElGiganteDeMexico La gobernadora de Aguascalientes, Tere Jim\u00e9nez, encabez\u00f3 la graduaci\u00f3n de 100 nuevos polic\u00edas que concluyeron su formaci\u00f3n inicial en la Universidad de la Polic\u00eda y Ciencias de la Seguridad (Unpol); los exhort\u00f3 a desempe\u00f1arse con lealtad, disciplina, honestidad, integridad y responsabilidad en su tarea de cuidar y servir a la sociedad. \u00a0 [&hellip;]<\/p>\n","protected":false},"author":1,"featured_media":48969,"comment_status":"closed","ping_status":"open","sticky":false,"template":"","format":"standard","meta":{"advanced_seo_description":"","jetpack_seo_html_title":"","jetpack_seo_noindex":false,"_jetpack_memberships_contains_paid_content":false,"footnotes":"","jetpack_publicize_message":"","jetpack_publicize_feature_enabled":true,"jetpack_social_post_already_shared":true,"jetpack_social_options":{"image_generator_settings":{"template":"highway","default_image_id":0,"font":"","enabled":false},"version":2}},"categories":[21,4],"tags":[22,615,122,320,671],"class_list":["post-48968","post","type-post","status-publish","format-standard","has-post-thumbnail","hentry","category-aguascalientes","category-gobierno-del-estado-aguascalientes","tag-aguascalientes","tag-gobierno-del-estado-de-aguascalientes","tag-sspe-aguascalientes","tag-tere-jimenez","tag-unpol"],"jetpack_publicize_connections":[],"jetpack_featured_media_url":"https:\/\/i0.wp.com\/informativoelvalledeaguascalientes.online\/wp-content\/uploads\/2023\/09\/UNPOL-5.JPG.jpg?fit=2400%2C1600&ssl=1","jetpack-related-posts":[],"jetpack_sharing_enabled":true,"jetpack_likes_enabled":true,"_links":{"self":[{"href":"https:\/\/informativoelvalledeaguascalientes.online\/index.php?rest_route=\/wp\/v2\/posts\/48968","targetHints":{"allow":["GET"]}}],"collection":[{"href":"https:\/\/informativoelvalledeaguascalientes.online\/index.php?rest_route=\/wp\/v2\/posts"}],"about":[{"href":"https:\/\/informativoelvalledeaguascalientes.online\/index.php?rest_route=\/wp\/v2\/types\/post"}],"author":[{"embeddable":true,"href":"https:\/\/informativoelvalledeaguascalientes.online\/index.php?rest_route=\/wp\/v2\/users\/1"}],"replies":[{"embeddable":true,"href":"https:\/\/informativoelvalledeaguascalientes.online\/index.php?rest_route=%2Fwp%2Fv2%2Fcomments&post=48968"}],"version-history":[{"count":1,"href":"https:\/\/informativoelvalledeaguascalientes.online\/index.php?rest_route=\/wp\/v2\/posts\/48968\/revisions"}],"predecessor-version":[{"id":48970,"href":"https:\/\/informativoelvalledeaguascalientes.online\/index.php?rest_route=\/wp\/v2\/posts\/48968\/revisions\/48970"}],"wp:featuredmedia":[{"embeddable":true,"href":"https:\/\/informativoelvalledeaguascalientes.online\/index.php?rest_route=\/wp\/v2\/media\/48969"}],"wp:attachment":[{"href":"https:\/\/informativoelvalledeaguascalientes.online\/index.php?rest_route=%2Fwp%2Fv2%2Fmedia&parent=48968"}],"wp:term":[{"taxonomy":"category","embeddable":true,"href":"https:\/\/informativoelvalledeaguascalientes.online\/index.php?rest_route=%2Fwp%2Fv2%2Fcategories&post=48968"},{"taxonomy":"post_tag","embeddable":true,"href":"https:\/\/informativoelvalledeaguascalientes.online\/index.php?rest_route=%2Fwp%2Fv2%2Ftags&post=48968"}],"curies":[{"name":"wp","href":"https:\/\/api.w.org\/{rel}","templated":true}]}}