{"id":48948,"date":"2023-09-11T21:39:53","date_gmt":"2023-09-12T03:39:53","guid":{"rendered":"https:\/\/informativoelvalledeaguascalientes.online\/?p=48948"},"modified":"2023-09-11T21:39:53","modified_gmt":"2023-09-12T03:39:53","slug":"supervisa-leo-montanez-obras-de-ampliacion-de-red-de-agua-potable-en-valle-de-los-cactus","status":"publish","type":"post","link":"https:\/\/informativoelvalledeaguascalientes.online\/?p=48948","title":{"rendered":"SUPERVISA LEO MONTA\u00d1EZ OBRAS DE AMPLIACI\u00d3N DE RED DE AGUA POTABLE EN VALLE DE LOS CACTUS"},"content":{"rendered":"<p><strong><a href=\"https:\/\/www.facebook.com\/hashtag\/informativoelvalledeaguascalientes\">#informativoelvalledeaguascalientes<\/a><\/strong><\/p>\n<p><strong><a href=\"https:\/\/www.facebook.com\/hashtag\/novaradioaguascalientes\">#novaradioaguascalientes<\/a><\/strong><\/p>\n<p><strong><a class=\"x1i10hfl xjbqb8w x6umtig x1b1mbwd xaqea5y xav7gou x9f619 x1ypdohk xt0psk2 xe8uvvx xdj266r x11i5rnm xat24cr x1mh8g0r xexx8yu x4uap5 x18d9i69 xkhd6sd x16tdsg8 x1hl2dhg xggy1nq x1a2a7pz xt0b8zv x1qq9wsj xo1l8bm\" tabindex=\"0\" role=\"link\" href=\"https:\/\/www.facebook.com\/hashtag\/laciudaddetuvida?__eep__=6&amp;__cft__[0]=AZVUzG-uzEgkHBxlWi4clX4-qXx_nfGicugdShvx3oYxvDeUIl1My5bfFXiXTmVU7O9FCNwHdVuQiVqIjO99-u7dxeUq1S3CqcB1PNpBXLQtm-Q1JLiRFFX8c4SEMe3VqRRgSs9kS8-Ajp6HnW6ebLd3GeB3j-SCsEGrTUVXz1WdbDeQs8bs0Dry33nLaV6fVU4&amp;__tn__=*NK-R\">#LaCiudadDeTuVida<\/a><\/strong><\/p>\n<p>&nbsp;<\/p>\n<ul>\n<li><strong>Con la ampliaci\u00f3n de red de agua potable se beneficiar\u00e1 a 14 mil habitantes de Valle de los Cactus<\/strong>.<\/li>\n<\/ul>\n<p>La tarde de este lunes el presidente municipal,\u00a0<strong>Leo Monta\u00f1ez<\/strong>\u00a0realiz\u00f3 la supervisi\u00f3n de obra de ampliaci\u00f3n y sustituci\u00f3n de la red de agua potable, que tendr\u00e1 una inversi\u00f3n de dos millones de pesos para mejorar el servicio del vital l\u00edquido.<\/p>\n<p><strong>Leo Monta\u00f1ez<\/strong>, se\u00f1al\u00f3 que con estos trabajos se instalar\u00e1 una l\u00ednea de conducci\u00f3n de PVC hidr\u00e1ulico de 992 metros de longitud, para abarcar Andador Recinto Duraznillo, Av. Sotol hasta Paseo de la Biznaga en beneficio de 14 mil habitantes del fraccionamiento Valle de los Cactus.<\/p>\n<p>De esta forma se mejorar\u00e1 el caudal, presi\u00f3n y calidad del agua y se dar\u00e1 soluci\u00f3n a las constantes fugas en este sector.<\/p>\n<p>El director t\u00e9cnico de la Comisi\u00f3n Ciudadana de Agua Potable y Alcantarillado (CCAPAMA),\u00a0<strong>Mauricio Regalado Gonz\u00e1lez<\/strong>, detall\u00f3 que del tanque regulador 172 se conectar\u00e1 con el tanque 164, lo que permitir\u00e1 que se incremente el caudal y la distribuci\u00f3n a los domicilios.<\/p>\n","protected":false},"excerpt":{"rendered":"<p>#informativoelvalledeaguascalientes #novaradioaguascalientes #LaCiudadDeTuVida &nbsp; Con la ampliaci\u00f3n de red de agua potable se beneficiar\u00e1 a 14 mil habitantes de Valle de los Cactus. La tarde de este lunes el presidente municipal,\u00a0Leo Monta\u00f1ez\u00a0realiz\u00f3 la supervisi\u00f3n de obra de ampliaci\u00f3n y sustituci\u00f3n de la red de agua potable, que tendr\u00e1 una inversi\u00f3n de dos millones de pesos [&hellip;]<\/p>\n","protected":false},"author":1,"featured_media":48949,"comment_status":"closed","ping_status":"open","sticky":false,"template":"","format":"standard","meta":{"_monsterinsights_skip_tracking":false,"advanced_seo_description":"","jetpack_seo_html_title":"","jetpack_seo_noindex":false,"jetpack_seo_schema_type":"","_jetpack_newsletter_access":"","_jetpack_dont_email_post_to_subs":false,"_jetpack_newsletter_tier_id":0,"_jetpack_memberships_contains_paywalled_content":false,"_jetpack_feature_clip_id":0,"_jetpack_memberships_contains_paid_content":false,"footnotes":"","jetpack_publicize_message":"","jetpack_publicize_feature_enabled":true,"jetpack_social_post_already_shared":true,"jetpack_social_options":{"image_generator_settings":{"template":"highway","default_image_id":0,"font":"","enabled":false},"version":2},"jetpack_post_was_ever_published":false},"categories":[21,3],"tags":[22,25,337],"class_list":["post-48948","post","type-post","status-publish","format-standard","has-post-thumbnail","hentry","category-aguascalientes","category-municipio-aguascalientes","tag-aguascalientes","tag-mpio-aguascalientes","tag-mpio-aguascalientes-ccapama"],"jetpack_publicize_connections":[],"jetpack_featured_media_url":"https:\/\/i0.wp.com\/informativoelvalledeaguascalientes.online\/wp-content\/uploads\/2023\/09\/20230911185123_877A1783.jpg?fit=1620%2C1080&ssl=1","jetpack-related-posts":[],"jetpack_sharing_enabled":true,"jetpack_likes_enabled":true,"_links":{"self":[{"href":"https:\/\/informativoelvalledeaguascalientes.online\/index.php?rest_route=\/wp\/v2\/posts\/48948","targetHints":{"allow":["GET"]}}],"collection":[{"href":"https:\/\/informativoelvalledeaguascalientes.online\/index.php?rest_route=\/wp\/v2\/posts"}],"about":[{"href":"https:\/\/informativoelvalledeaguascalientes.online\/index.php?rest_route=\/wp\/v2\/types\/post"}],"author":[{"embeddable":true,"href":"https:\/\/informativoelvalledeaguascalientes.online\/index.php?rest_route=\/wp\/v2\/users\/1"}],"replies":[{"embeddable":true,"href":"https:\/\/informativoelvalledeaguascalientes.online\/index.php?rest_route=%2Fwp%2Fv2%2Fcomments&post=48948"}],"version-history":[{"count":1,"href":"https:\/\/informativoelvalledeaguascalientes.online\/index.php?rest_route=\/wp\/v2\/posts\/48948\/revisions"}],"predecessor-version":[{"id":48950,"href":"https:\/\/informativoelvalledeaguascalientes.online\/index.php?rest_route=\/wp\/v2\/posts\/48948\/revisions\/48950"}],"wp:featuredmedia":[{"embeddable":true,"href":"https:\/\/informativoelvalledeaguascalientes.online\/index.php?rest_route=\/wp\/v2\/media\/48949"}],"wp:attachment":[{"href":"https:\/\/informativoelvalledeaguascalientes.online\/index.php?rest_route=%2Fwp%2Fv2%2Fmedia&parent=48948"}],"wp:term":[{"taxonomy":"category","embeddable":true,"href":"https:\/\/informativoelvalledeaguascalientes.online\/index.php?rest_route=%2Fwp%2Fv2%2Fcategories&post=48948"},{"taxonomy":"post_tag","embeddable":true,"href":"https:\/\/informativoelvalledeaguascalientes.online\/index.php?rest_route=%2Fwp%2Fv2%2Ftags&post=48948"}],"curies":[{"name":"wp","href":"https:\/\/api.w.org\/{rel}","templated":true}]}}