{"id":48651,"date":"2023-08-29T14:04:25","date_gmt":"2023-08-29T20:04:25","guid":{"rendered":"https:\/\/informativoelvalledeaguascalientes.online\/?p=48651"},"modified":"2023-09-02T00:28:32","modified_gmt":"2023-09-02T06:28:32","slug":"congreso-de-aguascalientes-aprobo-dictamen-que-modifica-requisitos-para-ocupar-el-cargo-de-titular-del-organo-interno-de-control-en-los-municipios","status":"publish","type":"post","link":"https:\/\/informativoelvalledeaguascalientes.online\/?p=48651","title":{"rendered":"CONGRESO DE AGUASCALIENTES APROB\u00d3 DICTAMEN QUE MODIFICA REQUISITOS PARA OCUPAR EL CARGO DE TITULAR DEL \u00d3RGANO INTERNO DE CONTROL EN LOS MUNICIPIOS"},"content":{"rendered":"<p><strong><a href=\"https:\/\/www.facebook.com\/hashtag\/informativoelvalledeaguascalientes\">#informativoelvalledeaguascalientes<\/a><\/strong><\/p>\n<p><strong><a href=\"https:\/\/www.facebook.com\/hashtag\/novaradioaguascalientes\">#novaradioaguascalientes<\/a><\/strong><\/p>\n<p>&nbsp;<\/p>\n<p>Al efectuarse los trabajos de la Comisi\u00f3n de Fortalecimiento Municipal, Desarrollo Metropolitano y Zonas Conurbadas de la LXV Legislatura del Congreso de Aguascalientes, que preside el diputado Cuauht\u00e9moc Escobedo, de manera \u00a0conjunta con los integrantes Jos\u00e9 de Jes\u00fas Altamira, Francisco S\u00e1nchez y Arturo Pi\u00f1a; aprobaron el dictamen de la iniciativa por la que se reforma el art\u00edculo 51 Bis fracci\u00f3n V de la Ley Municipal para el Estado de Aguascalientes.<\/p>\n<p>&nbsp;<\/p>\n<p>La iniciativa que fue propuesta por el diputado Arturo Pi\u00f1a Alvarado, integrante del Grupo Parlamentario de Morena, tiene por objeto modificar el marco normativo sobre los requisitos que debe reunir la persona que aspire al cargo de titular del \u00d3rgano Interno de Control en cada uno de los once municipios, atendiendo as\u00ed el pronunciamiento de la Suprema Corte de Justicia de la Naci\u00f3n con respecto a este tipo de cargos.<\/p>\n<p>&nbsp;<\/p>\n<p>Por los razonamientos descritos, la suscrita Comisi\u00f3n que dictamina estima procedente el proyecto de decreto para quedar en los siguientes t\u00e9rminos:<\/p>\n<p>&nbsp;<\/p>\n<p>Art\u00edculo 51 Bis. \u2013 La persona titular del \u00f3rgano interno de control deber\u00e1 cumplir con los siguientes requisitos:<\/p>\n<p>&nbsp;<\/p>\n<p>IV.- Al momento de su designaci\u00f3n no haya sido condenada por alg\u00fan delito por hechos de corrupci\u00f3n, como los previstos en el C\u00f3digo Penal Federal o por delitos establecidos como tipos penales protectores de la Administraci\u00f3n P\u00fablica en el C\u00f3digo Penal para el Estado de Aguascalientes, ni por alg\u00fan otro delito doloso que se haya cometido en el ejercicio de una funci\u00f3n p\u00fablica, a no ser que haya cumplido la condena.<\/p>\n<p>&nbsp;<\/p>\n<p>V.- Al momento de su designaci\u00f3n no se encuentre inhabilitada por la comisi\u00f3n de faltas administrativas graves se\u00f1aladas por la Ley General de Responsabilidades Administrativas y la Ley de Responsabilidades Administrativas del Estado de Aguascalientes.<\/p>\n<p>&nbsp;<\/p>\n<p>Al aprobarse el dictamen, s\u00e9 envi\u00f3 a la Junta de Coordinaci\u00f3n Pol\u00edtica (JUCOPO), para su tr\u00e1mite correspondiente.<\/p>\n","protected":false},"excerpt":{"rendered":"<p>#informativoelvalledeaguascalientes #novaradioaguascalientes &nbsp; Al efectuarse los trabajos de la Comisi\u00f3n de Fortalecimiento Municipal, Desarrollo Metropolitano y Zonas Conurbadas de la LXV Legislatura del Congreso de Aguascalientes, que preside el diputado Cuauht\u00e9moc Escobedo, de manera \u00a0conjunta con los integrantes Jos\u00e9 de Jes\u00fas Altamira, Francisco S\u00e1nchez y Arturo Pi\u00f1a; aprobaron el dictamen de la iniciativa por la [&hellip;]<\/p>\n","protected":false},"author":1,"featured_media":48658,"comment_status":"closed","ping_status":"open","sticky":false,"template":"","format":"standard","meta":{"advanced_seo_description":"","jetpack_seo_html_title":"","jetpack_seo_noindex":false,"_jetpack_memberships_contains_paid_content":false,"footnotes":"","jetpack_publicize_message":"","jetpack_publicize_feature_enabled":true,"jetpack_social_post_already_shared":true,"jetpack_social_options":{"image_generator_settings":{"template":"highway","default_image_id":0,"font":"","enabled":false},"version":2}},"categories":[21,5],"tags":[22,520],"class_list":["post-48651","post","type-post","status-publish","format-standard","has-post-thumbnail","hentry","category-aguascalientes","category-h-congreso-del-estado-aguascalientes","tag-aguascalientes","tag-lxv-legislatura-aguascalientes"],"jetpack_publicize_connections":[],"jetpack_featured_media_url":"https:\/\/i0.wp.com\/informativoelvalledeaguascalientes.online\/wp-content\/uploads\/2023\/09\/DSC_9383-scaled.jpg?fit=2560%2C1706&ssl=1","jetpack-related-posts":[],"jetpack_sharing_enabled":true,"jetpack_likes_enabled":true,"_links":{"self":[{"href":"https:\/\/informativoelvalledeaguascalientes.online\/index.php?rest_route=\/wp\/v2\/posts\/48651","targetHints":{"allow":["GET"]}}],"collection":[{"href":"https:\/\/informativoelvalledeaguascalientes.online\/index.php?rest_route=\/wp\/v2\/posts"}],"about":[{"href":"https:\/\/informativoelvalledeaguascalientes.online\/index.php?rest_route=\/wp\/v2\/types\/post"}],"author":[{"embeddable":true,"href":"https:\/\/informativoelvalledeaguascalientes.online\/index.php?rest_route=\/wp\/v2\/users\/1"}],"replies":[{"embeddable":true,"href":"https:\/\/informativoelvalledeaguascalientes.online\/index.php?rest_route=%2Fwp%2Fv2%2Fcomments&post=48651"}],"version-history":[{"count":1,"href":"https:\/\/informativoelvalledeaguascalientes.online\/index.php?rest_route=\/wp\/v2\/posts\/48651\/revisions"}],"predecessor-version":[{"id":48659,"href":"https:\/\/informativoelvalledeaguascalientes.online\/index.php?rest_route=\/wp\/v2\/posts\/48651\/revisions\/48659"}],"wp:featuredmedia":[{"embeddable":true,"href":"https:\/\/informativoelvalledeaguascalientes.online\/index.php?rest_route=\/wp\/v2\/media\/48658"}],"wp:attachment":[{"href":"https:\/\/informativoelvalledeaguascalientes.online\/index.php?rest_route=%2Fwp%2Fv2%2Fmedia&parent=48651"}],"wp:term":[{"taxonomy":"category","embeddable":true,"href":"https:\/\/informativoelvalledeaguascalientes.online\/index.php?rest_route=%2Fwp%2Fv2%2Fcategories&post=48651"},{"taxonomy":"post_tag","embeddable":true,"href":"https:\/\/informativoelvalledeaguascalientes.online\/index.php?rest_route=%2Fwp%2Fv2%2Ftags&post=48651"}],"curies":[{"name":"wp","href":"https:\/\/api.w.org\/{rel}","templated":true}]}}