{"id":48582,"date":"2023-08-29T14:47:16","date_gmt":"2023-08-29T20:47:16","guid":{"rendered":"https:\/\/informativoelvalledeaguascalientes.online\/?p=48582"},"modified":"2023-08-31T14:47:41","modified_gmt":"2023-08-31T20:47:41","slug":"seguiremos-trabajando-en-la-atraccion-de-mas-inversiones-en-beneficio-del-estado-y-de-nuestra-gente-tere-jimenez","status":"publish","type":"post","link":"https:\/\/informativoelvalledeaguascalientes.online\/?p=48582","title":{"rendered":"SEGUIREMOS TRABAJANDO EN LA ATRACCI\u00d3N DE M\u00c1S INVERSIONES EN BENEFICIO DEL ESTADO Y DE NUESTRA GENTE: TERE JIM\u00c9NEZ"},"content":{"rendered":"<p><strong><a href=\"https:\/\/www.facebook.com\/hashtag\/informativoelvalledeaguascalientes\">#informativoelvalledeaguascalientes<\/a><\/strong><\/p>\n<p><strong><a href=\"https:\/\/www.facebook.com\/hashtag\/novaradioaguascalientes\">#novaradioaguascalientes<\/a><\/strong><\/p>\n<p><strong><a href=\"https:\/\/www.facebook.com\/GobiernodeAguascalientes\">#ElGiganteDeMexico<\/a><\/strong><\/p>\n<p id=\"viewer-foo\" class=\"-Zro6 -ZADH vVfzz AnCKd _57WYp\"><span class=\"d0767 vVfzz\">Al develar la placa conmemorativa de los dos nuevos edificios de la empresa Sensata en Aguascalientes, la gobernadora Tere Jim\u00e9nez agradeci\u00f3 a los inversionistas nacionales y extranjeros por la confianza que mantienen en la entidad, al tiempo que reiter\u00f3 su compromiso de trabajar en la atracci\u00f3n de m\u00e1s capitales que favorezcan el bienestar del estado y de su gente.<\/span><\/p>\n<div id=\"viewer-1vud3133\" class=\"-Zro6 -ZADH vVfzz _57WYp\"><span class=\"d0767 vVfzz\">\u00a0<\/span><\/div>\n<p id=\"viewer-l1ruw134\" class=\"-Zro6 -ZADH vVfzz AnCKd _57WYp\"><span class=\"d0767 vVfzz\">En ese sentido, hizo un reconocimiento a la labor y a las contribuciones que ha hecho Sensata al desarrollo econ\u00f3mico e industrial de la entidad. \u201cSensata ha hecho de Aguascalientes su hogar, se la ha jugado con nosotros y sigue apost\u00e1ndole al estado, por eso siempre tendr\u00e1 nuestro respaldo\u201d, sostuvo la gobernadora.<\/span><\/p>\n<div id=\"viewer-7x59p136\" class=\"-Zro6 -ZADH vVfzz _57WYp\"><span class=\"d0767 vVfzz\">\u00a0<\/span><\/div>\n<p id=\"viewer-5mj06137\" class=\"-Zro6 -ZADH vVfzz AnCKd _57WYp\"><span class=\"d0767 vVfzz\">Por su parte, Jeff Cote, CEO de Sensata, agradeci\u00f3 el apoyo del Gobierno del Estado para consolidar sus proyectos de expansi\u00f3n, como la creaci\u00f3n de estos dos nuevos edificios de su planta en Aguascalientes, que dijo, ser\u00e1n el epicentro de la excelencia en la fabricaci\u00f3n de dispositivos para electrificaci\u00f3n.<\/span><\/p>\n<div id=\"viewer-yx32t139\" class=\"-Zro6 -ZADH vVfzz _57WYp\"><span class=\"d0767 vVfzz\">\u00a0<\/span><\/div>\n<p id=\"viewer-izd4n140\" class=\"-Zro6 -ZADH vVfzz AnCKd _57WYp\"><span class=\"d0767 vVfzz\">Por su parte, Mario Morales, director general de Sensata Aguascalientes, precis\u00f3 que en estas dos nuevas naves, una de las cuales se inaugur\u00f3 a finales del a\u00f1o pasado y la otra se encuentra en proceso de construcci\u00f3n, permitir\u00e1n que Sensata alcance su objetivo de ayudar a sus clientes a proveer un mundo m\u00e1s limpio, eficiente, electrificado y conectado.<\/span><\/p>\n<div id=\"viewer-25e92142\" class=\"-Zro6 -ZADH vVfzz _57WYp\"><span class=\"d0767 vVfzz\">\u00a0<\/span><\/div>\n<p id=\"viewer-ysr4j143\" class=\"-Zro6 -ZADH vVfzz AnCKd _57WYp\"><span class=\"d0767 vVfzz\">Durante el evento tambi\u00e9n estuvieron presentes el vicepresidente mundial de Operaciones de Sensata, KJ Wong; el presidente municipal de Aguascalientes, Leonardo Monta\u00f1ez Castro; el secretario de Desarrollo Econ\u00f3mico, Ciencia y Tecnolog\u00eda, Manuel Alejandro Gonz\u00e1lez Mart\u00ednez; y Jazm\u00edn Valdez Ornelas, directora de Recursos Humanos de Sensata Aguascalientes<\/span><\/p>\n","protected":false},"excerpt":{"rendered":"<p>#informativoelvalledeaguascalientes #novaradioaguascalientes #ElGiganteDeMexico Al develar la placa conmemorativa de los dos nuevos edificios de la empresa Sensata en Aguascalientes, la gobernadora Tere Jim\u00e9nez agradeci\u00f3 a los inversionistas nacionales y extranjeros por la confianza que mantienen en la entidad, al tiempo que reiter\u00f3 su compromiso de trabajar en la atracci\u00f3n de m\u00e1s capitales que favorezcan el [&hellip;]<\/p>\n","protected":false},"author":1,"featured_media":48583,"comment_status":"closed","ping_status":"open","sticky":false,"template":"","format":"standard","meta":{"advanced_seo_description":"","jetpack_seo_html_title":"","jetpack_seo_noindex":false,"_jetpack_memberships_contains_paid_content":false,"footnotes":"","jetpack_publicize_message":"","jetpack_publicize_feature_enabled":true,"jetpack_social_post_already_shared":true,"jetpack_social_options":{"image_generator_settings":{"template":"highway","default_image_id":0,"font":"","enabled":false},"version":2}},"categories":[21,4],"tags":[22,615,610,320],"class_list":["post-48582","post","type-post","status-publish","format-standard","has-post-thumbnail","hentry","category-aguascalientes","category-gobierno-del-estado-aguascalientes","tag-aguascalientes","tag-gobierno-del-estado-de-aguascalientes","tag-sedecyt","tag-tere-jimenez"],"jetpack_publicize_connections":[],"jetpack_featured_media_url":"https:\/\/i0.wp.com\/informativoelvalledeaguascalientes.online\/wp-content\/uploads\/2023\/08\/sensata-1.JPG.jpg?fit=1920%2C1280&ssl=1","jetpack-related-posts":[],"jetpack_sharing_enabled":true,"jetpack_likes_enabled":true,"_links":{"self":[{"href":"https:\/\/informativoelvalledeaguascalientes.online\/index.php?rest_route=\/wp\/v2\/posts\/48582","targetHints":{"allow":["GET"]}}],"collection":[{"href":"https:\/\/informativoelvalledeaguascalientes.online\/index.php?rest_route=\/wp\/v2\/posts"}],"about":[{"href":"https:\/\/informativoelvalledeaguascalientes.online\/index.php?rest_route=\/wp\/v2\/types\/post"}],"author":[{"embeddable":true,"href":"https:\/\/informativoelvalledeaguascalientes.online\/index.php?rest_route=\/wp\/v2\/users\/1"}],"replies":[{"embeddable":true,"href":"https:\/\/informativoelvalledeaguascalientes.online\/index.php?rest_route=%2Fwp%2Fv2%2Fcomments&post=48582"}],"version-history":[{"count":1,"href":"https:\/\/informativoelvalledeaguascalientes.online\/index.php?rest_route=\/wp\/v2\/posts\/48582\/revisions"}],"predecessor-version":[{"id":48584,"href":"https:\/\/informativoelvalledeaguascalientes.online\/index.php?rest_route=\/wp\/v2\/posts\/48582\/revisions\/48584"}],"wp:featuredmedia":[{"embeddable":true,"href":"https:\/\/informativoelvalledeaguascalientes.online\/index.php?rest_route=\/wp\/v2\/media\/48583"}],"wp:attachment":[{"href":"https:\/\/informativoelvalledeaguascalientes.online\/index.php?rest_route=%2Fwp%2Fv2%2Fmedia&parent=48582"}],"wp:term":[{"taxonomy":"category","embeddable":true,"href":"https:\/\/informativoelvalledeaguascalientes.online\/index.php?rest_route=%2Fwp%2Fv2%2Fcategories&post=48582"},{"taxonomy":"post_tag","embeddable":true,"href":"https:\/\/informativoelvalledeaguascalientes.online\/index.php?rest_route=%2Fwp%2Fv2%2Ftags&post=48582"}],"curies":[{"name":"wp","href":"https:\/\/api.w.org\/{rel}","templated":true}]}}