{"id":48568,"date":"2023-08-28T21:46:56","date_gmt":"2023-08-29T03:46:56","guid":{"rendered":"https:\/\/informativoelvalledeaguascalientes.online\/?p=48568"},"modified":"2023-08-28T21:46:56","modified_gmt":"2023-08-29T03:46:56","slug":"el-patronato-de-la-feria-de-san-marcos-felicita-a-la-princesa-caro-arroyo","status":"publish","type":"post","link":"https:\/\/informativoelvalledeaguascalientes.online\/?p=48568","title":{"rendered":"EL PATRONATO DE LA FERIA DE SAN MARCOS FELICITA A LA PRINCESA CARO ARROYO"},"content":{"rendered":"<p><strong><a href=\"https:\/\/www.facebook.com\/hashtag\/informativoelvalledeaguascalientes\">#informativoelvalledeaguascalientes<\/a><\/strong><\/p>\n<p><strong><a href=\"https:\/\/www.facebook.com\/hashtag\/novaradioaguascalientes\">#novaradioaguascalientes<\/a><\/strong><\/p>\n<p><strong><a href=\"https:\/\/www.facebook.com\/GobiernodeAguascalientes\">#ElGiganteDeMexico<\/a><\/strong><\/p>\n<p>&nbsp;<\/p>\n<p id=\"viewer-qxtv91739\" class=\"-Zro6 -ZADH vVfzz AnCKd _57WYp\"><span class=\"d0767 vVfzz\">Carolina Arroyo D\u00edaz Mu\u00f1oz, princesa de la Feria Nacional de San Marcos 2023, recibi\u00f3 el Premio Estatal de la Juventud de este a\u00f1o en el giro de emprendimiento, lo cual es un gran logro, ya que compiti\u00f3 con otros j\u00f3venes que tambi\u00e9n presentaron proyectos atractivos.<\/span><\/p>\n<div id=\"viewer-fx2611741\" class=\"-Zro6 -ZADH vVfzz _57WYp\"><span class=\"d0767 vVfzz\">\u00a0<\/span><\/div>\n<p id=\"viewer-yb38i1742\" class=\"-Zro6 -ZADH vVfzz AnCKd _57WYp\"><span class=\"d0767 vVfzz\">Al respecto, Jos\u00e9 \u00c1ngel Gonz\u00e1lez Serna, &#8220;Paqu\u00edn&#8221;, presidente del Patronato de la Feria Nacional de San Marcos (PFNSM), expres\u00f3 su reconocimiento por tan importante logro y refiri\u00f3 que &#8220;la reina y princesas dejan en claro que adem\u00e1s de ser bellas tienen capacidad, inteligencia y preparaci\u00f3n; Caro es una muestra de esto&#8221;.<\/span><\/p>\n<div id=\"viewer-o47jc1744\" class=\"-Zro6 -ZADH vVfzz _57WYp\"><span class=\"d0767 vVfzz\">\u00a0<\/span><\/div>\n<p id=\"viewer-1gvpm1745\" class=\"-Zro6 -ZADH vVfzz AnCKd _57WYp\"><span class=\"d0767 vVfzz\">De esa manera, resalt\u00f3 que el PFNSM de alguna manera tambi\u00e9n es impulsor para que las j\u00f3venes que aspiran a ser reinas y princesas alcancen sus objetivos, adem\u00e1s se deja patente que las mujeres de Aguascalientes tienen inteligencia y capacidad.<\/span><\/p>\n<div id=\"viewer-qvbv71747\" class=\"-Zro6 -ZADH vVfzz _57WYp\"><span class=\"d0767 vVfzz\">\u00a0<\/span><\/div>\n<p id=\"viewer-uji1r1748\" class=\"-Zro6 -ZADH vVfzz AnCKd _57WYp\"><span class=\"d0767 vVfzz\">La princesa de la FNSM 2023, Caro Arroyo, puntualiz\u00f3 que el prop\u00f3sito de su vida es impulsar a los j\u00f3venes y a la poblaci\u00f3n en general a ser emprendedores.<\/span><\/p>\n<div id=\"viewer-wpmju1750\" class=\"-Zro6 -ZADH vVfzz _57WYp\"><span class=\"d0767 vVfzz\">\u00a0<\/span><\/div>\n<p id=\"viewer-e1bx81751\" class=\"-Zro6 -ZADH vVfzz AnCKd _57WYp\"><span class=\"d0767 vVfzz\">&#8220;Quiero que me recuerden por mi nombre y por lo que hice, por ser una mujer cercana a las personas que escucha y apoya&#8221;, de ah\u00ed que haber recibido el Premio Estatal de la Juventud 2023 es un paso m\u00e1s en su proyecto de vida, profesional y social.<\/span><\/p>\n","protected":false},"excerpt":{"rendered":"<p>#informativoelvalledeaguascalientes #novaradioaguascalientes #ElGiganteDeMexico &nbsp; Carolina Arroyo D\u00edaz Mu\u00f1oz, princesa de la Feria Nacional de San Marcos 2023, recibi\u00f3 el Premio Estatal de la Juventud de este a\u00f1o en el giro de emprendimiento, lo cual es un gran logro, ya que compiti\u00f3 con otros j\u00f3venes que tambi\u00e9n presentaron proyectos atractivos. \u00a0 Al respecto, Jos\u00e9 \u00c1ngel Gonz\u00e1lez [&hellip;]<\/p>\n","protected":false},"author":1,"featured_media":48569,"comment_status":"closed","ping_status":"open","sticky":false,"template":"","format":"standard","meta":{"advanced_seo_description":"","jetpack_seo_html_title":"","jetpack_seo_noindex":false,"_jetpack_memberships_contains_paid_content":false,"footnotes":"","jetpack_publicize_message":"","jetpack_publicize_feature_enabled":true,"jetpack_social_post_already_shared":true,"jetpack_social_options":{"image_generator_settings":{"template":"highway","default_image_id":0,"font":"","enabled":false},"version":2}},"categories":[21,4],"tags":[22,615,632],"class_list":["post-48568","post","type-post","status-publish","format-standard","has-post-thumbnail","hentry","category-aguascalientes","category-gobierno-del-estado-aguascalientes","tag-aguascalientes","tag-gobierno-del-estado-de-aguascalientes","tag-pfnsm-2023"],"jetpack_publicize_connections":[],"jetpack_featured_media_url":"https:\/\/i0.wp.com\/informativoelvalledeaguascalientes.online\/wp-content\/uploads\/2023\/08\/PATRONATO-FELICITACION.jpeg?fit=980%2C980&ssl=1","jetpack-related-posts":[],"jetpack_sharing_enabled":true,"jetpack_likes_enabled":true,"_links":{"self":[{"href":"https:\/\/informativoelvalledeaguascalientes.online\/index.php?rest_route=\/wp\/v2\/posts\/48568","targetHints":{"allow":["GET"]}}],"collection":[{"href":"https:\/\/informativoelvalledeaguascalientes.online\/index.php?rest_route=\/wp\/v2\/posts"}],"about":[{"href":"https:\/\/informativoelvalledeaguascalientes.online\/index.php?rest_route=\/wp\/v2\/types\/post"}],"author":[{"embeddable":true,"href":"https:\/\/informativoelvalledeaguascalientes.online\/index.php?rest_route=\/wp\/v2\/users\/1"}],"replies":[{"embeddable":true,"href":"https:\/\/informativoelvalledeaguascalientes.online\/index.php?rest_route=%2Fwp%2Fv2%2Fcomments&post=48568"}],"version-history":[{"count":1,"href":"https:\/\/informativoelvalledeaguascalientes.online\/index.php?rest_route=\/wp\/v2\/posts\/48568\/revisions"}],"predecessor-version":[{"id":48570,"href":"https:\/\/informativoelvalledeaguascalientes.online\/index.php?rest_route=\/wp\/v2\/posts\/48568\/revisions\/48570"}],"wp:featuredmedia":[{"embeddable":true,"href":"https:\/\/informativoelvalledeaguascalientes.online\/index.php?rest_route=\/wp\/v2\/media\/48569"}],"wp:attachment":[{"href":"https:\/\/informativoelvalledeaguascalientes.online\/index.php?rest_route=%2Fwp%2Fv2%2Fmedia&parent=48568"}],"wp:term":[{"taxonomy":"category","embeddable":true,"href":"https:\/\/informativoelvalledeaguascalientes.online\/index.php?rest_route=%2Fwp%2Fv2%2Fcategories&post=48568"},{"taxonomy":"post_tag","embeddable":true,"href":"https:\/\/informativoelvalledeaguascalientes.online\/index.php?rest_route=%2Fwp%2Fv2%2Ftags&post=48568"}],"curies":[{"name":"wp","href":"https:\/\/api.w.org\/{rel}","templated":true}]}}