{"id":48565,"date":"2023-08-28T21:43:51","date_gmt":"2023-08-29T03:43:51","guid":{"rendered":"https:\/\/informativoelvalledeaguascalientes.online\/?p=48565"},"modified":"2023-08-28T21:43:51","modified_gmt":"2023-08-29T03:43:51","slug":"te-presentamos-las-diversas-actividades-de-este-martes-y-miercoles-en-vive-las-vendimias-2023","status":"publish","type":"post","link":"https:\/\/informativoelvalledeaguascalientes.online\/?p=48565","title":{"rendered":"TE PRESENTAMOS LAS DIVERSAS ACTIVIDADES DE ESTE MARTES Y MI\u00c9RCOLES EN \u201cVIVE LAS VENDIMIAS 2023\u201d"},"content":{"rendered":"<p><strong><a href=\"https:\/\/www.facebook.com\/hashtag\/informativoelvalledeaguascalientes\">#informativoelvalledeaguascalientes<\/a><\/strong><\/p>\n<p><strong><a href=\"https:\/\/www.facebook.com\/hashtag\/novaradioaguascalientes\">#novaradioaguascalientes<\/a><\/strong><\/p>\n<p><strong><a href=\"https:\/\/www.facebook.com\/GobiernodeAguascalientes\">#ElGiganteDeMexico<\/a><\/strong><\/p>\n<p>&nbsp;<\/p>\n<div id=\"bgLayers_comp-l7sh9ubr2\" class=\"MW5IWV\" data-hook=\"bgLayers\"><\/div>\n<div class=\"\" data-mesh-id=\"comp-l7sh9ubr2inlineContent\" data-testid=\"inline-content\">\n<div data-mesh-id=\"comp-l7sh9ubr2inlineContent-gridContainer\" data-testid=\"mesh-container-content\">\n<div id=\"comp-l7yvxqo2\" class=\"MazNVa comp-l7yvxqo2 wixui-image\">\n<div class=\"j7pOnl\" data-testid=\"linkElement\"><\/div>\n<\/div>\n<div id=\"comp-l7sh9ubx\" class=\"TWFxr5\">\n<div class=\"comp-l7sh9ubx\">\n<div class=\"siSdJK4 comp-l7sh9ubx\" data-hook=\"ricosviewer-wrapper\">\n<div class=\"U4I07\" dir=\"ltr\" data-id=\"content-viewer\">\n<div class=\"hl-xW\">\n<div>\n<p id=\"viewer-foo\" class=\"-Zro6 -ZADH vVfzz AnCKd _57WYp\"><span class=\"d0767 vVfzz\">M\u00e1s de 700 actividades culturales, art\u00edsticas y gastron\u00f3micas te esperan en \u201cVive las Vendimias 2023\u201d de la Ruta del Vino; al respecto, la Secretar\u00eda de Turismo de Aguascalientes (Sectur) dio a conocer algunos de los eventos m\u00e1s relevantes de los pr\u00f3ximos d\u00edas.<\/span><\/p>\n<div id=\"viewer-4r9wv135\" class=\"-Zro6 -ZADH vVfzz _57WYp\"><span class=\"d0767 vVfzz\">\u00a0<\/span><\/div>\n<p id=\"viewer-rttrz136\" class=\"-Zro6 -ZADH vVfzz AnCKd _57WYp\"><span class=\"d0767 vVfzz\">Este martes 29 de agosto, vive una extraordinaria experiencia gastron\u00f3mica en el mano a mano entre chefs que se realizar\u00e1 en Vin\u00edcola Santa Elena, de las 17:00 a las 19:00 horas; adem\u00e1s, podr\u00e1s adquirir productos locales en la Expo Artesanal y Comercial en Vi\u00f1a Las Cruces a partir de las 12:00 horas; y si lo tuyo es el arte, asiste a la exhibici\u00f3n permanente de fotograf\u00eda en Hacienda El Saucillo.<\/span><\/p>\n<div id=\"viewer-e30fj138\" class=\"-Zro6 -ZADH vVfzz _57WYp\"><span class=\"d0767 vVfzz\">\u00a0<\/span><\/div>\n<p id=\"viewer-9deiq139\" class=\"-Zro6 -ZADH vVfzz AnCKd _57WYp\"><span class=\"d0767 vVfzz\">El mi\u00e9rcoles 30 de agosto, a las 9:00 de la ma\u00f1ana en Vi\u00f1a Estaci\u00f3n-UTNA, podr\u00e1s realizar visitas enol\u00f3gicas para conocer el proceso de elaboraci\u00f3n del vino; degusta las mejores etiquetas en la cata de vinos que ofrece Hacienda de Letras a las 14:00 y 16:00 horas; tambi\u00e9n podr\u00e1s realizar recorridos guiados en Vi\u00f1edos Casa Leal a las 11:00, 13:00 y 16:00 horas.\u00a0<\/span><\/p>\n<div id=\"viewer-2vat6141\" class=\"-Zro6 -ZADH vVfzz _57WYp\"><span class=\"d0767 vVfzz\">\u00a0<\/span><\/div>\n<p id=\"viewer-jpatn142\" class=\"-Zro6 -ZADH vVfzz AnCKd _57WYp\"><span class=\"d0767 vVfzz\">Te esperamos con los brazos abiertos, participa en los diferentes eventos que se organizan en las\u00a0 bodegas, vi\u00f1edos y vin\u00edcolas de la regi\u00f3n; para m\u00e1s informaci\u00f3n, visita la p\u00e1gina <a class=\"TWoY9 itht3\" href=\"https:\/\/rutadelvino.aguascalientes.gob.mx\/\" target=\"_self\" rel=\"noopener noreferrer\">https:\/\/rutadelvino.aguascalientes.gob.mx\/<\/a>\u00a0<\/span><\/p>\n<\/div>\n<\/div>\n<\/div>\n<\/div>\n<\/div>\n<\/div>\n<\/div>\n<\/div>\n","protected":false},"excerpt":{"rendered":"<p>#informativoelvalledeaguascalientes #novaradioaguascalientes #ElGiganteDeMexico &nbsp; M\u00e1s de 700 actividades culturales, art\u00edsticas y gastron\u00f3micas te esperan en \u201cVive las Vendimias 2023\u201d de la Ruta del Vino; al respecto, la Secretar\u00eda de Turismo de Aguascalientes (Sectur) dio a conocer algunos de los eventos m\u00e1s relevantes de los pr\u00f3ximos d\u00edas. \u00a0 Este martes 29 de agosto, vive una extraordinaria [&hellip;]<\/p>\n","protected":false},"author":1,"featured_media":48566,"comment_status":"closed","ping_status":"open","sticky":false,"template":"","format":"standard","meta":{"advanced_seo_description":"","jetpack_seo_html_title":"","jetpack_seo_noindex":false,"_jetpack_memberships_contains_paid_content":false,"footnotes":"","jetpack_publicize_message":"","jetpack_publicize_feature_enabled":true,"jetpack_social_post_already_shared":true,"jetpack_social_options":{"image_generator_settings":{"template":"highway","default_image_id":0,"font":"","enabled":false},"version":2}},"categories":[21,4],"tags":[22,615,34],"class_list":["post-48565","post","type-post","status-publish","format-standard","has-post-thumbnail","hentry","category-aguascalientes","category-gobierno-del-estado-aguascalientes","tag-aguascalientes","tag-gobierno-del-estado-de-aguascalientes","tag-sectur"],"jetpack_publicize_connections":[],"jetpack_featured_media_url":"https:\/\/i0.wp.com\/informativoelvalledeaguascalientes.online\/wp-content\/uploads\/2023\/08\/GOBEDO-SECTUR.jpeg?fit=1280%2C854&ssl=1","jetpack-related-posts":[],"jetpack_sharing_enabled":true,"jetpack_likes_enabled":true,"_links":{"self":[{"href":"https:\/\/informativoelvalledeaguascalientes.online\/index.php?rest_route=\/wp\/v2\/posts\/48565","targetHints":{"allow":["GET"]}}],"collection":[{"href":"https:\/\/informativoelvalledeaguascalientes.online\/index.php?rest_route=\/wp\/v2\/posts"}],"about":[{"href":"https:\/\/informativoelvalledeaguascalientes.online\/index.php?rest_route=\/wp\/v2\/types\/post"}],"author":[{"embeddable":true,"href":"https:\/\/informativoelvalledeaguascalientes.online\/index.php?rest_route=\/wp\/v2\/users\/1"}],"replies":[{"embeddable":true,"href":"https:\/\/informativoelvalledeaguascalientes.online\/index.php?rest_route=%2Fwp%2Fv2%2Fcomments&post=48565"}],"version-history":[{"count":1,"href":"https:\/\/informativoelvalledeaguascalientes.online\/index.php?rest_route=\/wp\/v2\/posts\/48565\/revisions"}],"predecessor-version":[{"id":48567,"href":"https:\/\/informativoelvalledeaguascalientes.online\/index.php?rest_route=\/wp\/v2\/posts\/48565\/revisions\/48567"}],"wp:featuredmedia":[{"embeddable":true,"href":"https:\/\/informativoelvalledeaguascalientes.online\/index.php?rest_route=\/wp\/v2\/media\/48566"}],"wp:attachment":[{"href":"https:\/\/informativoelvalledeaguascalientes.online\/index.php?rest_route=%2Fwp%2Fv2%2Fmedia&parent=48565"}],"wp:term":[{"taxonomy":"category","embeddable":true,"href":"https:\/\/informativoelvalledeaguascalientes.online\/index.php?rest_route=%2Fwp%2Fv2%2Fcategories&post=48565"},{"taxonomy":"post_tag","embeddable":true,"href":"https:\/\/informativoelvalledeaguascalientes.online\/index.php?rest_route=%2Fwp%2Fv2%2Ftags&post=48565"}],"curies":[{"name":"wp","href":"https:\/\/api.w.org\/{rel}","templated":true}]}}