{"id":48560,"date":"2023-08-28T21:36:38","date_gmt":"2023-08-29T03:36:38","guid":{"rendered":"https:\/\/informativoelvalledeaguascalientes.online\/?p=48560"},"modified":"2023-08-28T21:36:38","modified_gmt":"2023-08-29T03:36:38","slug":"con-la-entrega-de-una-nueva-secundaria-arranca-tere-jimenez-el-ciclo-escolar","status":"publish","type":"post","link":"https:\/\/informativoelvalledeaguascalientes.online\/?p=48560","title":{"rendered":"CON LA ENTREGA DE UNA NUEVA SECUNDARIA, ARRANCA TERE JIM\u00c9NEZ EL CICLO ESCOLAR"},"content":{"rendered":"<p><strong><a href=\"https:\/\/www.facebook.com\/hashtag\/informativoelvalledeaguascalientes\">#informativoelvalledeaguascalientes<\/a><\/strong><\/p>\n<p><strong><a href=\"https:\/\/www.facebook.com\/hashtag\/novaradioaguascalientes\">#novaradioaguascalientes<\/a><\/strong><\/p>\n<p><strong><a href=\"https:\/\/www.facebook.com\/GobiernodeAguascalientes\">#ElGiganteDeMexico<\/a><\/strong><\/p>\n<p>&nbsp;<\/p>\n<ul class=\"xErDo AnCKd\">\n<li class=\"_04hd2 vVfzz\" dir=\"auto\">\n<div>\n<p id=\"viewer-foo\" class=\"-Zro6 -ZADH vVfzz AnCKd _57WYp\"><span class=\"d0767 vVfzz\">Habr\u00e1 una inversi\u00f3n hist\u00f3rica superior a los 432 millones de pesos en infraestructura educativa<\/span><\/p>\n<\/div>\n<\/li>\n<li class=\"_04hd2 vVfzz\" dir=\"auto\">\n<div>\n<p id=\"viewer-e1fd8759\" class=\"-Zro6 -ZADH vVfzz AnCKd _57WYp\"><span class=\"d0767 vVfzz\">Tambi\u00e9n puso en marcha la entrega de uniformes escolares a estudiantes de educaci\u00f3n b\u00e1sica de todo el estado, con una inversi\u00f3n de 50 mdp<\/span><\/p>\n<\/div>\n<\/li>\n<li class=\"_04hd2 vVfzz\" dir=\"auto\">\n<div>\n<p id=\"viewer-0qlmv762\" class=\"-Zro6 -ZADH vVfzz AnCKd _57WYp\"><span class=\"d0767 vVfzz\">Pr\u00f3ximamente se entregar\u00e1n m\u00e1s espacios para todos los niveles educativos, desde preescolar hasta universidad, en San Francisco de los Romo<\/span><\/p>\n<\/div>\n<\/li>\n<\/ul>\n<div id=\"viewer-nbpew764\" class=\"-Zro6 -ZADH vVfzz _57WYp\"><span class=\"d0767 vVfzz\">\u00a0<\/span><\/div>\n<p id=\"viewer-sg61s765\" class=\"-Zro6 -ZADH vVfzz AnCKd _57WYp\"><span class=\"d0767 vVfzz\">La gobernadora de Aguascalientes, Tere Jim\u00e9nez, dio inicio oficial al ciclo escolar 2023-2024 con la inauguraci\u00f3n de una nueva secundaria t\u00e9cnica en San Francisco de los Romo por cerca de 24 millones de pesos y el arranque de la entrega de uniformes para alumnos de educaci\u00f3n b\u00e1sica en todo el estado.<\/span><\/p>\n<div id=\"viewer-332s5767\" class=\"-Zro6 -ZADH vVfzz _57WYp\"><span class=\"d0767 vVfzz\">\u00a0<\/span><\/div>\n<p id=\"viewer-uxdp9768\" class=\"-Zro6 -ZADH vVfzz AnCKd _57WYp\"><span class=\"d0767 vVfzz\">\u201cLa educaci\u00f3n es el ingrediente m\u00e1s importante en la vida, con ella podemos conquistar el mundo y competir con las primeras potencias a nivel global. Hoy entregamos esta nueva secundaria para ayudar a muchos j\u00f3venes a que sigan con su desarrollo y lograr que Aguascalientes no sea solo \u2018El Gigante de M\u00e9xico\u2019, sino de todo el mundo\u201d, precis\u00f3 la gobernadora.<\/span><\/p>\n<div id=\"viewer-9gozm770\" class=\"-Zro6 -ZADH vVfzz _57WYp\"><span class=\"d0767 vVfzz\">\u00a0<\/span><\/div>\n<p id=\"viewer-uwebu771\" class=\"-Zro6 -ZADH vVfzz AnCKd _57WYp\"><span class=\"d0767 vVfzz\">Tere Jim\u00e9nez destac\u00f3 que en este ciclo escolar se implementar\u00e1n acciones sin precedentes para fortalecer la educaci\u00f3n de las ni\u00f1as, los ni\u00f1os y j\u00f3venes de Aguascalientes, como una inversi\u00f3n hist\u00f3rica superior a los 432 millones de pesos en infraestructura educativa; la entrega de uniformes escolares a las y los alumnos de educaci\u00f3n b\u00e1sica con recursos por 50 millones de pesos; as\u00ed como la creaci\u00f3n de una nueva plataforma digital con m\u00e1s de 10 mil contenidos multimedia en apoyo a estudiantes y docentes.<\/span><\/p>\n<div id=\"viewer-coitt773\" class=\"-Zro6 -ZADH vVfzz _57WYp\"><span class=\"d0767 vVfzz\">\u00a0<\/span><\/div>\n<p id=\"viewer-awd5w774\" class=\"-Zro6 -ZADH vVfzz AnCKd _57WYp\"><span class=\"d0767 vVfzz\">Adem\u00e1s, la gobernadora anunci\u00f3 que pr\u00f3ximamente se entregar\u00e1n m\u00e1s espacios para todos los niveles educativos, desde preescolar hasta universidad, en San Francisco de los Romo, pues es uno de los municipios con mayor poblaci\u00f3n del estado.<\/span><\/p>\n<div id=\"viewer-4zwye776\" class=\"-Zro6 -ZADH vVfzz _57WYp\"><span class=\"d0767 vVfzz\">\u00a0<\/span><\/div>\n<p id=\"viewer-0skw1777\" class=\"-Zro6 -ZADH vVfzz AnCKd _57WYp\"><span class=\"d0767 vVfzz\">En su intervenci\u00f3n, Margarita Gallegos Soto, presidenta municipal de San Francisco de los Romo, mencion\u00f3 que este d\u00eda es trascendente para los francorromenses, ya que al ser el tercer municipio con mayor poblaci\u00f3n en Aguascalientes, requiere de m\u00e1s espacios dignos y seguros para estudiar.<\/span><\/p>\n<div id=\"viewer-stcg4779\" class=\"-Zro6 -ZADH vVfzz _57WYp\"><span class=\"d0767 vVfzz\">\u00a0<\/span><\/div>\n<p id=\"viewer-bi6jh780\" class=\"-Zro6 -ZADH vVfzz AnCKd _57WYp\"><span class=\"d0767 vVfzz\">\u201cAgradezco el compromiso de la gobernadora Tere Jim\u00e9nez con la educaci\u00f3n porque en ella tenemos una aliada; gracias a su apoyo, las ni\u00f1as, ni\u00f1os y j\u00f3venes tendr\u00e1n mejores oportunidades de aprendizaje y preparaci\u00f3n. La creaci\u00f3n de esta nueva secundaria que hoy abre sus puertas, permitir\u00e1 acercar la educaci\u00f3n a m\u00e1s j\u00f3venes de San Francisco de los Romo\u201d, mencion\u00f3 la alcaldesa.<\/span><\/p>\n<div id=\"viewer-gvv66782\" class=\"-Zro6 -ZADH vVfzz _57WYp\"><span class=\"d0767 vVfzz\">\u00a0<\/span><\/div>\n<p id=\"viewer-hdavu783\" class=\"-Zro6 -ZADH vVfzz AnCKd _57WYp\"><span class=\"d0767 vVfzz\">Ram\u00f3n Garc\u00eda Alvizo, secretario general de la Secci\u00f3n 1 del Sindicato Nacional de Trabajadores de la Educaci\u00f3n (SNTE), reconoci\u00f3 el compromiso de la gobernadora Tere Jim\u00e9nez por impulsar la mejora de la educaci\u00f3n en el estado, como la implementaci\u00f3n de la plataforma \u201cPasos Gigantes\u201d.<\/span><\/p>\n<div id=\"viewer-0oqbr785\" class=\"-Zro6 -ZADH vVfzz _57WYp\"><span class=\"d0767 vVfzz\">\u00a0<\/span><\/div>\n<p id=\"viewer-xd5nh786\" class=\"-Zro6 -ZADH vVfzz AnCKd _57WYp\"><span class=\"d0767 vVfzz\">\u201cGobernadora, desde el inicio de su gesti\u00f3n ha demostrado ser una aliada de la educaci\u00f3n y del magisterio; vamos a contribuir a la mejora educativa para que la educaci\u00f3n de las y los ni\u00f1os de Aguascalientes sea la mejor\u201d, mencion\u00f3 Garc\u00eda Alvizo.<\/span><\/p>\n<div id=\"viewer-b4hvl788\" class=\"-Zro6 -ZADH vVfzz _57WYp\"><span class=\"d0767 vVfzz\">\u00a0<\/span><\/div>\n<p id=\"viewer-sxqbh789\" class=\"-Zro6 -ZADH vVfzz AnCKd _57WYp\"><span class=\"d0767 vVfzz\">Finalmente, Martha Ortiz Jim\u00e9nez, representante de los padres de familia, agradeci\u00f3 a la gobernadora por hacer realidad el sue\u00f1o de tener una nueva secundaria y acercar la educaci\u00f3n a San Francisco de los Romo. \u201cGracias Tere Jim\u00e9nez por la construcci\u00f3n de esta secundaria; tenga la certeza de que cuidaremos de ella, pues sabemos que la educaci\u00f3n es la llave para que nuestros hijos tengan mejores oportunidades\u201d, dijo.<\/span><\/p>\n<div id=\"viewer-hvdn0791\" class=\"-Zro6 -ZADH vVfzz _57WYp\"><span class=\"d0767 vVfzz\">\u00a0<\/span><\/div>\n<p id=\"viewer-a6624792\" class=\"-Zro6 -ZADH vVfzz AnCKd _57WYp\"><span class=\"d0767 vVfzz\">En el arranque del ciclo escolar tambi\u00e9n estuvieron presentes Ra\u00fal Silva Perezchica, diputado presidente de la Comisi\u00f3n de Educaci\u00f3n y Cultura del H. Congreso del Estado; Lorena Mart\u00ednez Rodr\u00edguez, directora general del Instituto de Educaci\u00f3n de Aguascalientes; Jes\u00fas Lara Ram\u00edrez, director general del Instituto de Infraestructura F\u00edsica Educativa del Estado de Aguascalientes; Jos\u00e9 Nicol\u00e1s Guti\u00e9rrez Dom\u00ednguez, representante del CEN en la Secci\u00f3n 1 del SNTE; Teresa de Jes\u00fas Robledo M\u00e1rquez, directora del plantel; adem\u00e1s de los alumnos Sof\u00eda Campos y Dylan Castro.<\/span><\/p>\n<div id=\"viewer-10bio794\" class=\"-Zro6 -ZADH vVfzz _57WYp\"><\/div>\n","protected":false},"excerpt":{"rendered":"<p>#informativoelvalledeaguascalientes #novaradioaguascalientes #ElGiganteDeMexico &nbsp; Habr\u00e1 una inversi\u00f3n hist\u00f3rica superior a los 432 millones de pesos en infraestructura educativa Tambi\u00e9n puso en marcha la entrega de uniformes escolares a estudiantes de educaci\u00f3n b\u00e1sica de todo el estado, con una inversi\u00f3n de 50 mdp Pr\u00f3ximamente se entregar\u00e1n m\u00e1s espacios para todos los niveles educativos, desde preescolar hasta [&hellip;]<\/p>\n","protected":false},"author":1,"featured_media":48561,"comment_status":"closed","ping_status":"open","sticky":false,"template":"","format":"standard","meta":{"advanced_seo_description":"","jetpack_seo_html_title":"","jetpack_seo_noindex":false,"_jetpack_memberships_contains_paid_content":false,"footnotes":"","jetpack_publicize_message":"","jetpack_publicize_feature_enabled":true,"jetpack_social_post_already_shared":true,"jetpack_social_options":{"image_generator_settings":{"template":"highway","default_image_id":0,"font":"","enabled":false},"version":2}},"categories":[21,4],"tags":[22,615,39,320],"class_list":["post-48560","post","type-post","status-publish","format-standard","has-post-thumbnail","hentry","category-aguascalientes","category-gobierno-del-estado-aguascalientes","tag-aguascalientes","tag-gobierno-del-estado-de-aguascalientes","tag-iea","tag-tere-jimenez"],"jetpack_publicize_connections":[],"jetpack_featured_media_url":"https:\/\/i0.wp.com\/informativoelvalledeaguascalientes.online\/wp-content\/uploads\/2023\/08\/GOB-EDO-TJ-INICIO-CLASES-23.jpeg?fit=1440%2C960&ssl=1","jetpack-related-posts":[],"jetpack_sharing_enabled":true,"jetpack_likes_enabled":true,"_links":{"self":[{"href":"https:\/\/informativoelvalledeaguascalientes.online\/index.php?rest_route=\/wp\/v2\/posts\/48560","targetHints":{"allow":["GET"]}}],"collection":[{"href":"https:\/\/informativoelvalledeaguascalientes.online\/index.php?rest_route=\/wp\/v2\/posts"}],"about":[{"href":"https:\/\/informativoelvalledeaguascalientes.online\/index.php?rest_route=\/wp\/v2\/types\/post"}],"author":[{"embeddable":true,"href":"https:\/\/informativoelvalledeaguascalientes.online\/index.php?rest_route=\/wp\/v2\/users\/1"}],"replies":[{"embeddable":true,"href":"https:\/\/informativoelvalledeaguascalientes.online\/index.php?rest_route=%2Fwp%2Fv2%2Fcomments&post=48560"}],"version-history":[{"count":1,"href":"https:\/\/informativoelvalledeaguascalientes.online\/index.php?rest_route=\/wp\/v2\/posts\/48560\/revisions"}],"predecessor-version":[{"id":48562,"href":"https:\/\/informativoelvalledeaguascalientes.online\/index.php?rest_route=\/wp\/v2\/posts\/48560\/revisions\/48562"}],"wp:featuredmedia":[{"embeddable":true,"href":"https:\/\/informativoelvalledeaguascalientes.online\/index.php?rest_route=\/wp\/v2\/media\/48561"}],"wp:attachment":[{"href":"https:\/\/informativoelvalledeaguascalientes.online\/index.php?rest_route=%2Fwp%2Fv2%2Fmedia&parent=48560"}],"wp:term":[{"taxonomy":"category","embeddable":true,"href":"https:\/\/informativoelvalledeaguascalientes.online\/index.php?rest_route=%2Fwp%2Fv2%2Fcategories&post=48560"},{"taxonomy":"post_tag","embeddable":true,"href":"https:\/\/informativoelvalledeaguascalientes.online\/index.php?rest_route=%2Fwp%2Fv2%2Ftags&post=48560"}],"curies":[{"name":"wp","href":"https:\/\/api.w.org\/{rel}","templated":true}]}}