{"id":48557,"date":"2023-08-28T21:33:43","date_gmt":"2023-08-29T03:33:43","guid":{"rendered":"https:\/\/informativoelvalledeaguascalientes.online\/?p=48557"},"modified":"2023-08-28T21:33:43","modified_gmt":"2023-08-29T03:33:43","slug":"el-municipio-de-pabellon-de-arteaga-ags-tendra-brigada-de-empleo-este-martes","status":"publish","type":"post","link":"https:\/\/informativoelvalledeaguascalientes.online\/?p=48557","title":{"rendered":"EL MUNICIPIO DE PABELL\u00d3N DE ARTEAGA AGS. TENDR\u00c1 BRIGADA DE EMPLEO ESTE MARTES"},"content":{"rendered":"<p><strong><a href=\"https:\/\/www.facebook.com\/hashtag\/informativoelvalledeaguascalientes\">#informativoelvalledeaguascalientes<\/a><\/strong><\/p>\n<p><strong><a href=\"https:\/\/www.facebook.com\/hashtag\/novaradioaguascalientes\">#novaradioaguascalientes<\/a><\/strong><\/p>\n<p><strong><a href=\"https:\/\/www.facebook.com\/GobiernodeAguascalientes\">#ElGiganteDeMexico<\/a><\/strong><\/p>\n<p>&nbsp;<\/p>\n<p id=\"viewer-foo\" class=\"-Zro6 -ZADH vVfzz AnCKd _57WYp\"><span class=\"d0767 vVfzz\">El Servicio Estatal y Nacional de Empleo Aguascalientes (SNEA) inform\u00f3 que el martes 29 de agosto, la &#8220;Brigada del Empleo en tu Municipio&#8221; se llevar\u00e1 a cabo en la Presidencia Municipal de Pabell\u00f3n de Arteaga, ubicada en la calle Pino Su\u00e1rez No. 14, en el centro.\u00a0<\/span><\/p>\n<div id=\"viewer-0icl0758\" class=\"-Zro6 -ZADH vVfzz _57WYp\"><span class=\"d0767 vVfzz\">\u00a0<\/span><\/div>\n<p id=\"viewer-145oo759\" class=\"-Zro6 -ZADH vVfzz AnCKd _57WYp\"><span class=\"d0767 vVfzz\">En esta brigada habr\u00e1 m\u00e1s de mil vacantes para personas que buscan un empleo, y tendr\u00e1 un horario de 9:00 de la ma\u00f1ana a 2:00 de la tarde.\u00a0<\/span><\/p>\n<div id=\"viewer-jydev761\" class=\"-Zro6 -ZADH vVfzz _57WYp\"><span class=\"d0767 vVfzz\">\u00a0<\/span><\/div>\n<p id=\"viewer-2lefc762\" class=\"-Zro6 -ZADH vVfzz AnCKd _57WYp\"><span class=\"d0767 vVfzz\">Empresas como JD Agro Kapital, Oxxo y Macomex estar\u00e1n ofertando los espacios para personas con escolaridad desde primaria hasta licenciatura.\u00a0<\/span><\/p>\n<div id=\"viewer-4ymv3764\" class=\"-Zro6 -ZADH vVfzz _57WYp\"><span class=\"d0767 vVfzz\">\u00a0<\/span><\/div>\n<p id=\"viewer-ljuoq765\" class=\"-Zro6 -ZADH vVfzz AnCKd _57WYp\"><span class=\"d0767 vVfzz\">Las y los interesados deben asistir con identificaci\u00f3n oficial, CURP, curr\u00edculum y solicitudes de empleo.\u00a0<\/span><\/p>\n<div id=\"viewer-zdj3c767\" class=\"-Zro6 -ZADH vVfzz _57WYp\"><span class=\"d0767 vVfzz\">\u00a0<\/span><\/div>\n<p id=\"viewer-ffaow768\" class=\"-Zro6 -ZADH vVfzz AnCKd _57WYp\"><span class=\"d0767 vVfzz\">Tambi\u00e9n habr\u00e1 un m\u00f3dulo especial para brindar informaci\u00f3n sobre vacantes en el extranjero, como Canad\u00e1, Estados Unidos y Alemania, por lo que los asistentes podr\u00e1n conocer a detalle los puestos disponibles en otros pa\u00edses.\u00a0<\/span><\/p>\n<div id=\"viewer-h65vk770\" class=\"-Zro6 -ZADH vVfzz _57WYp\"><span class=\"d0767 vVfzz\">\u00a0<\/span><\/div>\n<p id=\"viewer-0kk36771\" class=\"-Zro6 -ZADH vVfzz AnCKd _57WYp\"><span class=\"d0767 vVfzz\">Para mayores informes, se puede visitar el Facebook del SNEA o llamar al Tel. 449 910 25 89.<\/span><\/p>\n","protected":false},"excerpt":{"rendered":"<p>#informativoelvalledeaguascalientes #novaradioaguascalientes #ElGiganteDeMexico &nbsp; El Servicio Estatal y Nacional de Empleo Aguascalientes (SNEA) inform\u00f3 que el martes 29 de agosto, la &#8220;Brigada del Empleo en tu Municipio&#8221; se llevar\u00e1 a cabo en la Presidencia Municipal de Pabell\u00f3n de Arteaga, ubicada en la calle Pino Su\u00e1rez No. 14, en el centro.\u00a0 \u00a0 En esta brigada habr\u00e1 [&hellip;]<\/p>\n","protected":false},"author":1,"featured_media":48558,"comment_status":"closed","ping_status":"open","sticky":false,"template":"","format":"standard","meta":{"advanced_seo_description":"","jetpack_seo_html_title":"","jetpack_seo_noindex":false,"_jetpack_memberships_contains_paid_content":false,"footnotes":"","jetpack_publicize_message":"","jetpack_publicize_feature_enabled":true,"jetpack_social_post_already_shared":true,"jetpack_social_options":{"image_generator_settings":{"template":"highway","default_image_id":0,"font":"","enabled":false},"version":2}},"categories":[21,4],"tags":[22,615,616],"class_list":["post-48557","post","type-post","status-publish","format-standard","has-post-thumbnail","hentry","category-aguascalientes","category-gobierno-del-estado-aguascalientes","tag-aguascalientes","tag-gobierno-del-estado-de-aguascalientes","tag-snea"],"jetpack_publicize_connections":[],"jetpack_featured_media_url":"https:\/\/i0.wp.com\/informativoelvalledeaguascalientes.online\/wp-content\/uploads\/2023\/08\/GOB-EDO-SNEA.jpeg?fit=768%2C1024&ssl=1","jetpack-related-posts":[],"jetpack_sharing_enabled":true,"jetpack_likes_enabled":true,"_links":{"self":[{"href":"https:\/\/informativoelvalledeaguascalientes.online\/index.php?rest_route=\/wp\/v2\/posts\/48557","targetHints":{"allow":["GET"]}}],"collection":[{"href":"https:\/\/informativoelvalledeaguascalientes.online\/index.php?rest_route=\/wp\/v2\/posts"}],"about":[{"href":"https:\/\/informativoelvalledeaguascalientes.online\/index.php?rest_route=\/wp\/v2\/types\/post"}],"author":[{"embeddable":true,"href":"https:\/\/informativoelvalledeaguascalientes.online\/index.php?rest_route=\/wp\/v2\/users\/1"}],"replies":[{"embeddable":true,"href":"https:\/\/informativoelvalledeaguascalientes.online\/index.php?rest_route=%2Fwp%2Fv2%2Fcomments&post=48557"}],"version-history":[{"count":1,"href":"https:\/\/informativoelvalledeaguascalientes.online\/index.php?rest_route=\/wp\/v2\/posts\/48557\/revisions"}],"predecessor-version":[{"id":48559,"href":"https:\/\/informativoelvalledeaguascalientes.online\/index.php?rest_route=\/wp\/v2\/posts\/48557\/revisions\/48559"}],"wp:featuredmedia":[{"embeddable":true,"href":"https:\/\/informativoelvalledeaguascalientes.online\/index.php?rest_route=\/wp\/v2\/media\/48558"}],"wp:attachment":[{"href":"https:\/\/informativoelvalledeaguascalientes.online\/index.php?rest_route=%2Fwp%2Fv2%2Fmedia&parent=48557"}],"wp:term":[{"taxonomy":"category","embeddable":true,"href":"https:\/\/informativoelvalledeaguascalientes.online\/index.php?rest_route=%2Fwp%2Fv2%2Fcategories&post=48557"},{"taxonomy":"post_tag","embeddable":true,"href":"https:\/\/informativoelvalledeaguascalientes.online\/index.php?rest_route=%2Fwp%2Fv2%2Ftags&post=48557"}],"curies":[{"name":"wp","href":"https:\/\/api.w.org\/{rel}","templated":true}]}}