{"id":48515,"date":"2023-08-28T20:44:40","date_gmt":"2023-08-29T02:44:40","guid":{"rendered":"https:\/\/informativoelvalledeaguascalientes.online\/?p=48515"},"modified":"2023-08-28T20:44:40","modified_gmt":"2023-08-29T02:44:40","slug":"listo-operativo-de-seguridad-para-el-evento-vive-las-vendimias-2023-sspe-ags","status":"publish","type":"post","link":"https:\/\/informativoelvalledeaguascalientes.online\/?p=48515","title":{"rendered":"LISTO OPERATIVO DE SEGURIDAD PARA EL EVENTO \u201cVIVE LAS VENDIMIAS 2023\u201d: SSPE AGS."},"content":{"rendered":"<p><strong><a href=\"https:\/\/www.facebook.com\/hashtag\/informativoelvalledeaguascalientes\">#informativoelvalledeaguascalientes<\/a><\/strong><\/p>\n<p><strong><a href=\"https:\/\/www.facebook.com\/hashtag\/novaradioaguascalientes\">#novaradioaguascalientes<\/a><\/strong><\/p>\n<p><strong><a href=\"https:\/\/www.facebook.com\/GobiernodeAguascalientes\">#ElGiganteDeMexico<\/a><\/strong><\/p>\n<p>&nbsp;<\/p>\n<p>\u25cf Total coordinaci\u00f3n entre autoridades de los tres niveles de gobierno para garantizar la seguridad de las y los asistentes<br \/>\n\u25cf Se reforzar\u00e1 la presencia policial en las carreteras e inmediaciones de los vi\u00f1edos, casas vin\u00edcolas y zonas de comercio<\/p>\n<p>Se encuentra listo el operativo de seguridad para salvaguardar a las personas que asistan al evento \u201cVive las Vendimias 2023\u201d, el cual se desarrollar\u00e1 del 24 de agosto al 17 de septiembre; la estrategia contempla la participaci\u00f3n de las corporaciones policiacas de los tres niveles de gobierno.<\/p>\n<p>As\u00ed lo inform\u00f3 el secretario de Seguridad P\u00fablica del Estado, Manuel Alonso Garc\u00eda, quien indic\u00f3 que previamente se realizaron varias reuniones con autoridades de la Secretar\u00eda de Turismo, en las que participaron los titulares del Ej\u00e9rcito Mexicano, Guardia Nacional, Polic\u00edas Municipales y Protecci\u00f3n Civil, para afinar los detalles de este importante evento que contar\u00e1 con diversas sedes tanto en la capital como en los municipios del interior, por lo cual se trabajar\u00e1 a trav\u00e9s del Mando Coordinado.<\/p>\n<p>Agreg\u00f3 que como parte del operativo, elementos de la Polic\u00eda Estatal, de las corporaciones municipales, del Ej\u00e9rcito y de la Guardia Nacional incrementar\u00e1n los recorridos tanto en las carreteras como en las inmediaciones de las casas vin\u00edcolas y vi\u00f1edos que participan en el evento; esto ante el aumento de visitantes locales como de otras entidades, sin descuidar la vigilancia en el resto de la entidad, con el apoyo de la tecnolog\u00eda del C5i.<\/p>\n<p>Alonso Garc\u00eda indic\u00f3 que continuar\u00e1 el operativo &#8220;Blindaje Aguascalientes&#8221; que se efect\u00faa en los l\u00edmites con los estados de Jalisco y Zacatecas; asimismo, se intensificar\u00e1 la vigilancia en las diferentes Puertas de Acceso que se ubican en las fronteras de la entidad.<\/p>\n","protected":false},"excerpt":{"rendered":"<p>#informativoelvalledeaguascalientes #novaradioaguascalientes #ElGiganteDeMexico &nbsp; \u25cf Total coordinaci\u00f3n entre autoridades de los tres niveles de gobierno para garantizar la seguridad de las y los asistentes \u25cf Se reforzar\u00e1 la presencia policial en las carreteras e inmediaciones de los vi\u00f1edos, casas vin\u00edcolas y zonas de comercio Se encuentra listo el operativo de seguridad para salvaguardar a las [&hellip;]<\/p>\n","protected":false},"author":1,"featured_media":48516,"comment_status":"closed","ping_status":"open","sticky":false,"template":"","format":"standard","meta":{"advanced_seo_description":"","jetpack_seo_html_title":"","jetpack_seo_noindex":false,"_jetpack_memberships_contains_paid_content":false,"footnotes":"","jetpack_publicize_message":"","jetpack_publicize_feature_enabled":true,"jetpack_social_post_already_shared":true,"jetpack_social_options":{"image_generator_settings":{"template":"highway","default_image_id":0,"font":"","enabled":false},"version":2}},"categories":[21,4],"tags":[22,615,122],"class_list":["post-48515","post","type-post","status-publish","format-standard","has-post-thumbnail","hentry","category-aguascalientes","category-gobierno-del-estado-aguascalientes","tag-aguascalientes","tag-gobierno-del-estado-de-aguascalientes","tag-sspe-aguascalientes"],"jetpack_publicize_connections":[],"jetpack_featured_media_url":"https:\/\/i0.wp.com\/informativoelvalledeaguascalientes.online\/wp-content\/uploads\/2023\/08\/sspe-agsvinas.jpg?fit=1280%2C576&ssl=1","jetpack-related-posts":[],"jetpack_sharing_enabled":true,"jetpack_likes_enabled":true,"_links":{"self":[{"href":"https:\/\/informativoelvalledeaguascalientes.online\/index.php?rest_route=\/wp\/v2\/posts\/48515","targetHints":{"allow":["GET"]}}],"collection":[{"href":"https:\/\/informativoelvalledeaguascalientes.online\/index.php?rest_route=\/wp\/v2\/posts"}],"about":[{"href":"https:\/\/informativoelvalledeaguascalientes.online\/index.php?rest_route=\/wp\/v2\/types\/post"}],"author":[{"embeddable":true,"href":"https:\/\/informativoelvalledeaguascalientes.online\/index.php?rest_route=\/wp\/v2\/users\/1"}],"replies":[{"embeddable":true,"href":"https:\/\/informativoelvalledeaguascalientes.online\/index.php?rest_route=%2Fwp%2Fv2%2Fcomments&post=48515"}],"version-history":[{"count":1,"href":"https:\/\/informativoelvalledeaguascalientes.online\/index.php?rest_route=\/wp\/v2\/posts\/48515\/revisions"}],"predecessor-version":[{"id":48517,"href":"https:\/\/informativoelvalledeaguascalientes.online\/index.php?rest_route=\/wp\/v2\/posts\/48515\/revisions\/48517"}],"wp:featuredmedia":[{"embeddable":true,"href":"https:\/\/informativoelvalledeaguascalientes.online\/index.php?rest_route=\/wp\/v2\/media\/48516"}],"wp:attachment":[{"href":"https:\/\/informativoelvalledeaguascalientes.online\/index.php?rest_route=%2Fwp%2Fv2%2Fmedia&parent=48515"}],"wp:term":[{"taxonomy":"category","embeddable":true,"href":"https:\/\/informativoelvalledeaguascalientes.online\/index.php?rest_route=%2Fwp%2Fv2%2Fcategories&post=48515"},{"taxonomy":"post_tag","embeddable":true,"href":"https:\/\/informativoelvalledeaguascalientes.online\/index.php?rest_route=%2Fwp%2Fv2%2Ftags&post=48515"}],"curies":[{"name":"wp","href":"https:\/\/api.w.org\/{rel}","templated":true}]}}