{"id":48509,"date":"2023-08-28T20:26:33","date_gmt":"2023-08-29T02:26:33","guid":{"rendered":"https:\/\/informativoelvalledeaguascalientes.online\/?p=48509"},"modified":"2023-08-28T20:26:33","modified_gmt":"2023-08-29T02:26:33","slug":"se-dan-platicas-de-orientacion-a-familiares-de-beneficiarios-del-programa-reintegra-sspe-ags","status":"publish","type":"post","link":"https:\/\/informativoelvalledeaguascalientes.online\/?p=48509","title":{"rendered":"Se dan pl\u00e1ticas de orientaci\u00f3n a familiares de beneficiarios del programa Reintegra: SSPE Ags."},"content":{"rendered":"<p><strong><a href=\"https:\/\/www.facebook.com\/hashtag\/informativoelvalledeaguascalientes\">#informativoelvalledeaguascalientes<\/a><\/strong><\/p>\n<p><strong><a href=\"https:\/\/www.facebook.com\/hashtag\/novaradioaguascalientes\">#novaradioaguascalientes<\/a><\/strong><\/p>\n<p><strong><a href=\"https:\/\/www.facebook.com\/GobiernodeAguascalientes\">#ElGiganteDeMexico<\/a><\/strong><\/p>\n<p>&nbsp;<\/p>\n<p>Como parte de las acciones integrales que forman parte del programa Reintegra, que encabeza la Secretar\u00eda de Seguridad P\u00fablica del Estado, familiares de las personas beneficiadas en los municipios de San Francisco de los Romo y Calvillo, participaron en talleres impartidos por personal de la Secretar\u00eda de la Familia.<\/p>\n<p>Fueron elementos del Centro Estatal de Prevenci\u00f3n, quienes citaron a las familias en las instalaciones del DIF Municipales de San Francisco de los Romo, donde se iniciaron estas actividades encaminadas a fortalecer los lazos familiares, construyendo un n\u00facleo m\u00e1s s\u00f3lido, al momento del egreso de los pacientes en rehabilitaci\u00f3n, lo que impedir\u00e1 que pudiera tener una reca\u00edda.<\/p>\n<p>Mientras que en el municipio de Calvillo, el taller se realiz\u00f3 en las instalaciones de la Secretaria de Seguridad P\u00fablica y Vialidad del Municipio, donde se imparti\u00f3 el taller Factores de Riesgo y Protecci\u00f3n, con el objetivo de que los padres tengan cuidado al enfrentar los desaf\u00edos de la crianza de sus hijos, adem\u00e1s de brindarles herramientas encaminadas para superar crisis emocionales y acciones que puedan realizar para superar los desaf\u00edos, as\u00ed como fortalecer sus lazos familiares.<\/p>\n","protected":false},"excerpt":{"rendered":"<p>#informativoelvalledeaguascalientes #novaradioaguascalientes #ElGiganteDeMexico &nbsp; Como parte de las acciones integrales que forman parte del programa Reintegra, que encabeza la Secretar\u00eda de Seguridad P\u00fablica del Estado, familiares de las personas beneficiadas en los municipios de San Francisco de los Romo y Calvillo, participaron en talleres impartidos por personal de la Secretar\u00eda de la Familia. Fueron elementos [&hellip;]<\/p>\n","protected":false},"author":1,"featured_media":48510,"comment_status":"closed","ping_status":"open","sticky":false,"template":"","format":"standard","meta":{"advanced_seo_description":"","jetpack_seo_html_title":"","jetpack_seo_noindex":false,"_jetpack_memberships_contains_paid_content":false,"footnotes":"","jetpack_publicize_message":"","jetpack_publicize_feature_enabled":true,"jetpack_social_post_already_shared":true,"jetpack_social_options":{"image_generator_settings":{"template":"highway","default_image_id":0,"font":"","enabled":false},"version":2}},"categories":[21,4],"tags":[22,615,122],"class_list":["post-48509","post","type-post","status-publish","format-standard","has-post-thumbnail","hentry","category-aguascalientes","category-gobierno-del-estado-aguascalientes","tag-aguascalientes","tag-gobierno-del-estado-de-aguascalientes","tag-sspe-aguascalientes"],"jetpack_publicize_connections":[],"jetpack_featured_media_url":"https:\/\/i0.wp.com\/informativoelvalledeaguascalientes.online\/wp-content\/uploads\/2023\/08\/sspe-ags-reintegra.jpg?fit=1024%2C768&ssl=1","jetpack-related-posts":[],"jetpack_sharing_enabled":true,"jetpack_likes_enabled":true,"_links":{"self":[{"href":"https:\/\/informativoelvalledeaguascalientes.online\/index.php?rest_route=\/wp\/v2\/posts\/48509","targetHints":{"allow":["GET"]}}],"collection":[{"href":"https:\/\/informativoelvalledeaguascalientes.online\/index.php?rest_route=\/wp\/v2\/posts"}],"about":[{"href":"https:\/\/informativoelvalledeaguascalientes.online\/index.php?rest_route=\/wp\/v2\/types\/post"}],"author":[{"embeddable":true,"href":"https:\/\/informativoelvalledeaguascalientes.online\/index.php?rest_route=\/wp\/v2\/users\/1"}],"replies":[{"embeddable":true,"href":"https:\/\/informativoelvalledeaguascalientes.online\/index.php?rest_route=%2Fwp%2Fv2%2Fcomments&post=48509"}],"version-history":[{"count":1,"href":"https:\/\/informativoelvalledeaguascalientes.online\/index.php?rest_route=\/wp\/v2\/posts\/48509\/revisions"}],"predecessor-version":[{"id":48511,"href":"https:\/\/informativoelvalledeaguascalientes.online\/index.php?rest_route=\/wp\/v2\/posts\/48509\/revisions\/48511"}],"wp:featuredmedia":[{"embeddable":true,"href":"https:\/\/informativoelvalledeaguascalientes.online\/index.php?rest_route=\/wp\/v2\/media\/48510"}],"wp:attachment":[{"href":"https:\/\/informativoelvalledeaguascalientes.online\/index.php?rest_route=%2Fwp%2Fv2%2Fmedia&parent=48509"}],"wp:term":[{"taxonomy":"category","embeddable":true,"href":"https:\/\/informativoelvalledeaguascalientes.online\/index.php?rest_route=%2Fwp%2Fv2%2Fcategories&post=48509"},{"taxonomy":"post_tag","embeddable":true,"href":"https:\/\/informativoelvalledeaguascalientes.online\/index.php?rest_route=%2Fwp%2Fv2%2Ftags&post=48509"}],"curies":[{"name":"wp","href":"https:\/\/api.w.org\/{rel}","templated":true}]}}