{"id":48496,"date":"2023-08-28T20:02:25","date_gmt":"2023-08-29T02:02:25","guid":{"rendered":"https:\/\/informativoelvalledeaguascalientes.online\/?p=48496"},"modified":"2023-08-28T20:02:25","modified_gmt":"2023-08-29T02:02:25","slug":"reconoce-xochitl-galvez-unidad-en-el-frente-amplio-por-mexico","status":"publish","type":"post","link":"https:\/\/informativoelvalledeaguascalientes.online\/?p=48496","title":{"rendered":"Reconoce X\u00f3chitl G\u00e1lvez unidad en el Frente Amplio por M\u00e9xico"},"content":{"rendered":"<p><strong><a href=\"https:\/\/www.facebook.com\/hashtag\/informativoelvalledeaguascalientes\">#informativoelvalledeaguascalientes<\/a><\/strong><\/p>\n<p><strong><a href=\"https:\/\/www.facebook.com\/hashtag\/novaradioaguascalientes\">#novaradioaguascalientes<\/a><\/strong><\/p>\n<p>&nbsp;<\/p>\n<p>&nbsp;<\/p>\n<ul>\n<li>Con el PRD comparte el tema de justicia social, con el PAN el bien com\u00fan y con el PRI la creaci\u00f3n de instituciones.<\/li>\n<\/ul>\n<p>&nbsp;<\/p>\n<p>&nbsp;<\/p>\n<p>A una semana que se elija a la responsable de la construcci\u00f3n del Frente Amplio por M\u00e9xico, X\u00f3chitl G\u00e1lvez Ruiz reconoci\u00f3 la unidad que se vive entre el Partido Acci\u00f3n Nacional (PAN), el Partido Revolucionario Institucional (PRI), el Partido de la Revoluci\u00f3n Democr\u00e1tica (PRD) y la sociedad civil.<\/p>\n<p>&nbsp;<\/p>\n<p>&nbsp;<\/p>\n<p>De gira por Aguascalientes, la senadora asegur\u00f3 que el Frente, impulsado por ciudadanos, sentar\u00e1 un precedente en la vida democr\u00e1tica del pa\u00eds y los foros fueron un ejercicio que impulsaron el debate p\u00fablico en temas pol\u00e9micos como la inseguridad, el medio ambiente, la econom\u00eda y el respeto a los derechos humanos.<\/p>\n<p>&nbsp;<\/p>\n<p>&nbsp;<\/p>\n<p>\u201cEl ser una mujer que viene de la sociedad civil y que est\u00e1 en la bancada del PAN, pero no tengo una militancia espec\u00edfica con ning\u00fan partido, me hace ser una mujer bastante abierta a posturas diferentes.<\/p>\n<p>&nbsp;<\/p>\n<p>&nbsp;<\/p>\n<p>\u201cCreo en el tema de justicia social, que es una bandera que el PRD siempre ha encabezado. Con el PAN, el tema del bien com\u00fan (\u2026) creo que es clar\u00edsimo el tema de pol\u00edticas p\u00fablicas. Con el PRI, de una manera, comparto el crear instituciones\u201d, expuso en conferencia de prensa.<\/p>\n<p>&nbsp;<\/p>\n<p>&nbsp;<\/p>\n<p>Agreg\u00f3 que es una mujer valiente, con posturas claras, con una visi\u00f3n de futuro y soluciones pr\u00e1cticas que se requieren en el M\u00e9xico del Siglo XXI.<\/p>\n<p>&nbsp;<\/p>\n<p>Respecto a la inseguridad que vive el pa\u00eds, la legisladora reiter\u00f3 que se requiere de tres cosas: primero, inteligencia. Formar un equipo de expertos, especialistas nacionales e internacionales que comprendan el fen\u00f3meno. Segundo, de coraz\u00f3n pues hay que ponerse en el lugar de las v\u00edctimas. Tercero, de firmeza.<\/p>\n<p>&nbsp;<\/p>\n<p>&nbsp;<\/p>\n<p>En cuesti\u00f3n de econ\u00f3mica, coment\u00f3 que Aguascalientes es un estado que tiene capital humano, est\u00e1 bien localizado, pero que tiene que invertir en proyectos de energ\u00eda limpia y seguridad para que m\u00e1s empresas extranjeras lleguen a localizarse en la zona.<\/p>\n<p>&nbsp;<\/p>\n<p>&nbsp;<\/p>\n<p>G\u00e1lvez Ruiz se reuni\u00f3 en esta ciudad con mujeres, j\u00f3venes, empresarios y sociedad civil, quienes le expresaron su cari\u00f1o con pancartas y porras.<\/p>\n","protected":false},"excerpt":{"rendered":"<p>#informativoelvalledeaguascalientes #novaradioaguascalientes &nbsp; &nbsp; Con el PRD comparte el tema de justicia social, con el PAN el bien com\u00fan y con el PRI la creaci\u00f3n de instituciones. &nbsp; &nbsp; A una semana que se elija a la responsable de la construcci\u00f3n del Frente Amplio por M\u00e9xico, X\u00f3chitl G\u00e1lvez Ruiz reconoci\u00f3 la unidad que se vive [&hellip;]<\/p>\n","protected":false},"author":1,"featured_media":48497,"comment_status":"closed","ping_status":"open","sticky":false,"template":"","format":"standard","meta":{"advanced_seo_description":"","jetpack_seo_html_title":"","jetpack_seo_noindex":false,"_jetpack_memberships_contains_paid_content":false,"footnotes":"","jetpack_publicize_message":"","jetpack_publicize_feature_enabled":true,"jetpack_social_post_already_shared":true,"jetpack_social_options":{"image_generator_settings":{"template":"highway","default_image_id":0,"font":"","enabled":false},"version":2}},"categories":[21,19,7],"tags":[22,232,23,43],"class_list":["post-48496","post","type-post","status-publish","format-standard","has-post-thumbnail","hentry","category-aguascalientes","category-informacion-general","category-pan-aguascalientes","tag-aguascalientes","tag-informacion-general","tag-pan-aguascalientes","tag-pan-aguascalientes-cde"],"jetpack_publicize_connections":[],"jetpack_featured_media_url":"https:\/\/i0.wp.com\/informativoelvalledeaguascalientes.online\/wp-content\/uploads\/2023\/08\/xochitl-galvez-ags.jpg?fit=1600%2C1066&ssl=1","jetpack-related-posts":[],"jetpack_sharing_enabled":true,"jetpack_likes_enabled":true,"_links":{"self":[{"href":"https:\/\/informativoelvalledeaguascalientes.online\/index.php?rest_route=\/wp\/v2\/posts\/48496","targetHints":{"allow":["GET"]}}],"collection":[{"href":"https:\/\/informativoelvalledeaguascalientes.online\/index.php?rest_route=\/wp\/v2\/posts"}],"about":[{"href":"https:\/\/informativoelvalledeaguascalientes.online\/index.php?rest_route=\/wp\/v2\/types\/post"}],"author":[{"embeddable":true,"href":"https:\/\/informativoelvalledeaguascalientes.online\/index.php?rest_route=\/wp\/v2\/users\/1"}],"replies":[{"embeddable":true,"href":"https:\/\/informativoelvalledeaguascalientes.online\/index.php?rest_route=%2Fwp%2Fv2%2Fcomments&post=48496"}],"version-history":[{"count":1,"href":"https:\/\/informativoelvalledeaguascalientes.online\/index.php?rest_route=\/wp\/v2\/posts\/48496\/revisions"}],"predecessor-version":[{"id":48498,"href":"https:\/\/informativoelvalledeaguascalientes.online\/index.php?rest_route=\/wp\/v2\/posts\/48496\/revisions\/48498"}],"wp:featuredmedia":[{"embeddable":true,"href":"https:\/\/informativoelvalledeaguascalientes.online\/index.php?rest_route=\/wp\/v2\/media\/48497"}],"wp:attachment":[{"href":"https:\/\/informativoelvalledeaguascalientes.online\/index.php?rest_route=%2Fwp%2Fv2%2Fmedia&parent=48496"}],"wp:term":[{"taxonomy":"category","embeddable":true,"href":"https:\/\/informativoelvalledeaguascalientes.online\/index.php?rest_route=%2Fwp%2Fv2%2Fcategories&post=48496"},{"taxonomy":"post_tag","embeddable":true,"href":"https:\/\/informativoelvalledeaguascalientes.online\/index.php?rest_route=%2Fwp%2Fv2%2Ftags&post=48496"}],"curies":[{"name":"wp","href":"https:\/\/api.w.org\/{rel}","templated":true}]}}