{"id":48482,"date":"2023-08-26T22:29:47","date_gmt":"2023-08-27T04:29:47","guid":{"rendered":"https:\/\/informativoelvalledeaguascalientes.online\/?p=48482"},"modified":"2023-08-26T22:29:47","modified_gmt":"2023-08-27T04:29:47","slug":"se-presento-la-rondalla-voces-y-guitarras-del-ayer-del-dif-municipal","status":"publish","type":"post","link":"https:\/\/informativoelvalledeaguascalientes.online\/?p=48482","title":{"rendered":"SE PRESENT\u00d3 LA RONDALLA \u201cVOCES Y GUITARRAS DEL AYER\u201d DEL DIF MUNICIPAL"},"content":{"rendered":"<p><strong><a href=\"https:\/\/www.facebook.com\/hashtag\/informativoelvalledeaguascalientes\">#informativoelvalledeaguascalientes<\/a><\/strong><\/p>\n<p><strong><a href=\"https:\/\/www.facebook.com\/hashtag\/novaradioaguascalientes\">#novaradioaguascalientes<\/a><\/strong><\/p>\n<p><strong><a class=\"x1i10hfl xjbqb8w x6umtig x1b1mbwd xaqea5y xav7gou x9f619 x1ypdohk xt0psk2 xe8uvvx xdj266r x11i5rnm xat24cr x1mh8g0r xexx8yu x4uap5 x18d9i69 xkhd6sd x16tdsg8 x1hl2dhg xggy1nq x1a2a7pz xt0b8zv x1qq9wsj xo1l8bm\" tabindex=\"0\" role=\"link\" href=\"https:\/\/www.facebook.com\/hashtag\/laciudaddetuvida?__eep__=6&amp;__cft__[0]=AZVUzG-uzEgkHBxlWi4clX4-qXx_nfGicugdShvx3oYxvDeUIl1My5bfFXiXTmVU7O9FCNwHdVuQiVqIjO99-u7dxeUq1S3CqcB1PNpBXLQtm-Q1JLiRFFX8c4SEMe3VqRRgSs9kS8-Ajp6HnW6ebLd3GeB3j-SCsEGrTUVXz1WdbDeQs8bs0Dry33nLaV6fVU4&amp;__tn__=*NK-R\">#LaCiudadDeTuVida<\/a><\/strong><\/p>\n<ul>\n<li><strong><em>M\u00e1s de 100 abuelitas y abuelitos deleitaron a los presentes con hermosas melod\u00edas<\/em><\/strong><\/li>\n<\/ul>\n<p>Como parte de los festejos del D\u00eda del Abuelo y la Abuela, se present\u00f3 la rondalla \u201cVoces y Guitarras del Ayer\u201d del DIF Municipal en el segundo patio de Palacio Municipal, as\u00ed lo inform\u00f3\u00a0<strong>Patricia Lucio Ochoa<\/strong>, directora administrativa y encargada de despacho de la Direcci\u00f3n General del DIF Municipal.<\/p>\n<p><strong>Lucio Ochoa<\/strong>\u00a0inform\u00f3 que la rondalla \u201cVoces y Guitarras del Ayer\u201d est\u00e1 conformada por m\u00e1s de 100 abuelitas y abuelitos de los dos Centros de Integraci\u00f3n de Adulto Mayor y de diferentes clubes de adultos mayores del DIF Municipal. Resalt\u00f3 que la mayor\u00eda empezaron desde cero, pero gracias a la constancia deleitaron a los presentes con canciones como \u201cPayasito\u201d, \u201cO sole m\u00edo\u201d \u201cPerfume de gardenias\u201d, \u201cDe colores\u201d, \u201cElla\u201d y \u201cNo tengo dinero\u201d entre otras.<\/p>\n<p>Por su parte, el profesor\u00a0<strong>Jos\u00e9 Francisco Serv\u00edn<\/strong>, director de la rondalla, se\u00f1al\u00f3 que \u201cVoces y Guitarras del Ayer\u201d comenz\u00f3 como un sue\u00f1o que hoy es una realidad, agreg\u00f3 que este nuevo concepto tiene como objetivo el desarrollo art\u00edstico de las y los abuelitos que asisten a cursos de guitarra y coros.<\/p>\n<p>Finalmente,\u00a0<strong>Lucio Ochoa<\/strong>, invit\u00f3 a que m\u00e1s adultos mayores se acerquen a los centros donde se ofrecen de manera gratuita talleres y servicios para la poblaci\u00f3n mayor de 60 a\u00f1os.<\/p>\n<p>Agreg\u00f3 que para recibir m\u00e1s informaci\u00f3n pueden asistir al Centro de Atenci\u00f3n Integral del Adulto Mayor Prof. Enrique Olivares Santana, que se encuentra en la calle Miguel Ruelas No. 810, col. Enrique Olivares Santana, o llamar al n\u00famero de tel\u00e9fono: 449 914 02 88 y a la Estancia de D\u00eda del Adulto Mayor INDECO, que se ubica en la calle A s\/n esquina con calle K, en la Unidad Habitacional Benito Ju\u00e1rez, Colonia INDECO, tel\u00e9fonos: 449 975 37 28 y 449 996 87 97.<\/p>\n","protected":false},"excerpt":{"rendered":"<p>#informativoelvalledeaguascalientes #novaradioaguascalientes #LaCiudadDeTuVida M\u00e1s de 100 abuelitas y abuelitos deleitaron a los presentes con hermosas melod\u00edas Como parte de los festejos del D\u00eda del Abuelo y la Abuela, se present\u00f3 la rondalla \u201cVoces y Guitarras del Ayer\u201d del DIF Municipal en el segundo patio de Palacio Municipal, as\u00ed lo inform\u00f3\u00a0Patricia Lucio Ochoa, directora administrativa y [&hellip;]<\/p>\n","protected":false},"author":1,"featured_media":48483,"comment_status":"closed","ping_status":"open","sticky":false,"template":"","format":"standard","meta":{"advanced_seo_description":"","jetpack_seo_html_title":"","jetpack_seo_noindex":false,"_jetpack_memberships_contains_paid_content":false,"footnotes":"","jetpack_publicize_message":"","jetpack_publicize_feature_enabled":true,"jetpack_social_post_already_shared":true,"jetpack_social_options":{"image_generator_settings":{"template":"highway","default_image_id":0,"font":"","enabled":false},"version":2}},"categories":[21,3],"tags":[22,25,72],"class_list":["post-48482","post","type-post","status-publish","format-standard","has-post-thumbnail","hentry","category-aguascalientes","category-municipio-aguascalientes","tag-aguascalientes","tag-mpio-aguascalientes","tag-mpio-aguascalientes-dif"],"jetpack_publicize_connections":[],"jetpack_featured_media_url":"https:\/\/i0.wp.com\/informativoelvalledeaguascalientes.online\/wp-content\/uploads\/2023\/08\/DSC_4882-scaled-1.jpg?fit=2560%2C1703&ssl=1","jetpack-related-posts":[],"jetpack_sharing_enabled":true,"jetpack_likes_enabled":true,"_links":{"self":[{"href":"https:\/\/informativoelvalledeaguascalientes.online\/index.php?rest_route=\/wp\/v2\/posts\/48482","targetHints":{"allow":["GET"]}}],"collection":[{"href":"https:\/\/informativoelvalledeaguascalientes.online\/index.php?rest_route=\/wp\/v2\/posts"}],"about":[{"href":"https:\/\/informativoelvalledeaguascalientes.online\/index.php?rest_route=\/wp\/v2\/types\/post"}],"author":[{"embeddable":true,"href":"https:\/\/informativoelvalledeaguascalientes.online\/index.php?rest_route=\/wp\/v2\/users\/1"}],"replies":[{"embeddable":true,"href":"https:\/\/informativoelvalledeaguascalientes.online\/index.php?rest_route=%2Fwp%2Fv2%2Fcomments&post=48482"}],"version-history":[{"count":1,"href":"https:\/\/informativoelvalledeaguascalientes.online\/index.php?rest_route=\/wp\/v2\/posts\/48482\/revisions"}],"predecessor-version":[{"id":48484,"href":"https:\/\/informativoelvalledeaguascalientes.online\/index.php?rest_route=\/wp\/v2\/posts\/48482\/revisions\/48484"}],"wp:featuredmedia":[{"embeddable":true,"href":"https:\/\/informativoelvalledeaguascalientes.online\/index.php?rest_route=\/wp\/v2\/media\/48483"}],"wp:attachment":[{"href":"https:\/\/informativoelvalledeaguascalientes.online\/index.php?rest_route=%2Fwp%2Fv2%2Fmedia&parent=48482"}],"wp:term":[{"taxonomy":"category","embeddable":true,"href":"https:\/\/informativoelvalledeaguascalientes.online\/index.php?rest_route=%2Fwp%2Fv2%2Fcategories&post=48482"},{"taxonomy":"post_tag","embeddable":true,"href":"https:\/\/informativoelvalledeaguascalientes.online\/index.php?rest_route=%2Fwp%2Fv2%2Ftags&post=48482"}],"curies":[{"name":"wp","href":"https:\/\/api.w.org\/{rel}","templated":true}]}}