{"id":48449,"date":"2023-08-25T20:31:43","date_gmt":"2023-08-26T02:31:43","guid":{"rendered":"https:\/\/informativoelvalledeaguascalientes.online\/?p=48449"},"modified":"2023-08-26T20:34:19","modified_gmt":"2023-08-27T02:34:19","slug":"tere-jimenez-llega-a-calvillo-a-entregar-apoyos-escolares","status":"publish","type":"post","link":"https:\/\/informativoelvalledeaguascalientes.online\/?p=48449","title":{"rendered":"TERE JIM\u00c9NEZ LLEGA A CALVILLO A ENTREGAR APOYOS ESCOLARES"},"content":{"rendered":"<div id=\"bgLayers_comp-l7sh9ubr2\" class=\"MW5IWV\" data-hook=\"bgLayers\">\n<div id=\"bgMedia_comp-l7sh9ubr2\" class=\"VgO9Yg\">\n<p><strong><a href=\"https:\/\/www.facebook.com\/hashtag\/informativoelvalledeaguascalientes\">#informativoelvalledeaguascalientes<\/a><\/strong><\/p>\n<p><strong><a href=\"https:\/\/www.facebook.com\/hashtag\/novaradioaguascalientes\">#novaradioaguascalientes<\/a><\/strong><\/p>\n<p><strong><a href=\"https:\/\/www.facebook.com\/GobiernodeAguascalientes\">#ElGiganteDeMexico<\/a><\/strong><\/p>\n<\/div>\n<\/div>\n<div class=\"\" data-mesh-id=\"comp-l7sh9ubr2inlineContent\" data-testid=\"inline-content\">\n<div data-mesh-id=\"comp-l7sh9ubr2inlineContent-gridContainer\" data-testid=\"mesh-container-content\">\n<div id=\"comp-l7sh9ubx\" class=\"TWFxr5\">\n<div class=\"comp-l7sh9ubx\">\n<div class=\"siSdJK4 comp-l7sh9ubx\" data-hook=\"ricosviewer-wrapper\">\n<div class=\"U4I07\" dir=\"ltr\" data-id=\"content-viewer\">\n<div class=\"hl-xW\">\n<div>\n<p id=\"viewer-foo\" class=\"-Zro6 -ZADH vVfzz AnCKd _57WYp\"><span class=\"d0767 vVfzz\">Como parte de la gira que realiza por el estado para dotar de \u00fatiles, zapatos, tenis y mochilas a todos los alumnos de educaci\u00f3n b\u00e1sica, hoy la gobernadora entreg\u00f3 estos apoyos escolares a estudiantes del municipio de Calvillo.\u00a0<\/span><\/p>\n<div id=\"viewer-demxm150\" class=\"-Zro6 -ZADH vVfzz _57WYp\"><span class=\"d0767 vVfzz\">\u00a0<\/span><\/div>\n<p id=\"viewer-kxi43151\" class=\"-Zro6 -ZADH vVfzz AnCKd _57WYp\"><span class=\"d0767 vVfzz\">\u201cLe vamos a seguir apostando a la educaci\u00f3n porque as\u00ed lograr\u00e1n ser profesionistas exitosos. A sus padres les digo que vale la pena apoyarlos en sus sue\u00f1os y metas;\u00a0 nosotros nos encargaremos de que tengan una educaci\u00f3n de calidad para que conquisten el mundo\u201d, les dijo la gobernadora.<\/span><\/p>\n<div id=\"viewer-sfqwu153\" class=\"-Zro6 -ZADH vVfzz _57WYp\"><span class=\"d0767 vVfzz\">\u00a0<\/span><\/div>\n<p id=\"viewer-ozhse154\" class=\"-Zro6 -ZADH vVfzz AnCKd _57WYp\"><span class=\"d0767 vVfzz\">Tere Jim\u00e9nez record\u00f3 que su administraci\u00f3n trabaja para que las ni\u00f1as, ni\u00f1os y j\u00f3venes cuenten con todo lo necesario para seguir estudiando, por lo que pidi\u00f3 a las madres y padres de familia que aprovechen los diferentes programas y apoyos educativos, como becas, alimentos calientes, uniformes gratuitos y m\u00e1s beneficios para que tengan un mejor aprovechamiento escolar.<\/span><\/p>\n<div id=\"viewer-ghltt156\" class=\"-Zro6 -ZADH vVfzz _57WYp\"><span class=\"d0767 vVfzz\">\u00a0<\/span><\/div>\n<p id=\"viewer-zhj26157\" class=\"-Zro6 -ZADH vVfzz AnCKd _57WYp\"><span class=\"d0767 vVfzz\">En su intervenci\u00f3n, Daniel Romo Urrutia, presidente municipal de Calvillo, agradeci\u00f3 a la gobernadora por llevar los apoyos a los municipios y nunca olvidar a los habitantes de todos los rincones del estado.<\/span><\/p>\n<div id=\"viewer-ol2rf159\" class=\"-Zro6 -ZADH vVfzz _57WYp\"><span class=\"d0767 vVfzz\">\u00a0<\/span><\/div>\n<p id=\"viewer-exksz160\" class=\"-Zro6 -ZADH vVfzz AnCKd _57WYp\"><span class=\"d0767 vVfzz\">\u201cLe agradezco a la gobernadora porque en lo que va de su gesti\u00f3n ha apoyado a las familias de Calvillo en todos los rubros, y gracias a su disposici\u00f3n hemos logrado rehabilitar 20 escuelas y entregar becas de movilidad para muchos j\u00f3venes de Calvillo porque la gobernadora quiere que se sigan preparando y que sean los mejores\u201d, mencion\u00f3 el alcalde.<\/span><\/p>\n<div id=\"viewer-8yvpq162\" class=\"-Zro6 -ZADH vVfzz _57WYp\"><span class=\"d0767 vVfzz\">\u00a0<\/span><\/div>\n<p id=\"viewer-hxhrx163\" class=\"-Zro6 -ZADH vVfzz AnCKd _57WYp\"><span class=\"d0767 vVfzz\">En la entrega de \u00fatiles tambi\u00e9n estuvieron presentes Roberto Valenzuela Corral, diputado federal y Ad\u00e1n Valdivia L\u00f3pez, diputado local.<\/span><\/p>\n<\/div>\n<\/div>\n<\/div>\n<\/div>\n<\/div>\n<\/div>\n<\/div>\n<\/div>\n","protected":false},"excerpt":{"rendered":"<p>#informativoelvalledeaguascalientes #novaradioaguascalientes #ElGiganteDeMexico Como parte de la gira que realiza por el estado para dotar de \u00fatiles, zapatos, tenis y mochilas a todos los alumnos de educaci\u00f3n b\u00e1sica, hoy la gobernadora entreg\u00f3 estos apoyos escolares a estudiantes del municipio de Calvillo.\u00a0 \u00a0 \u201cLe vamos a seguir apostando a la educaci\u00f3n porque as\u00ed lograr\u00e1n ser profesionistas [&hellip;]<\/p>\n","protected":false},"author":1,"featured_media":48450,"comment_status":"closed","ping_status":"open","sticky":false,"template":"","format":"standard","meta":{"advanced_seo_description":"","jetpack_seo_html_title":"","jetpack_seo_noindex":false,"_jetpack_memberships_contains_paid_content":false,"footnotes":"","jetpack_publicize_message":"","jetpack_publicize_feature_enabled":true,"jetpack_social_post_already_shared":true,"jetpack_social_options":{"image_generator_settings":{"template":"highway","default_image_id":0,"font":"","enabled":false},"version":2}},"categories":[21,4],"tags":[22,88,29,615,320],"class_list":["post-48449","post","type-post","status-publish","format-standard","has-post-thumbnail","hentry","category-aguascalientes","category-gobierno-del-estado-aguascalientes","tag-aguascalientes","tag-calvillo","tag-calvillo-aguascalientes","tag-gobierno-del-estado-de-aguascalientes","tag-tere-jimenez"],"jetpack_publicize_connections":[],"jetpack_featured_media_url":"https:\/\/i0.wp.com\/informativoelvalledeaguascalientes.online\/wp-content\/uploads\/2023\/08\/20230825183112_IMG_9904-1.jpg?fit=2225%2C1483&ssl=1","jetpack-related-posts":[],"jetpack_sharing_enabled":true,"jetpack_likes_enabled":true,"_links":{"self":[{"href":"https:\/\/informativoelvalledeaguascalientes.online\/index.php?rest_route=\/wp\/v2\/posts\/48449","targetHints":{"allow":["GET"]}}],"collection":[{"href":"https:\/\/informativoelvalledeaguascalientes.online\/index.php?rest_route=\/wp\/v2\/posts"}],"about":[{"href":"https:\/\/informativoelvalledeaguascalientes.online\/index.php?rest_route=\/wp\/v2\/types\/post"}],"author":[{"embeddable":true,"href":"https:\/\/informativoelvalledeaguascalientes.online\/index.php?rest_route=\/wp\/v2\/users\/1"}],"replies":[{"embeddable":true,"href":"https:\/\/informativoelvalledeaguascalientes.online\/index.php?rest_route=%2Fwp%2Fv2%2Fcomments&post=48449"}],"version-history":[{"count":1,"href":"https:\/\/informativoelvalledeaguascalientes.online\/index.php?rest_route=\/wp\/v2\/posts\/48449\/revisions"}],"predecessor-version":[{"id":48451,"href":"https:\/\/informativoelvalledeaguascalientes.online\/index.php?rest_route=\/wp\/v2\/posts\/48449\/revisions\/48451"}],"wp:featuredmedia":[{"embeddable":true,"href":"https:\/\/informativoelvalledeaguascalientes.online\/index.php?rest_route=\/wp\/v2\/media\/48450"}],"wp:attachment":[{"href":"https:\/\/informativoelvalledeaguascalientes.online\/index.php?rest_route=%2Fwp%2Fv2%2Fmedia&parent=48449"}],"wp:term":[{"taxonomy":"category","embeddable":true,"href":"https:\/\/informativoelvalledeaguascalientes.online\/index.php?rest_route=%2Fwp%2Fv2%2Fcategories&post=48449"},{"taxonomy":"post_tag","embeddable":true,"href":"https:\/\/informativoelvalledeaguascalientes.online\/index.php?rest_route=%2Fwp%2Fv2%2Ftags&post=48449"}],"curies":[{"name":"wp","href":"https:\/\/api.w.org\/{rel}","templated":true}]}}